{"id":6116,"date":"2021-09-15T07:59:06","date_gmt":"2021-09-15T05:59:06","guid":{"rendered":"http:\/\/bergers-schlagerparadies.de\/?p=6116"},"modified":"2021-09-15T07:59:06","modified_gmt":"2021-09-15T05:59:06","slug":"wind-wo-traeume-leben-%c2%b7-bergers-schlagerparadies","status":"publish","type":"post","link":"https:\/\/bergers-schlagerparadies.de\/?p=6116","title":{"rendered":"Wind &#8211; Wo Tr\u00e4ume leben \u00b7 Berger\u00b4s Schlagerparadies"},"content":{"rendered":"<div class=\"o9v6fnle cxmmr5t8 oygrvhab hcukyx3x c1et5uql ii04i59q\">\n<div dir=\"auto\"><img loading=\"lazy\" decoding=\"async\" class=\"size-medium wp-image-6117 alignleft\" src=\"https:\/\/bergers-schlagerparadies.de\/wp-content\/uploads\/2021\/09\/Wind-Wo-Traeume-leben-300x300.jpg\" alt=\"\" width=\"300\" height=\"300\" srcset=\"https:\/\/bergers-schlagerparadies.de\/wp-content\/uploads\/2021\/09\/Wind-Wo-Traeume-leben-300x300.jpg 300w, https:\/\/bergers-schlagerparadies.de\/wp-content\/uploads\/2021\/09\/Wind-Wo-Traeume-leben-150x150.jpg 150w, https:\/\/bergers-schlagerparadies.de\/wp-content\/uploads\/2021\/09\/Wind-Wo-Traeume-leben-768x768.jpg 768w, https:\/\/bergers-schlagerparadies.de\/wp-content\/uploads\/2021\/09\/Wind-Wo-Traeume-leben-100x100.jpg 100w, https:\/\/bergers-schlagerparadies.de\/wp-content\/uploads\/2021\/09\/Wind-Wo-Traeume-leben.jpg 843w\" sizes=\"auto, (max-width: 300px) 100vw, 300px\" \/>\u00a0\u00b7 Wo Tr\u00e4ume leben \u00b7 hei\u00dft der neue Song der Schlagerformation WIND, die seit \u00fcber 35 Jahren Musik f\u00fcr Herz und Seele auf den deutschsprachigen, konservativen Musikmarkt bringt. Regelm\u00e4\u00dfig erreichen die Releases dabei gute Platzierungen in den Top 50 der Airplay-Charts, was dem Trio um Frontmann und Produzent Andreas Lebbing auch in j\u00fcngster Vergangenheit TV-Pr\u00e4senz in den beliebten Formaten \u00b7 \u00b7 Immer wieder Sonntags \u00b7 oder \u00b7 Schlager Spa\u00df mit Andy Borg \u00b7 bescherte.<\/div>\n<\/div>\n<div class=\"o9v6fnle cxmmr5t8 oygrvhab hcukyx3x c1et5uql ii04i59q\">\n<div dir=\"auto\">Die aktuelle Produktion klingt gewohnt harmonisch, leicht, lebensfroh und punktet mit dem WIND-typischen Satzgesang, der zweifelsfrei seit langem einen hohen Wiedererkennungswert hat.<\/div>\n<\/div>\n<div class=\"o9v6fnle cxmmr5t8 oygrvhab hcukyx3x c1et5uql ii04i59q\">\n<div dir=\"auto\">Best\u00e4ndigkeit und unb\u00e4ndige Freude an Musik zeichnet die Gruppe WIND aus. Erstmals erscheint jetzt ein WIND-Titel auf dem von Andreas Lebbing und Caro Fr\u00f6lian gegr\u00fcndeten Label \u201eWolkenschloss\u201c im digitalen Vertrieb von believe digital.<\/div>\n<\/div>\n<div class=\"o9v6fnle cxmmr5t8 oygrvhab hcukyx3x c1et5uql ii04i59q\">\n<div dir=\"auto\">Damit beginnt ein neues Kapitel in der <span class=\"nc684nl6\">Gruppe WIND<\/span>-Story, das zugleich auch ein neues Studioalbum ank\u00fcndigt. Denn \u2013 um es mit einem Text-Auszug aus dem neuesten Werk zu sagen: \u00b7 Wo Tr\u00e4ume leben, Herzen beben, passiert was Magisches in jedem Augenblick \u00b7 !<\/div>\n<\/div>\n<div dir=\"auto\"><strong>Dieser Song ist seit dem 10.09.2021 in allen bekannten Onlineshops erh\u00e4ltlich!<\/strong><\/div>\n<p><iframe style=\"width: 120px; height: 240px;\" src=\"\/\/ws-eu.amazon-adsystem.com\/widgets\/q?ServiceVersion=20070822&amp;OneJS=1&amp;Operation=GetAdHtml&amp;MarketPlace=DE&amp;source=ss&amp;ref=as_ss_li_til&amp;ad_type=product_link&amp;tracking_id=bergers-21&amp;language=de_DE&amp;marketplace=amazon&amp;region=DE&amp;placement=B09DDB7D43&amp;asins=B09DDB7D43&amp;linkId=f07d6d6b4ab66c0a32d4e0acbc65b4a7&amp;show_border=true&amp;link_opens_in_new_window=true\" frameborder=\"0\" marginwidth=\"0\" marginheight=\"0\" scrolling=\"no\"><\/iframe><\/p>\n","protected":false},"excerpt":{"rendered":"<p>\u00a0\u00b7 Wo Tr\u00e4ume leben \u00b7 hei\u00dft der neue Song der Schlagerformation WIND, die seit \u00fcber 35 Jahren Musik f\u00fcr Herz und Seele auf den deutschsprachigen, konservativen Musikmarkt bringt. Regelm\u00e4\u00dfig erreichen die Releases dabei gute Platzierungen in den Top 50 der Airplay-Charts, was dem Trio um Frontmann und Produzent Andreas Lebbing auch in j\u00fcngster Vergangenheit TV-Pr\u00e4senz in den beliebten Formaten \u00b7 \u00b7 Immer wieder Sonntags \u00b7 oder \u00b7 Schlager Spa\u00df mit Andy Borg \u00b7 bescherte. Die aktuelle Produktion klingt gewohnt harmonisch, leicht, lebensfroh und punktet mit dem WIND-typischen Satzgesang, der zweifelsfrei seit langem einen hohen Wiedererkennungswert hat. Best\u00e4ndigkeit und unb\u00e4ndige Freude an Musik zeichnet die Gruppe&#8230;<\/p>\n","protected":false},"author":1,"featured_media":6117,"comment_status":"open","ping_status":"open","sticky":false,"template":"","format":"standard","meta":{"footnotes":""},"categories":[2],"tags":[776],"class_list":["post-6116","post","type-post","status-publish","format-standard","has-post-thumbnail","hentry","category-schlager","tag-wind","wpcat-2-id"],"_links":{"self":[{"href":"https:\/\/bergers-schlagerparadies.de\/index.php?rest_route=\/wp\/v2\/posts\/6116","targetHints":{"allow":["GET"]}}],"collection":[{"href":"https:\/\/bergers-schlagerparadies.de\/index.php?rest_route=\/wp\/v2\/posts"}],"about":[{"href":"https:\/\/bergers-schlagerparadies.de\/index.php?rest_route=\/wp\/v2\/types\/post"}],"author":[{"embeddable":true,"href":"https:\/\/bergers-schlagerparadies.de\/index.php?rest_route=\/wp\/v2\/users\/1"}],"replies":[{"embeddable":true,"href":"https:\/\/bergers-schlagerparadies.de\/index.php?rest_route=%2Fwp%2Fv2%2Fcomments&post=6116"}],"version-history":[{"count":1,"href":"https:\/\/bergers-schlagerparadies.de\/index.php?rest_route=\/wp\/v2\/posts\/6116\/revisions"}],"predecessor-version":[{"id":6118,"href":"https:\/\/bergers-schlagerparadies.de\/index.php?rest_route=\/wp\/v2\/posts\/6116\/revisions\/6118"}],"wp:featuredmedia":[{"embeddable":true,"href":"https:\/\/bergers-schlagerparadies.de\/index.php?rest_route=\/wp\/v2\/media\/6117"}],"wp:attachment":[{"href":"https:\/\/bergers-schlagerparadies.de\/index.php?rest_route=%2Fwp%2Fv2%2Fmedia&parent=6116"}],"wp:term":[{"taxonomy":"category","embeddable":true,"href":"https:\/\/bergers-schlagerparadies.de\/index.php?rest_route=%2Fwp%2Fv2%2Fcategories&post=6116"},{"taxonomy":"post_tag","embeddable":true,"href":"https:\/\/bergers-schlagerparadies.de\/index.php?rest_route=%2Fwp%2Fv2%2Ftags&post=6116"}],"curies":[{"name":"wp","href":"https:\/\/api.w.org\/{rel}","templated":true}]}}