{"id":6072,"date":"2021-09-10T15:09:17","date_gmt":"2021-09-10T13:09:17","guid":{"rendered":"http:\/\/bergers-schlagerparadies.de\/?p=6072"},"modified":"2021-09-10T15:13:57","modified_gmt":"2021-09-10T13:13:57","slug":"annemarie-eilfeld-adieu-st-tropez-%c2%b7-bergers-schlagerparadies","status":"publish","type":"post","link":"https:\/\/bergers-schlagerparadies.de\/?p=6072","title":{"rendered":"Annemarie Eilfeld &#8211; Adieu St. Tropez \u00b7 Berger\u00b4s Schlagerparadies"},"content":{"rendered":"<h4><img loading=\"lazy\" decoding=\"async\" class=\"size-medium wp-image-6074 alignleft\" src=\"https:\/\/bergers-schlagerparadies.de\/wp-content\/uploads\/2021\/09\/Annemarie-Eilfeld-Adieu-St.-Tropez-300x300.jpg\" alt=\"\" width=\"300\" height=\"300\" srcset=\"https:\/\/bergers-schlagerparadies.de\/wp-content\/uploads\/2021\/09\/Annemarie-Eilfeld-Adieu-St.-Tropez-300x300.jpg 300w, https:\/\/bergers-schlagerparadies.de\/wp-content\/uploads\/2021\/09\/Annemarie-Eilfeld-Adieu-St.-Tropez-150x150.jpg 150w, https:\/\/bergers-schlagerparadies.de\/wp-content\/uploads\/2021\/09\/Annemarie-Eilfeld-Adieu-St.-Tropez-100x100.jpg 100w, https:\/\/bergers-schlagerparadies.de\/wp-content\/uploads\/2021\/09\/Annemarie-Eilfeld-Adieu-St.-Tropez.jpg 580w\" sizes=\"auto, (max-width: 300px) 100vw, 300px\" \/>Annemarie Eilfeld ver\u00f6ffentlicht die Single &#8218;Adieu St. Tropez&#8216;<\/h4>\n<div class=\"news-text-font\">Die sch\u00f6ne Sommerzeit neigt sich dem Ende zu und damit f\u00fcr die meisten auch die beliebte Urlaubszeit. Passend zu der momentanen Stimmung ver\u00f6ffentlicht Annemarie Eilfeld ihre neue Single \u201eAdieu St. Tropez\u201c. Die Tage werden wieder grauer und es wird immer fr\u00fcher dunkel. Da sehnen wir die lauen Sommerabende zur\u00fcck, an denen wir abends noch im Caf\u00e9 drau\u00dfen sitzen konnten. Oder denken vielleicht an den letzten Urlaub zur\u00fcck, am Strand mit den Lieblingsmenschen oder vielleicht auch an die eine Sommerliebe?<\/div>\n<div><\/div>\n<div><strong>Dieser Song ist ab dem 17.09.2021 in allen bekannten Onlineshops erh\u00e4ltlich!<\/strong><\/div>\n<p><iframe style=\"width: 120px; height: 240px;\" src=\"\/\/ws-eu.amazon-adsystem.com\/widgets\/q?ServiceVersion=20070822&amp;OneJS=1&amp;Operation=GetAdHtml&amp;MarketPlace=DE&amp;source=ss&amp;ref=as_ss_li_til&amp;ad_type=product_link&amp;tracking_id=bergers-21&amp;language=de_DE&amp;marketplace=amazon&amp;region=DE&amp;placement=B09F4LCG4D&amp;asins=B09F4LCG4D&amp;linkId=7af74ad653aacf585cfc49e863640a01&amp;show_border=true&amp;link_opens_in_new_window=true\" frameborder=\"0\" marginwidth=\"0\" marginheight=\"0\" scrolling=\"no\"><\/iframe><\/p>\n","protected":false},"excerpt":{"rendered":"<p>Annemarie Eilfeld ver\u00f6ffentlicht die Single &#8218;Adieu St. Tropez&#8216; Die sch\u00f6ne Sommerzeit neigt sich dem Ende zu und damit f\u00fcr die meisten auch die beliebte Urlaubszeit. Passend zu der momentanen Stimmung ver\u00f6ffentlicht Annemarie Eilfeld ihre neue Single \u201eAdieu St. Tropez\u201c. Die Tage werden wieder grauer und es wird immer fr\u00fcher dunkel. Da sehnen wir die lauen Sommerabende zur\u00fcck, an denen wir abends noch im Caf\u00e9 drau\u00dfen sitzen konnten. Oder denken vielleicht an den letzten Urlaub zur\u00fcck, am Strand mit den Lieblingsmenschen oder vielleicht auch an die eine Sommerliebe? Dieser Song ist ab dem 17.09.2021 in allen bekannten Onlineshops erh\u00e4ltlich!<\/p>\n","protected":false},"author":1,"featured_media":6074,"comment_status":"open","ping_status":"open","sticky":false,"template":"","format":"standard","meta":{"footnotes":""},"categories":[2],"tags":[771],"class_list":["post-6072","post","type-post","status-publish","format-standard","has-post-thumbnail","hentry","category-schlager","tag-annemarie-eilfeld","wpcat-2-id"],"_links":{"self":[{"href":"https:\/\/bergers-schlagerparadies.de\/index.php?rest_route=\/wp\/v2\/posts\/6072","targetHints":{"allow":["GET"]}}],"collection":[{"href":"https:\/\/bergers-schlagerparadies.de\/index.php?rest_route=\/wp\/v2\/posts"}],"about":[{"href":"https:\/\/bergers-schlagerparadies.de\/index.php?rest_route=\/wp\/v2\/types\/post"}],"author":[{"embeddable":true,"href":"https:\/\/bergers-schlagerparadies.de\/index.php?rest_route=\/wp\/v2\/users\/1"}],"replies":[{"embeddable":true,"href":"https:\/\/bergers-schlagerparadies.de\/index.php?rest_route=%2Fwp%2Fv2%2Fcomments&post=6072"}],"version-history":[{"count":1,"href":"https:\/\/bergers-schlagerparadies.de\/index.php?rest_route=\/wp\/v2\/posts\/6072\/revisions"}],"predecessor-version":[{"id":6075,"href":"https:\/\/bergers-schlagerparadies.de\/index.php?rest_route=\/wp\/v2\/posts\/6072\/revisions\/6075"}],"wp:featuredmedia":[{"embeddable":true,"href":"https:\/\/bergers-schlagerparadies.de\/index.php?rest_route=\/wp\/v2\/media\/6074"}],"wp:attachment":[{"href":"https:\/\/bergers-schlagerparadies.de\/index.php?rest_route=%2Fwp%2Fv2%2Fmedia&parent=6072"}],"wp:term":[{"taxonomy":"category","embeddable":true,"href":"https:\/\/bergers-schlagerparadies.de\/index.php?rest_route=%2Fwp%2Fv2%2Fcategories&post=6072"},{"taxonomy":"post_tag","embeddable":true,"href":"https:\/\/bergers-schlagerparadies.de\/index.php?rest_route=%2Fwp%2Fv2%2Ftags&post=6072"}],"curies":[{"name":"wp","href":"https:\/\/api.w.org\/{rel}","templated":true}]}}