{"id":6068,"date":"2021-09-10T14:55:27","date_gmt":"2021-09-10T12:55:27","guid":{"rendered":"http:\/\/bergers-schlagerparadies.de\/?p=6068"},"modified":"2021-09-10T14:59:40","modified_gmt":"2021-09-10T12:59:40","slug":"wolfgang-petry-ich-heiss-freiheit-%c2%b7-bergers-schlagerparadies","status":"publish","type":"post","link":"https:\/\/bergers-schlagerparadies.de\/?p=6068","title":{"rendered":"Wolfgang Petry &#8211; Ich hei\u00df Freiheit \u00b7 Berger\u00b4s Schlagerparadies"},"content":{"rendered":"<div class=\"myboxtext\">\n<h5><img loading=\"lazy\" decoding=\"async\" class=\"size-medium wp-image-6069 alignleft\" src=\"https:\/\/bergers-schlagerparadies.de\/wp-content\/uploads\/2021\/09\/Wolfgang-Petry-Ich-heiss-Freiheit-300x300.jpg\" alt=\"\" width=\"300\" height=\"300\" srcset=\"https:\/\/bergers-schlagerparadies.de\/wp-content\/uploads\/2021\/09\/Wolfgang-Petry-Ich-heiss-Freiheit-300x300.jpg 300w, https:\/\/bergers-schlagerparadies.de\/wp-content\/uploads\/2021\/09\/Wolfgang-Petry-Ich-heiss-Freiheit-150x150.jpg 150w, https:\/\/bergers-schlagerparadies.de\/wp-content\/uploads\/2021\/09\/Wolfgang-Petry-Ich-heiss-Freiheit-100x100.jpg 100w, https:\/\/bergers-schlagerparadies.de\/wp-content\/uploads\/2021\/09\/Wolfgang-Petry-Ich-heiss-Freiheit.jpg 580w\" sizes=\"auto, (max-width: 300px) 100vw, 300px\" \/>Wolfgang Petry ver\u00f6ffentlicht den Song &#8218;Ich hei\u00df Freiheit&#8216;<\/h5>\n<div class=\"news-text-font\">\n<p>Die Single \u201eK\u00e4mpfer\u201c war bereits der erste Vorbote des Albums und mit \u201eIch hei\u00df Freiheit\u201c erscheint am 10. September 2021 ein weitere Track aus dem kommenden Album \u201eAuf das Leben\u201c.<\/p>\n<p>Wolfgang Petrys neues Studioalbum &#8222;Auf das Leben&#8220; ist ab 24.09.2021 \u00fcberall als CD, Download sowie auf allen Streaming-Plattformen verf\u00fcgbar. Zudem ist das Album als limitierte, handnummerierte, blaue 2LP Vinyl erh\u00e4ltlich sowie erstmals als ebenfalls limitierte Buch-Edition mit Wolle\u2019s ganz pers\u00f6nlichen Geschichten auf \u00fcber 100 Seiten.<\/p>\n<\/div>\n<div><\/div>\n<\/div>\n<div><strong>Dieser Song ist ab dem 10.09.2021 in allen bekannten Onlineshops erh\u00e4ltlich!<\/strong><\/div>\n<p><iframe style=\"width: 120px; height: 240px;\" src=\"\/\/ws-eu.amazon-adsystem.com\/widgets\/q?ServiceVersion=20070822&amp;OneJS=1&amp;Operation=GetAdHtml&amp;MarketPlace=DE&amp;source=ss&amp;ref=as_ss_li_til&amp;ad_type=product_link&amp;tracking_id=bergers-21&amp;language=de_DE&amp;marketplace=amazon&amp;region=DE&amp;placement=B097TXR74M&amp;asins=B097TXR74M&amp;linkId=e2235c4543a6627ae09def87230118fa&amp;show_border=true&amp;link_opens_in_new_window=true\" frameborder=\"0\" marginwidth=\"0\" marginheight=\"0\" scrolling=\"no\"><\/iframe><\/p>\n","protected":false},"excerpt":{"rendered":"<p>Wolfgang Petry ver\u00f6ffentlicht den Song &#8218;Ich hei\u00df Freiheit&#8216; Die Single \u201eK\u00e4mpfer\u201c war bereits der erste Vorbote des Albums und mit \u201eIch hei\u00df Freiheit\u201c erscheint am 10. September 2021 ein weitere Track aus dem kommenden Album \u201eAuf das Leben\u201c. Wolfgang Petrys neues Studioalbum &#8222;Auf das Leben&#8220; ist ab 24.09.2021 \u00fcberall als CD, Download sowie auf allen Streaming-Plattformen verf\u00fcgbar. Zudem ist das Album als limitierte, handnummerierte, blaue 2LP Vinyl erh\u00e4ltlich sowie erstmals als ebenfalls limitierte Buch-Edition mit Wolle\u2019s ganz pers\u00f6nlichen Geschichten auf \u00fcber 100 Seiten. Dieser Song ist ab dem 10.09.2021 in allen bekannten Onlineshops erh\u00e4ltlich!<\/p>\n","protected":false},"author":1,"featured_media":6069,"comment_status":"open","ping_status":"open","sticky":false,"template":"","format":"standard","meta":{"footnotes":""},"categories":[2],"tags":[241],"class_list":["post-6068","post","type-post","status-publish","format-standard","has-post-thumbnail","hentry","category-schlager","tag-wolfgang-petry","wpcat-2-id"],"_links":{"self":[{"href":"https:\/\/bergers-schlagerparadies.de\/index.php?rest_route=\/wp\/v2\/posts\/6068","targetHints":{"allow":["GET"]}}],"collection":[{"href":"https:\/\/bergers-schlagerparadies.de\/index.php?rest_route=\/wp\/v2\/posts"}],"about":[{"href":"https:\/\/bergers-schlagerparadies.de\/index.php?rest_route=\/wp\/v2\/types\/post"}],"author":[{"embeddable":true,"href":"https:\/\/bergers-schlagerparadies.de\/index.php?rest_route=\/wp\/v2\/users\/1"}],"replies":[{"embeddable":true,"href":"https:\/\/bergers-schlagerparadies.de\/index.php?rest_route=%2Fwp%2Fv2%2Fcomments&post=6068"}],"version-history":[{"count":2,"href":"https:\/\/bergers-schlagerparadies.de\/index.php?rest_route=\/wp\/v2\/posts\/6068\/revisions"}],"predecessor-version":[{"id":6071,"href":"https:\/\/bergers-schlagerparadies.de\/index.php?rest_route=\/wp\/v2\/posts\/6068\/revisions\/6071"}],"wp:featuredmedia":[{"embeddable":true,"href":"https:\/\/bergers-schlagerparadies.de\/index.php?rest_route=\/wp\/v2\/media\/6069"}],"wp:attachment":[{"href":"https:\/\/bergers-schlagerparadies.de\/index.php?rest_route=%2Fwp%2Fv2%2Fmedia&parent=6068"}],"wp:term":[{"taxonomy":"category","embeddable":true,"href":"https:\/\/bergers-schlagerparadies.de\/index.php?rest_route=%2Fwp%2Fv2%2Fcategories&post=6068"},{"taxonomy":"post_tag","embeddable":true,"href":"https:\/\/bergers-schlagerparadies.de\/index.php?rest_route=%2Fwp%2Fv2%2Ftags&post=6068"}],"curies":[{"name":"wp","href":"https:\/\/api.w.org\/{rel}","templated":true}]}}