{"id":5987,"date":"2021-09-07T14:43:09","date_gmt":"2021-09-07T12:43:09","guid":{"rendered":"http:\/\/bergers-schlagerparadies.de\/?p=5987"},"modified":"2021-09-07T14:43:39","modified_gmt":"2021-09-07T12:43:39","slug":"hape-kerkeling-der-weg-nach-haus-%c2%b7-bergers-schlagerparadies","status":"publish","type":"post","link":"https:\/\/bergers-schlagerparadies.de\/?p=5987","title":{"rendered":"Hape Kerkeling &#8211; Der Weg nach Haus \u00b7 Berger\u00b4s Schlagerparadies"},"content":{"rendered":"<p><img loading=\"lazy\" decoding=\"async\" class=\"size-medium wp-image-5988 alignleft\" src=\"https:\/\/bergers-schlagerparadies.de\/wp-content\/uploads\/2021\/09\/hape-kerkeling-mal-unter-uns-1-300x300.jpg\" alt=\"\" width=\"300\" height=\"300\" srcset=\"https:\/\/bergers-schlagerparadies.de\/wp-content\/uploads\/2021\/09\/hape-kerkeling-mal-unter-uns-1-300x300.jpg 300w, https:\/\/bergers-schlagerparadies.de\/wp-content\/uploads\/2021\/09\/hape-kerkeling-mal-unter-uns-1-150x150.jpg 150w, https:\/\/bergers-schlagerparadies.de\/wp-content\/uploads\/2021\/09\/hape-kerkeling-mal-unter-uns-1-100x100.jpg 100w, https:\/\/bergers-schlagerparadies.de\/wp-content\/uploads\/2021\/09\/hape-kerkeling-mal-unter-uns-1.jpg 580w\" sizes=\"auto, (max-width: 300px) 100vw, 300px\" \/>Sein neues Buch ist schon auf dem Markt und seine neuen TV-Shows werden im kommenden Jahr starten. Jetzt wurde best\u00e4tigt, dass er auch musikalisch wieder zur\u00fcck ist: Sein neues Album &#8222;Mal unter uns&#8230;&#8220; wird am 22. Oktober ver\u00f6ffentlicht.<\/p>\n<p>Der Entertainer Hape Kerkeling (56) ist endg\u00fcltig und auf allen Ebenen zur\u00fcck in der \u00d6ffentlichkeit &#8211; jetzt auch musikalisch. Sein neues Album &#8222;Mal unter uns&#8230;&#8220; wird am 22. Oktober erscheinen und ist bereits ab jetzt vorbestellbar.<\/p>\n<p>Den ersten Song &#8222;Der Weg nach Haus&#8220; ist bereits vorab ver\u00f6ffentlicht worden, die erste echte Single-Auskopplung inklusive Musikvideo erfolgt mit &#8222;Ich leb den Traum&#8220; schon am 24. September.<\/p>\n<div class=\"brickgroup\" data-renderer=\"_dynamic\" data-layout-desktop=\"w12-\" data-layout-tablet=\"w12-\" data-layout-mobile=\"w12-\" data-brickid=\"32291fb2-0323-4c6b-a7aa-496c034f13d8\"><strong>Dieser Song ist ab dem 02.09.2021 in allen bekannten Onlineshops erh\u00e4ltlich!<\/strong><\/div>\n","protected":false},"excerpt":{"rendered":"<p>Sein neues Buch ist schon auf dem Markt und seine neuen TV-Shows werden im kommenden Jahr starten. Jetzt wurde best\u00e4tigt, dass er auch musikalisch wieder zur\u00fcck ist: Sein neues Album &#8222;Mal unter uns&#8230;&#8220; wird am 22. Oktober ver\u00f6ffentlicht. Der Entertainer Hape Kerkeling (56) ist endg\u00fcltig und auf allen Ebenen zur\u00fcck in der \u00d6ffentlichkeit &#8211; jetzt auch musikalisch. Sein neues Album &#8222;Mal unter uns&#8230;&#8220; wird am 22. Oktober erscheinen und ist bereits ab jetzt vorbestellbar. Den ersten Song &#8222;Der Weg nach Haus&#8220; ist bereits vorab ver\u00f6ffentlicht worden, die erste echte Single-Auskopplung inklusive Musikvideo erfolgt mit &#8222;Ich leb den Traum&#8220; schon am 24. September. Dieser Song ist&#8230;<\/p>\n","protected":false},"author":1,"featured_media":5988,"comment_status":"open","ping_status":"open","sticky":false,"template":"","format":"standard","meta":{"footnotes":""},"categories":[2],"tags":[764],"class_list":["post-5987","post","type-post","status-publish","format-standard","has-post-thumbnail","hentry","category-schlager","tag-hape-kerkeling","wpcat-2-id"],"_links":{"self":[{"href":"https:\/\/bergers-schlagerparadies.de\/index.php?rest_route=\/wp\/v2\/posts\/5987","targetHints":{"allow":["GET"]}}],"collection":[{"href":"https:\/\/bergers-schlagerparadies.de\/index.php?rest_route=\/wp\/v2\/posts"}],"about":[{"href":"https:\/\/bergers-schlagerparadies.de\/index.php?rest_route=\/wp\/v2\/types\/post"}],"author":[{"embeddable":true,"href":"https:\/\/bergers-schlagerparadies.de\/index.php?rest_route=\/wp\/v2\/users\/1"}],"replies":[{"embeddable":true,"href":"https:\/\/bergers-schlagerparadies.de\/index.php?rest_route=%2Fwp%2Fv2%2Fcomments&post=5987"}],"version-history":[{"count":2,"href":"https:\/\/bergers-schlagerparadies.de\/index.php?rest_route=\/wp\/v2\/posts\/5987\/revisions"}],"predecessor-version":[{"id":5990,"href":"https:\/\/bergers-schlagerparadies.de\/index.php?rest_route=\/wp\/v2\/posts\/5987\/revisions\/5990"}],"wp:featuredmedia":[{"embeddable":true,"href":"https:\/\/bergers-schlagerparadies.de\/index.php?rest_route=\/wp\/v2\/media\/5988"}],"wp:attachment":[{"href":"https:\/\/bergers-schlagerparadies.de\/index.php?rest_route=%2Fwp%2Fv2%2Fmedia&parent=5987"}],"wp:term":[{"taxonomy":"category","embeddable":true,"href":"https:\/\/bergers-schlagerparadies.de\/index.php?rest_route=%2Fwp%2Fv2%2Fcategories&post=5987"},{"taxonomy":"post_tag","embeddable":true,"href":"https:\/\/bergers-schlagerparadies.de\/index.php?rest_route=%2Fwp%2Fv2%2Ftags&post=5987"}],"curies":[{"name":"wp","href":"https:\/\/api.w.org\/{rel}","templated":true}]}}