{"id":5976,"date":"2021-09-06T17:05:35","date_gmt":"2021-09-06T15:05:35","guid":{"rendered":"http:\/\/bergers-schlagerparadies.de\/?p=5976"},"modified":"2021-09-06T17:05:35","modified_gmt":"2021-09-06T15:05:35","slug":"andre-parker-ich-hau-ab-%c2%b7-bergers-schlagerparadies","status":"publish","type":"post","link":"https:\/\/bergers-schlagerparadies.de\/?p=5976","title":{"rendered":"Andr\u00e9 Parker &#8211; Ich hau ab \u00b7 Berger\u00b4s Schlagerparadies"},"content":{"rendered":"<p><img loading=\"lazy\" decoding=\"async\" class=\"size-medium wp-image-5977 alignleft\" src=\"https:\/\/bergers-schlagerparadies.de\/wp-content\/uploads\/2021\/09\/Andre-Parker-Ich-hau-ab-300x300.jpg\" alt=\"\" width=\"300\" height=\"300\" srcset=\"https:\/\/bergers-schlagerparadies.de\/wp-content\/uploads\/2021\/09\/Andre-Parker-Ich-hau-ab-300x300.jpg 300w, https:\/\/bergers-schlagerparadies.de\/wp-content\/uploads\/2021\/09\/Andre-Parker-Ich-hau-ab-150x150.jpg 150w, https:\/\/bergers-schlagerparadies.de\/wp-content\/uploads\/2021\/09\/Andre-Parker-Ich-hau-ab-768x768.jpg 768w, https:\/\/bergers-schlagerparadies.de\/wp-content\/uploads\/2021\/09\/Andre-Parker-Ich-hau-ab-100x100.jpg 100w, https:\/\/bergers-schlagerparadies.de\/wp-content\/uploads\/2021\/09\/Andre-Parker-Ich-hau-ab.jpg 800w\" sizes=\"auto, (max-width: 300px) 100vw, 300px\" \/>Eine Geschichte aus dem Leben gegriffen und Musik, die einfach Gute Laune macht, das sind die sicheren Erkennungszeichen f\u00fcr die Songs von Andr\u00e9 Parker. Der in Norddeutschland beheimatete S\u00e4nger und Songwriter f\u00fchrt diese Tradition auch im Herbst 2021 mit dem neuen Titel \u201eIch hau ab\u201c fort.<\/p>\n<p>Wer Andr\u00e9 Parker schon etwas besser kennt, wei\u00df nat\u00fcrlich, welches Ziel mit der Textzeile \u201eIch hau ab Richtung S\u00fcden\u201c gemeint ist. Und wer den norddeutschen Herbst kennt, wird diese Entscheidung sicher gut nachvollziehen k\u00f6nnen! \u201eIch hau ab\u201c, vielleicht auch ein musikalischer, sp\u00e4tsommerlicher Reisetipp von Andr\u00e9 Parker.<\/p>\n<p>Durch den Titel \u201eGran Canaria te quiero\u201c, f\u00fcr den Andr\u00e9 Parker als bisher einziger deutschsprachiger Interpret auf Gran Canaria vom B\u00fcrgermeister ausgezeichnet wurde, erfreut sich der sympathische K\u00fcnstler auch auf der Sonneninsel im Atlantik stetig wachsender Beliebtheit. Aufgrund dessen kann man Andr\u00e9 Parker, speziell in der Zeit von September bis Mai, des \u00d6fteren bei seinen Konzerten auch auf Gran Canaria erleben.<\/p>\n<p><strong>Dieser Song ist ab dem 10. 09.2021 in allen bekannten Onlineshops erh\u00e4ltlich!<\/strong><\/p>\n<p><iframe style=\"width: 120px; height: 240px;\" src=\"\/\/ws-eu.amazon-adsystem.com\/widgets\/q?ServiceVersion=20070822&amp;OneJS=1&amp;Operation=GetAdHtml&amp;MarketPlace=DE&amp;source=ss&amp;ref=as_ss_li_til&amp;ad_type=product_link&amp;tracking_id=bergers-21&amp;language=de_DE&amp;marketplace=amazon&amp;region=DE&amp;placement=B09DLB9L31&amp;asins=B09DLB9L31&amp;linkId=3cfb6bf2e2fe003db454fc9b765ee965&amp;show_border=true&amp;link_opens_in_new_window=true\" frameborder=\"0\" marginwidth=\"0\" marginheight=\"0\" scrolling=\"no\"><\/iframe><\/p>\n","protected":false},"excerpt":{"rendered":"<p>Eine Geschichte aus dem Leben gegriffen und Musik, die einfach Gute Laune macht, das sind die sicheren Erkennungszeichen f\u00fcr die Songs von Andr\u00e9 Parker. Der in Norddeutschland beheimatete S\u00e4nger und Songwriter f\u00fchrt diese Tradition auch im Herbst 2021 mit dem neuen Titel \u201eIch hau ab\u201c fort. Wer Andr\u00e9 Parker schon etwas besser kennt, wei\u00df nat\u00fcrlich, welches Ziel mit der Textzeile \u201eIch hau ab Richtung S\u00fcden\u201c gemeint ist. Und wer den norddeutschen Herbst kennt, wird diese Entscheidung sicher gut nachvollziehen k\u00f6nnen! \u201eIch hau ab\u201c, vielleicht auch ein musikalischer, sp\u00e4tsommerlicher Reisetipp von Andr\u00e9 Parker. Durch den Titel \u201eGran Canaria te quiero\u201c, f\u00fcr den Andr\u00e9 Parker als bisher&#8230;<\/p>\n","protected":false},"author":1,"featured_media":5977,"comment_status":"open","ping_status":"open","sticky":false,"template":"","format":"standard","meta":{"footnotes":""},"categories":[2],"tags":[133],"class_list":["post-5976","post","type-post","status-publish","format-standard","has-post-thumbnail","hentry","category-schlager","tag-andre-parker","wpcat-2-id"],"_links":{"self":[{"href":"https:\/\/bergers-schlagerparadies.de\/index.php?rest_route=\/wp\/v2\/posts\/5976","targetHints":{"allow":["GET"]}}],"collection":[{"href":"https:\/\/bergers-schlagerparadies.de\/index.php?rest_route=\/wp\/v2\/posts"}],"about":[{"href":"https:\/\/bergers-schlagerparadies.de\/index.php?rest_route=\/wp\/v2\/types\/post"}],"author":[{"embeddable":true,"href":"https:\/\/bergers-schlagerparadies.de\/index.php?rest_route=\/wp\/v2\/users\/1"}],"replies":[{"embeddable":true,"href":"https:\/\/bergers-schlagerparadies.de\/index.php?rest_route=%2Fwp%2Fv2%2Fcomments&post=5976"}],"version-history":[{"count":1,"href":"https:\/\/bergers-schlagerparadies.de\/index.php?rest_route=\/wp\/v2\/posts\/5976\/revisions"}],"predecessor-version":[{"id":5978,"href":"https:\/\/bergers-schlagerparadies.de\/index.php?rest_route=\/wp\/v2\/posts\/5976\/revisions\/5978"}],"wp:featuredmedia":[{"embeddable":true,"href":"https:\/\/bergers-schlagerparadies.de\/index.php?rest_route=\/wp\/v2\/media\/5977"}],"wp:attachment":[{"href":"https:\/\/bergers-schlagerparadies.de\/index.php?rest_route=%2Fwp%2Fv2%2Fmedia&parent=5976"}],"wp:term":[{"taxonomy":"category","embeddable":true,"href":"https:\/\/bergers-schlagerparadies.de\/index.php?rest_route=%2Fwp%2Fv2%2Fcategories&post=5976"},{"taxonomy":"post_tag","embeddable":true,"href":"https:\/\/bergers-schlagerparadies.de\/index.php?rest_route=%2Fwp%2Fv2%2Ftags&post=5976"}],"curies":[{"name":"wp","href":"https:\/\/api.w.org\/{rel}","templated":true}]}}