{"id":5901,"date":"2021-09-03T14:38:49","date_gmt":"2021-09-03T12:38:49","guid":{"rendered":"http:\/\/bergers-schlagerparadies.de\/?p=5901"},"modified":"2021-09-03T14:38:49","modified_gmt":"2021-09-03T12:38:49","slug":"geri-der-klostertaler-fuer-keine-kohle-der-welt-%c2%b7-bergers-schlagerparadies","status":"publish","type":"post","link":"https:\/\/bergers-schlagerparadies.de\/?p=5901","title":{"rendered":"Geri der Klostertaler &#8211; F\u00fcr keine Kohle der Welt \u00b7 Berger\u00b4s Schlagerparadies"},"content":{"rendered":"<div class=\"\" dir=\"auto\">\n<div id=\"jsc_c_2a7\" class=\"ecm0bbzt hv4rvrfc ihqw7lf3 dati1w0a\" data-ad-comet-preview=\"message\" data-ad-preview=\"message\">\n<div class=\"j83agx80 cbu4d94t ew0dbk1b irj2b8pg\">\n<div class=\"qzhwtbm6 knvmm38d\">\n<div class=\"kvgmc6g5 cxmmr5t8 oygrvhab hcukyx3x c1et5uql ii04i59q\">\n<div dir=\"auto\"><img loading=\"lazy\" decoding=\"async\" class=\"size-medium wp-image-5902 alignleft\" src=\"https:\/\/bergers-schlagerparadies.de\/wp-content\/uploads\/2021\/09\/Geri-der-Klostertaler-Fuer-keine-Kohle-der-Welt-300x300.jpg\" alt=\"\" width=\"300\" height=\"300\" srcset=\"https:\/\/bergers-schlagerparadies.de\/wp-content\/uploads\/2021\/09\/Geri-der-Klostertaler-Fuer-keine-Kohle-der-Welt-300x300.jpg 300w, https:\/\/bergers-schlagerparadies.de\/wp-content\/uploads\/2021\/09\/Geri-der-Klostertaler-Fuer-keine-Kohle-der-Welt-150x150.jpg 150w, https:\/\/bergers-schlagerparadies.de\/wp-content\/uploads\/2021\/09\/Geri-der-Klostertaler-Fuer-keine-Kohle-der-Welt-768x768.jpg 768w, https:\/\/bergers-schlagerparadies.de\/wp-content\/uploads\/2021\/09\/Geri-der-Klostertaler-Fuer-keine-Kohle-der-Welt-100x100.jpg 100w, https:\/\/bergers-schlagerparadies.de\/wp-content\/uploads\/2021\/09\/Geri-der-Klostertaler-Fuer-keine-Kohle-der-Welt.jpg 843w\" sizes=\"auto, (max-width: 300px) 100vw, 300px\" \/>F\u00fcr keine Kohle der Welt hei\u00dft der neue Stimmungsknaller des Multiinstrumentalisten und Entertainers <span class=\"nc684nl6\">Geri der Klostertaler<\/span> der auch als Solist absolut auf der Erfolgswelle schwimmt.<\/div>\n<\/div>\n<div class=\"o9v6fnle cxmmr5t8 oygrvhab hcukyx3x c1et5uql ii04i59q\">\n<div dir=\"auto\">Der Titel ist auch ein absolutes Bekenntnis f\u00fcr die Liebe zur Musik, die er f\u00fcr nichts auf der Welt aufgeben w\u00fcrde. Sie ist sein pers\u00f6nliches Lebenselixier und dass er damit den Menschen Freude bereiten kann, ist sein gr\u00f6\u00dfter Erfolg.<\/div>\n<\/div>\n<div class=\"o9v6fnle cxmmr5t8 oygrvhab hcukyx3x c1et5uql ii04i59q\">\n<div dir=\"auto\">Am 05.09.2021 erlebt der neue Song die TV-Premiere in der \u00e4usserst beliebten TV-Show Immer wieder Sonntags, die im Programm der ARD ausgestrahlt wird.<\/div>\n<\/div>\n<div class=\"o9v6fnle cxmmr5t8 oygrvhab hcukyx3x c1et5uql ii04i59q\">\n<div dir=\"auto\">GERI DER KLOSTERTALER ist immer ein gern gesehener Gast in Rundfunk und TV und wo er auftritt ist gute Laune garantiert. Beliebt im gesamten deutschsprachigen Raum, sorgt er immer f\u00fcr beste Unterhaltung.<\/div>\n<\/div>\n<div class=\"o9v6fnle cxmmr5t8 oygrvhab hcukyx3x c1et5uql ii04i59q\">\n<div dir=\"auto\">Als Mitglied der international erfolgreichen Klostertaler machte er sich \u00fcber viele Jahre hinweg schon einen Namen als Entertainer, der das Publikum mit seiner Vielseitigkeit und seinen spontanen Showeinlagen zu begeistern wusste.<\/div>\n<div dir=\"auto\"><\/div>\n<div dir=\"auto\"><strong>Dieser Song ist ab dem 03.09.2021 in allen bekannten Onlineshops erh\u00e4ltlich!<\/strong><\/div>\n<p><iframe style=\"width: 120px; height: 240px;\" src=\"\/\/ws-eu.amazon-adsystem.com\/widgets\/q?ServiceVersion=20070822&amp;OneJS=1&amp;Operation=GetAdHtml&amp;MarketPlace=DE&amp;source=ss&amp;ref=as_ss_li_til&amp;ad_type=product_link&amp;tracking_id=bergers-21&amp;language=de_DE&amp;marketplace=amazon&amp;region=DE&amp;placement=B09C2QZLJ2&amp;asins=B09C2QZLJ2&amp;linkId=7675992c184b88bd8164e0421fc01b72&amp;show_border=true&amp;link_opens_in_new_window=true\" frameborder=\"0\" marginwidth=\"0\" marginheight=\"0\" scrolling=\"no\"><\/iframe><\/p>\n<\/div>\n<\/div>\n<\/div>\n<\/div>\n<\/div>\n","protected":false},"excerpt":{"rendered":"<p>F\u00fcr keine Kohle der Welt hei\u00dft der neue Stimmungsknaller des Multiinstrumentalisten und Entertainers Geri der Klostertaler der auch als Solist absolut auf der Erfolgswelle schwimmt. Der Titel ist auch ein absolutes Bekenntnis f\u00fcr die Liebe zur Musik, die er f\u00fcr nichts auf der Welt aufgeben w\u00fcrde. Sie ist sein pers\u00f6nliches Lebenselixier und dass er damit den Menschen Freude bereiten kann, ist sein gr\u00f6\u00dfter Erfolg. Am 05.09.2021 erlebt der neue Song die TV-Premiere in der \u00e4usserst beliebten TV-Show Immer wieder Sonntags, die im Programm der ARD ausgestrahlt wird. GERI DER KLOSTERTALER ist immer ein gern gesehener Gast in Rundfunk und TV und wo er auftritt ist&#8230;<\/p>\n","protected":false},"author":1,"featured_media":5902,"comment_status":"open","ping_status":"open","sticky":false,"template":"","format":"standard","meta":{"footnotes":""},"categories":[2],"tags":[750],"class_list":["post-5901","post","type-post","status-publish","format-standard","has-post-thumbnail","hentry","category-schlager","tag-geri-der-klostertaler","wpcat-2-id"],"_links":{"self":[{"href":"https:\/\/bergers-schlagerparadies.de\/index.php?rest_route=\/wp\/v2\/posts\/5901","targetHints":{"allow":["GET"]}}],"collection":[{"href":"https:\/\/bergers-schlagerparadies.de\/index.php?rest_route=\/wp\/v2\/posts"}],"about":[{"href":"https:\/\/bergers-schlagerparadies.de\/index.php?rest_route=\/wp\/v2\/types\/post"}],"author":[{"embeddable":true,"href":"https:\/\/bergers-schlagerparadies.de\/index.php?rest_route=\/wp\/v2\/users\/1"}],"replies":[{"embeddable":true,"href":"https:\/\/bergers-schlagerparadies.de\/index.php?rest_route=%2Fwp%2Fv2%2Fcomments&post=5901"}],"version-history":[{"count":1,"href":"https:\/\/bergers-schlagerparadies.de\/index.php?rest_route=\/wp\/v2\/posts\/5901\/revisions"}],"predecessor-version":[{"id":5903,"href":"https:\/\/bergers-schlagerparadies.de\/index.php?rest_route=\/wp\/v2\/posts\/5901\/revisions\/5903"}],"wp:featuredmedia":[{"embeddable":true,"href":"https:\/\/bergers-schlagerparadies.de\/index.php?rest_route=\/wp\/v2\/media\/5902"}],"wp:attachment":[{"href":"https:\/\/bergers-schlagerparadies.de\/index.php?rest_route=%2Fwp%2Fv2%2Fmedia&parent=5901"}],"wp:term":[{"taxonomy":"category","embeddable":true,"href":"https:\/\/bergers-schlagerparadies.de\/index.php?rest_route=%2Fwp%2Fv2%2Fcategories&post=5901"},{"taxonomy":"post_tag","embeddable":true,"href":"https:\/\/bergers-schlagerparadies.de\/index.php?rest_route=%2Fwp%2Fv2%2Ftags&post=5901"}],"curies":[{"name":"wp","href":"https:\/\/api.w.org\/{rel}","templated":true}]}}