{"id":5898,"date":"2021-09-03T13:45:36","date_gmt":"2021-09-03T11:45:36","guid":{"rendered":"http:\/\/bergers-schlagerparadies.de\/?p=5898"},"modified":"2021-09-03T13:45:36","modified_gmt":"2021-09-03T11:45:36","slug":"norman-langen-bis-zum-letzten-atemzug-%c2%b7-bergers-schlagerparadies","status":"publish","type":"post","link":"https:\/\/bergers-schlagerparadies.de\/?p=5898","title":{"rendered":"Norman Langen &#8211; Bis zum letzten Atemzug \u00b7 Berger\u00b4s Schlagerparadies"},"content":{"rendered":"<div class=\"o9v6fnle cxmmr5t8 oygrvhab hcukyx3x c1et5uql ii04i59q\">\n<div dir=\"auto\"><img loading=\"lazy\" decoding=\"async\" class=\"size-medium wp-image-5899 alignleft\" src=\"https:\/\/bergers-schlagerparadies.de\/wp-content\/uploads\/2021\/09\/Norman-Langen-Bis-zum-letzten-Atemzug-300x300.jpg\" alt=\"\" width=\"300\" height=\"300\" srcset=\"https:\/\/bergers-schlagerparadies.de\/wp-content\/uploads\/2021\/09\/Norman-Langen-Bis-zum-letzten-Atemzug-300x300.jpg 300w, https:\/\/bergers-schlagerparadies.de\/wp-content\/uploads\/2021\/09\/Norman-Langen-Bis-zum-letzten-Atemzug-150x150.jpg 150w, https:\/\/bergers-schlagerparadies.de\/wp-content\/uploads\/2021\/09\/Norman-Langen-Bis-zum-letzten-Atemzug-768x768.jpg 768w, https:\/\/bergers-schlagerparadies.de\/wp-content\/uploads\/2021\/09\/Norman-Langen-Bis-zum-letzten-Atemzug-100x100.jpg 100w, https:\/\/bergers-schlagerparadies.de\/wp-content\/uploads\/2021\/09\/Norman-Langen-Bis-zum-letzten-Atemzug.jpg 843w\" sizes=\"auto, (max-width: 300px) 100vw, 300px\" \/>Nachdem er zuletzt einzelne Songs wie das packende \u201eUnser bester Sommer\u201c vorgelegt hatte, steuert Norman Langen ab sofort aufs n\u00e4chste Studioalbum zu \u2013 einen astreinen, ultraeing\u00e4ngigen Discofox-Rundumschlag! Der erste neue Titel des sympathischen S\u00e4ngers aus Nordrhein-Westfalen kommt bereits jetzt: \u201eBis zum letzten Atemzug\u201c erscheint am 03. September bei TELAMO!<\/div>\n<\/div>\n<div class=\"o9v6fnle cxmmr5t8 oygrvhab hcukyx3x c1et5uql ii04i59q\">\n<div dir=\"auto\">#daswirdgeil: Mit diesem und \u00e4hnlich gutgelaunten Hashtags freute sich Norman Langen k\u00fcrzlich in seinem Instagram-Feed \u00fcber den Support seines neuen Management- und Kreativ-Teams \u2013 und vor allem \u00fcber den Beginn des n\u00e4chsten musikalischen Kapitels: Den Auftakt macht der vertonte Treueschwur \u201eBis zum letzten Atemzug\u201c, mit dem er nicht nur seiner Angebeteten seine Liebe erkl\u00e4rt, sondern sich auch ganz klar jenen treibenden Arrangements widmet, mit denen er seit inzwischen 10 Jahren (Gratulation!) zwischen Flensburg und Mallorca f\u00fcr gute Laune sorgt\u2026<\/div>\n<\/div>\n<div class=\"o9v6fnle cxmmr5t8 oygrvhab hcukyx3x c1et5uql ii04i59q\">\n<div dir=\"auto\">\u201eImmer noch reicht ein Blick von dir\/und schon ist es da\u201c, beginnt der 36-J\u00e4hrige die neue Single, die aus der Feder des renommierten Songwriters Tom Marquardt stammt \u2013 Normans neuem Partner im Studio. Auf den sph\u00e4rischen Einstieg folgt dieses Kribbeln, dann ein Schillern und Glitzern, schlie\u00dflich ein Sog zur Tanzfl\u00e4che, den dieser unvergleichliche Mix aus Discofox und Popschlager ausl\u00f6st: Er will nur an ihrer Seite sein, \u201eweil es mit dir noch immer f\u00fcr mich das Non Plus Ultra ist\u201c! So klingt sie, diese Euphorie, wenn man wei\u00df, man hat den einen Menschen im Meer der Millionen gefunden \u2013 und will ihn festhalten\u2026<\/div>\n<\/div>\n<div class=\"o9v6fnle cxmmr5t8 oygrvhab hcukyx3x c1et5uql ii04i59q\">\n<div dir=\"auto\">Norman Langen landete schon extrem fr\u00fch bei der Musik: Nach den Anf\u00e4ngen in verschiedenen Pop- und Dance-Konstellationen, startete der heute 36-J\u00e4hrige, der zwischenzeitlich eine klassische Gesangsausbildung absolviert hatte, im Jahr 2011 richtig durch, als sein Deb\u00fctalbum \u201ePures Gold\u201c nur haarscharf an den deutschen Top-10 vorbeischrammte. Weiter ging es f\u00fcr den stets gut aufgelegten S\u00e4nger, dessen Facebook-Profil seit geraumer Zeit Fanzahlen im sechsstelligen Bereich verzeichnet, mit den Albumver\u00f6ffentlichungen \u201e100% Norman\u201c (2013) und \u201eWunderbar\u201c (2015), deren Auskopplungen er bereits regelm\u00e4\u00dfig bei allen gro\u00dfen TV-Formaten pr\u00e4sentieren konnte (u.a. \u201eZDF Fernsehgarten\u201c, \u201eImmer wieder sonntags\u201c, \u201eCarmen Nebel\u201c). Dazu war er quasi nonstop zwischen Mallorca und diversen Gro\u00dfveranstaltungen in Deutschland, \u00d6sterreich und der Schweiz unterwegs, um die Leute zum Tanzen zu bringen\u2026<\/div>\n<\/div>\n<div class=\"o9v6fnle cxmmr5t8 oygrvhab hcukyx3x c1et5uql ii04i59q\">\n<div dir=\"auto\">Nachdem ihm f\u00fcr sein langj\u00e4hriges Engagement der Solidarfonds Award 2016 verliehen worden war, setzte Norman Langen seine Hitserie zuletzt mit dem Top-25-Album \u201eDie geilste Zeit\u201c (2017) und dem gefeierten Nachfolger \u201eDieses Gef\u00fchl\u201c (2019) fort, auf dem er auch ganz andere Styles und Genres (u.a. Reggaeton meets Schlager) ins Spiel brachte. Neben den vielen, vielen Charterfolgen im letzten Jahrzehnt, konnte er sich zudem \u00fcber eine ganze Reihe von Awards freuen (u.a. Schlager Saphir, Smago Award, 3x Ballermann Award).<\/div>\n<\/div>\n<div class=\"o9v6fnle cxmmr5t8 oygrvhab hcukyx3x c1et5uql ii04i59q\">\n<div dir=\"auto\">P\u00fcnktlich zum Sp\u00e4tsommer-Finale startet Norman Langen den Countdown zu seinem sechsten Studioalbum \u2013 mit seiner neuesten Ohrwurmgarante \u201eBis zum letzten Atemzug\u201c, einem Love-You-Letter \u00fcber l\u00e4ssigen Beats: eing\u00e4ngig, gef\u00fchlvoll, ultraansteckend.<\/div>\n<div dir=\"auto\"><\/div>\n<\/div>\n<div class=\"o9v6fnle cxmmr5t8 oygrvhab hcukyx3x c1et5uql ii04i59q\">\n<div dir=\"auto\"><strong>Die Single \u201eBis zum letzten Atemzug\u201c erscheint am 03. September 2021.<\/strong><\/div>\n<\/div>\n<p><iframe style=\"width: 120px; height: 240px;\" src=\"\/\/ws-eu.amazon-adsystem.com\/widgets\/q?ServiceVersion=20070822&amp;OneJS=1&amp;Operation=GetAdHtml&amp;MarketPlace=DE&amp;source=ss&amp;ref=as_ss_li_til&amp;ad_type=product_link&amp;tracking_id=bergers-21&amp;language=de_DE&amp;marketplace=amazon&amp;region=DE&amp;placement=B09F738126&amp;asins=B09F738126&amp;linkId=6b6646cffd41ba1b4baf5e9616b1fba0&amp;show_border=true&amp;link_opens_in_new_window=true\" frameborder=\"0\" marginwidth=\"0\" marginheight=\"0\" scrolling=\"no\"><\/iframe><\/p>\n","protected":false},"excerpt":{"rendered":"<p>Nachdem er zuletzt einzelne Songs wie das packende \u201eUnser bester Sommer\u201c vorgelegt hatte, steuert Norman Langen ab sofort aufs n\u00e4chste Studioalbum zu \u2013 einen astreinen, ultraeing\u00e4ngigen Discofox-Rundumschlag! Der erste neue Titel des sympathischen S\u00e4ngers aus Nordrhein-Westfalen kommt bereits jetzt: \u201eBis zum letzten Atemzug\u201c erscheint am 03. September bei TELAMO! #daswirdgeil: Mit diesem und \u00e4hnlich gutgelaunten Hashtags freute sich Norman Langen k\u00fcrzlich in seinem Instagram-Feed \u00fcber den Support seines neuen Management- und Kreativ-Teams \u2013 und vor allem \u00fcber den Beginn des n\u00e4chsten musikalischen Kapitels: Den Auftakt macht der vertonte Treueschwur \u201eBis zum letzten Atemzug\u201c, mit dem er nicht nur seiner Angebeteten seine Liebe erkl\u00e4rt, sondern sich&#8230;<\/p>\n","protected":false},"author":1,"featured_media":5899,"comment_status":"open","ping_status":"open","sticky":false,"template":"","format":"standard","meta":{"footnotes":""},"categories":[2],"tags":[172],"class_list":["post-5898","post","type-post","status-publish","format-standard","has-post-thumbnail","hentry","category-schlager","tag-norman-langen","wpcat-2-id"],"_links":{"self":[{"href":"https:\/\/bergers-schlagerparadies.de\/index.php?rest_route=\/wp\/v2\/posts\/5898","targetHints":{"allow":["GET"]}}],"collection":[{"href":"https:\/\/bergers-schlagerparadies.de\/index.php?rest_route=\/wp\/v2\/posts"}],"about":[{"href":"https:\/\/bergers-schlagerparadies.de\/index.php?rest_route=\/wp\/v2\/types\/post"}],"author":[{"embeddable":true,"href":"https:\/\/bergers-schlagerparadies.de\/index.php?rest_route=\/wp\/v2\/users\/1"}],"replies":[{"embeddable":true,"href":"https:\/\/bergers-schlagerparadies.de\/index.php?rest_route=%2Fwp%2Fv2%2Fcomments&post=5898"}],"version-history":[{"count":1,"href":"https:\/\/bergers-schlagerparadies.de\/index.php?rest_route=\/wp\/v2\/posts\/5898\/revisions"}],"predecessor-version":[{"id":5900,"href":"https:\/\/bergers-schlagerparadies.de\/index.php?rest_route=\/wp\/v2\/posts\/5898\/revisions\/5900"}],"wp:featuredmedia":[{"embeddable":true,"href":"https:\/\/bergers-schlagerparadies.de\/index.php?rest_route=\/wp\/v2\/media\/5899"}],"wp:attachment":[{"href":"https:\/\/bergers-schlagerparadies.de\/index.php?rest_route=%2Fwp%2Fv2%2Fmedia&parent=5898"}],"wp:term":[{"taxonomy":"category","embeddable":true,"href":"https:\/\/bergers-schlagerparadies.de\/index.php?rest_route=%2Fwp%2Fv2%2Fcategories&post=5898"},{"taxonomy":"post_tag","embeddable":true,"href":"https:\/\/bergers-schlagerparadies.de\/index.php?rest_route=%2Fwp%2Fv2%2Ftags&post=5898"}],"curies":[{"name":"wp","href":"https:\/\/api.w.org\/{rel}","templated":true}]}}