{"id":5770,"date":"2021-08-30T10:30:57","date_gmt":"2021-08-30T08:30:57","guid":{"rendered":"http:\/\/bergers-schlagerparadies.de\/?p=5770"},"modified":"2021-08-27T09:52:05","modified_gmt":"2021-08-27T07:52:05","slug":"die-wolkenstuermer-genial-verliebt-%c2%b7-bergers-schlagerparadies","status":"publish","type":"post","link":"https:\/\/bergers-schlagerparadies.de\/?p=5770","title":{"rendered":"Die Wolkenst\u00fcrmer &#8211; Genial verliebt \u00b7 Berger\u00b4s Schlagerparadies"},"content":{"rendered":"<p><img loading=\"lazy\" decoding=\"async\" class=\"size-medium wp-image-5772 alignleft\" src=\"https:\/\/bergers-schlagerparadies.de\/wp-content\/uploads\/2021\/08\/Die-Wolkenstuermer-Genial-verliebt-300x300.jpg\" alt=\"\" width=\"300\" height=\"300\" srcset=\"https:\/\/bergers-schlagerparadies.de\/wp-content\/uploads\/2021\/08\/Die-Wolkenstuermer-Genial-verliebt-300x300.jpg 300w, https:\/\/bergers-schlagerparadies.de\/wp-content\/uploads\/2021\/08\/Die-Wolkenstuermer-Genial-verliebt-150x150.jpg 150w, https:\/\/bergers-schlagerparadies.de\/wp-content\/uploads\/2021\/08\/Die-Wolkenstuermer-Genial-verliebt-768x768.jpg 768w, https:\/\/bergers-schlagerparadies.de\/wp-content\/uploads\/2021\/08\/Die-Wolkenstuermer-Genial-verliebt-100x100.jpg 100w, https:\/\/bergers-schlagerparadies.de\/wp-content\/uploads\/2021\/08\/Die-Wolkenstuermer-Genial-verliebt.jpg 800w\" sizes=\"auto, (max-width: 300px) 100vw, 300px\" \/>Das lange Warten hat ein Ende und sie steht quasi in den Startl\u00f6chern, um geh\u00f6rt, gekauft und gestreamt zu werden: Die neue Single von &#8222;Die Wolkenst\u00fcrmer&#8220;. Seit ihrem letzten Titel &#8222;Warum ich warum Du&#8220; sind einige Monate ins Land gezogen, aber eben auch gleichzeitig eine sehr erfolgreiche Zeit und 9 Wochen Airplay-Charts (h\u00f6chste Platzierung #48). Die tollen Erfahrungen aus den Radioeins\u00e4tzen der letzten Single, sowie ganz viel Kreativit\u00e4t und Motivation haben &#8222;Die Wolkenst\u00fcrmer&#8220; aus dem Hunsr\u00fcck (Rheinland-Pfalz) jetzt in ihre neue Single gesteckt und das sp\u00fcrt man mit dem ersten Ton.<\/p>\n<p>&#8222;Genial verliebt&#8220; hei\u00dft der neue Ohrwurm von Timo und Sebastian (aka Die Wolkenst\u00fcrmer) und ist gespickt mit gro\u00dfartigen Sounds, einer Melodie f\u00fcrs Ohr und dem Text f\u00fcrs Herz. Durchzogen mit einem musikalisch roten Faden, der Songtitel, Text und Musik Eins werden l\u00e4sst.<\/p>\n<p>F\u00fcr das Gesamtpaket k\u00f6nnen sich &#8222;Die Wolkenst\u00fcrmer&#8220; auch dieses Mal wieder auf volle Professionalit\u00e4t und Erfahrung verlassen. Das Produzententeam Tim Peters (u. a. Matthias Reim, Semino Rossi, u.v.m.) und Sergej Fuhr hat die Musik von Wolkenst\u00fcrmer Sebastian Link und den Text von Carsten Schabosky zu einem echten &#8222;Hinh\u00f6rer&#8220; arrangiert.<\/p>\n<p>Damit ist klar, dass sich das Duo in Zukunft auch wieder mehr auf eigene Kompositionen konzentrieren will, um einen musikalischen Wiedererkennungswert und ein eigenes Profil zu schaffen. &#8222;Genial verliebt&#8220; gilt hiermit als neuer Startschuss und der hat es in sich.<\/p>\n<p>Egal ob aus den Lautsprechern oder live auf der B\u00fchne, &#8222;Die Wolkenst\u00fcrmer&#8220; sind ein musikalisches Erlebnis und tolle Unterhaltung. Kreative Kontinuit\u00e4t untermauern das st\u00e4ndig. Das beweisen sie mit der neuen Single &#8222;Genial verliebt&#8220;.<\/p>\n<p><strong>Dieser Song ist ab dem 03.09.2021 in allen bekannten Onlineshops erh\u00e4ltlich!<\/strong><\/p>\n<p><iframe style=\"width: 120px; height: 240px;\" src=\"\/\/ws-eu.amazon-adsystem.com\/widgets\/q?ServiceVersion=20070822&amp;OneJS=1&amp;Operation=GetAdHtml&amp;MarketPlace=DE&amp;source=ss&amp;ref=as_ss_li_til&amp;ad_type=product_link&amp;tracking_id=bergers-21&amp;language=de_DE&amp;marketplace=amazon&amp;region=DE&amp;placement=B09D8TG2D9&amp;asins=B09D8TG2D9&amp;linkId=80963e6694f777385caef3082390746c&amp;show_border=true&amp;link_opens_in_new_window=true\" frameborder=\"0\" marginwidth=\"0\" marginheight=\"0\" scrolling=\"no\"><\/iframe><\/p>\n","protected":false},"excerpt":{"rendered":"<p>Das lange Warten hat ein Ende und sie steht quasi in den Startl\u00f6chern, um geh\u00f6rt, gekauft und gestreamt zu werden: Die neue Single von &#8222;Die Wolkenst\u00fcrmer&#8220;. Seit ihrem letzten Titel &#8222;Warum ich warum Du&#8220; sind einige Monate ins Land gezogen, aber eben auch gleichzeitig eine sehr erfolgreiche Zeit und 9 Wochen Airplay-Charts (h\u00f6chste Platzierung #48). Die tollen Erfahrungen aus den Radioeins\u00e4tzen der letzten Single, sowie ganz viel Kreativit\u00e4t und Motivation haben &#8222;Die Wolkenst\u00fcrmer&#8220; aus dem Hunsr\u00fcck (Rheinland-Pfalz) jetzt in ihre neue Single gesteckt und das sp\u00fcrt man mit dem ersten Ton. &#8222;Genial verliebt&#8220; hei\u00dft der neue Ohrwurm von Timo und Sebastian (aka Die Wolkenst\u00fcrmer) und&#8230;<\/p>\n","protected":false},"author":1,"featured_media":5772,"comment_status":"open","ping_status":"open","sticky":false,"template":"","format":"standard","meta":{"footnotes":""},"categories":[2],"tags":[327],"class_list":["post-5770","post","type-post","status-publish","format-standard","has-post-thumbnail","hentry","category-schlager","tag-die-wolkenstuermer","wpcat-2-id"],"_links":{"self":[{"href":"https:\/\/bergers-schlagerparadies.de\/index.php?rest_route=\/wp\/v2\/posts\/5770","targetHints":{"allow":["GET"]}}],"collection":[{"href":"https:\/\/bergers-schlagerparadies.de\/index.php?rest_route=\/wp\/v2\/posts"}],"about":[{"href":"https:\/\/bergers-schlagerparadies.de\/index.php?rest_route=\/wp\/v2\/types\/post"}],"author":[{"embeddable":true,"href":"https:\/\/bergers-schlagerparadies.de\/index.php?rest_route=\/wp\/v2\/users\/1"}],"replies":[{"embeddable":true,"href":"https:\/\/bergers-schlagerparadies.de\/index.php?rest_route=%2Fwp%2Fv2%2Fcomments&post=5770"}],"version-history":[{"count":1,"href":"https:\/\/bergers-schlagerparadies.de\/index.php?rest_route=\/wp\/v2\/posts\/5770\/revisions"}],"predecessor-version":[{"id":5773,"href":"https:\/\/bergers-schlagerparadies.de\/index.php?rest_route=\/wp\/v2\/posts\/5770\/revisions\/5773"}],"wp:featuredmedia":[{"embeddable":true,"href":"https:\/\/bergers-schlagerparadies.de\/index.php?rest_route=\/wp\/v2\/media\/5772"}],"wp:attachment":[{"href":"https:\/\/bergers-schlagerparadies.de\/index.php?rest_route=%2Fwp%2Fv2%2Fmedia&parent=5770"}],"wp:term":[{"taxonomy":"category","embeddable":true,"href":"https:\/\/bergers-schlagerparadies.de\/index.php?rest_route=%2Fwp%2Fv2%2Fcategories&post=5770"},{"taxonomy":"post_tag","embeddable":true,"href":"https:\/\/bergers-schlagerparadies.de\/index.php?rest_route=%2Fwp%2Fv2%2Ftags&post=5770"}],"curies":[{"name":"wp","href":"https:\/\/api.w.org\/{rel}","templated":true}]}}