{"id":5479,"date":"2021-08-14T11:20:07","date_gmt":"2021-08-14T09:20:07","guid":{"rendered":"http:\/\/bergers-schlagerparadies.de\/?p=5479"},"modified":"2021-08-14T11:20:07","modified_gmt":"2021-08-14T09:20:07","slug":"sarah-zucker-la-vie-est-belle-%c2%b7-bergers-schlagerparadies","status":"publish","type":"post","link":"https:\/\/bergers-schlagerparadies.de\/?p=5479","title":{"rendered":"Sarah Zucker &#8211; La vie est belle \u00b7 Berger\u00b4s Schlagerparadies"},"content":{"rendered":"<div class=\"myboxtext\">\n<h5><img loading=\"lazy\" decoding=\"async\" class=\"size-medium wp-image-5480 alignleft\" src=\"https:\/\/bergers-schlagerparadies.de\/wp-content\/uploads\/2021\/08\/Sarah-Zucker-La-vie-est-belle-300x300.jpg\" alt=\"\" width=\"300\" height=\"300\" srcset=\"https:\/\/bergers-schlagerparadies.de\/wp-content\/uploads\/2021\/08\/Sarah-Zucker-La-vie-est-belle-300x300.jpg 300w, https:\/\/bergers-schlagerparadies.de\/wp-content\/uploads\/2021\/08\/Sarah-Zucker-La-vie-est-belle-150x150.jpg 150w, https:\/\/bergers-schlagerparadies.de\/wp-content\/uploads\/2021\/08\/Sarah-Zucker-La-vie-est-belle-100x100.jpg 100w, https:\/\/bergers-schlagerparadies.de\/wp-content\/uploads\/2021\/08\/Sarah-Zucker-La-vie-est-belle.jpg 580w\" sizes=\"auto, (max-width: 300px) 100vw, 300px\" \/>Sarah Zucker ver\u00f6ffentlicht die Single &#8218;La vie est belle&#8216;<\/h5>\n<div class=\"news-text-font\">\u201eLa vie est belle\u201c &#8211; das Leben ist sch\u00f6n! Mit ansteckenden Rhythmen, einer mediterranen Sehnsuchtsmelodie und ihren glasklaren Vocals l\u00e4dt Sarah Zucker auf ihrer brandneuen Single ein zum Kurzurlaub an die malerische C\u00f4te d\u2019Azur! Die kleine Alltagsflucht f\u00fcr zwischendurch, die alle Sorgen f\u00fcr ein paar Momente vergessen l\u00e4sst. \u201eLa vie est belle\u201c f\u00e4ngt perfekt das zur\u00fcckgelehnte Lebensgef\u00fchl und die Leichtigkeit der franz\u00f6sischen S\u00fcdk\u00fcste ein und macht Lust auf ein kleines Sommerabenteuer: Sonne, Meeresrauschen, eine eisgek\u00fchlte Flasche Ros\u00e9 im Gep\u00e4ck und jede Menge Zeit f\u00fcreinander. Keine Termine oder nervige Anrufe, sondern einfach mal so richtig durchatmen und die Sch\u00f6nheit des Augenblicks genie\u00dfen. Savoir-vivre pur zum Tanzen und Tr\u00e4umen!<\/div>\n<\/div>\n<p><iframe style=\"width: 120px; height: 240px;\" src=\"\/\/ws-eu.amazon-adsystem.com\/widgets\/q?ServiceVersion=20070822&amp;OneJS=1&amp;Operation=GetAdHtml&amp;MarketPlace=DE&amp;source=ss&amp;ref=as_ss_li_til&amp;ad_type=product_link&amp;tracking_id=bergers-21&amp;language=de_DE&amp;marketplace=amazon&amp;region=DE&amp;placement=B09C1FCLQX&amp;asins=B09C1FCLQX&amp;linkId=3300a0078ae2df8b1826656ab0b4f0e3&amp;show_border=true&amp;link_opens_in_new_window=true\" frameborder=\"0\" marginwidth=\"0\" marginheight=\"0\" scrolling=\"no\"><\/iframe><\/p>\n","protected":false},"excerpt":{"rendered":"<p>Sarah Zucker ver\u00f6ffentlicht die Single &#8218;La vie est belle&#8216; \u201eLa vie est belle\u201c &#8211; das Leben ist sch\u00f6n! Mit ansteckenden Rhythmen, einer mediterranen Sehnsuchtsmelodie und ihren glasklaren Vocals l\u00e4dt Sarah Zucker auf ihrer brandneuen Single ein zum Kurzurlaub an die malerische C\u00f4te d\u2019Azur! Die kleine Alltagsflucht f\u00fcr zwischendurch, die alle Sorgen f\u00fcr ein paar Momente vergessen l\u00e4sst. \u201eLa vie est belle\u201c f\u00e4ngt perfekt das zur\u00fcckgelehnte Lebensgef\u00fchl und die Leichtigkeit der franz\u00f6sischen S\u00fcdk\u00fcste ein und macht Lust auf ein kleines Sommerabenteuer: Sonne, Meeresrauschen, eine eisgek\u00fchlte Flasche Ros\u00e9 im Gep\u00e4ck und jede Menge Zeit f\u00fcreinander. Keine Termine oder nervige Anrufe, sondern einfach mal so richtig durchatmen und&#8230;<\/p>\n","protected":false},"author":1,"featured_media":5480,"comment_status":"open","ping_status":"open","sticky":false,"template":"","format":"standard","meta":{"footnotes":""},"categories":[2],"tags":[103],"class_list":["post-5479","post","type-post","status-publish","format-standard","has-post-thumbnail","hentry","category-schlager","tag-sarah-zucker","wpcat-2-id"],"_links":{"self":[{"href":"https:\/\/bergers-schlagerparadies.de\/index.php?rest_route=\/wp\/v2\/posts\/5479","targetHints":{"allow":["GET"]}}],"collection":[{"href":"https:\/\/bergers-schlagerparadies.de\/index.php?rest_route=\/wp\/v2\/posts"}],"about":[{"href":"https:\/\/bergers-schlagerparadies.de\/index.php?rest_route=\/wp\/v2\/types\/post"}],"author":[{"embeddable":true,"href":"https:\/\/bergers-schlagerparadies.de\/index.php?rest_route=\/wp\/v2\/users\/1"}],"replies":[{"embeddable":true,"href":"https:\/\/bergers-schlagerparadies.de\/index.php?rest_route=%2Fwp%2Fv2%2Fcomments&post=5479"}],"version-history":[{"count":1,"href":"https:\/\/bergers-schlagerparadies.de\/index.php?rest_route=\/wp\/v2\/posts\/5479\/revisions"}],"predecessor-version":[{"id":5481,"href":"https:\/\/bergers-schlagerparadies.de\/index.php?rest_route=\/wp\/v2\/posts\/5479\/revisions\/5481"}],"wp:featuredmedia":[{"embeddable":true,"href":"https:\/\/bergers-schlagerparadies.de\/index.php?rest_route=\/wp\/v2\/media\/5480"}],"wp:attachment":[{"href":"https:\/\/bergers-schlagerparadies.de\/index.php?rest_route=%2Fwp%2Fv2%2Fmedia&parent=5479"}],"wp:term":[{"taxonomy":"category","embeddable":true,"href":"https:\/\/bergers-schlagerparadies.de\/index.php?rest_route=%2Fwp%2Fv2%2Fcategories&post=5479"},{"taxonomy":"post_tag","embeddable":true,"href":"https:\/\/bergers-schlagerparadies.de\/index.php?rest_route=%2Fwp%2Fv2%2Ftags&post=5479"}],"curies":[{"name":"wp","href":"https:\/\/api.w.org\/{rel}","templated":true}]}}