{"id":5403,"date":"2021-08-16T10:30:03","date_gmt":"2021-08-16T08:30:03","guid":{"rendered":"http:\/\/bergers-schlagerparadies.de\/?p=5403"},"modified":"2021-08-10T12:55:46","modified_gmt":"2021-08-10T10:55:46","slug":"arno-verano-ich-will-mit-dir-schweben-%c2%b7-bergers-schlagerparadies","status":"publish","type":"post","link":"https:\/\/bergers-schlagerparadies.de\/?p=5403","title":{"rendered":"Arno Verano &#8211; Ich will mit Dir schweben \u00b7 Berger\u00b4s Schlagerparadies"},"content":{"rendered":"<p><img loading=\"lazy\" decoding=\"async\" class=\"size-medium wp-image-5404 alignleft\" src=\"https:\/\/bergers-schlagerparadies.de\/wp-content\/uploads\/2021\/08\/Arno-Verano-Ich-will-mit-Dir-schweben-300x300.jpg\" alt=\"\" width=\"300\" height=\"300\" srcset=\"https:\/\/bergers-schlagerparadies.de\/wp-content\/uploads\/2021\/08\/Arno-Verano-Ich-will-mit-Dir-schweben-300x300.jpg 300w, https:\/\/bergers-schlagerparadies.de\/wp-content\/uploads\/2021\/08\/Arno-Verano-Ich-will-mit-Dir-schweben-150x150.jpg 150w, https:\/\/bergers-schlagerparadies.de\/wp-content\/uploads\/2021\/08\/Arno-Verano-Ich-will-mit-Dir-schweben-768x768.jpg 768w, https:\/\/bergers-schlagerparadies.de\/wp-content\/uploads\/2021\/08\/Arno-Verano-Ich-will-mit-Dir-schweben-100x100.jpg 100w, https:\/\/bergers-schlagerparadies.de\/wp-content\/uploads\/2021\/08\/Arno-Verano-Ich-will-mit-Dir-schweben.jpg 800w\" sizes=\"auto, (max-width: 300px) 100vw, 300px\" \/>&#8222;Schlager meets Eurodance&#8220;<br \/>\nDie 90er sind zur\u00fcck. Arno Verano, der Schlager-Import aus dem hohen Norden, mischt modernen Schlager mit Eurodance Kl\u00e4ngen des legend\u00e4ren Jahrzehnts. \u201eIch will mit dir schweben\u201c hei\u00dft seine neue Schlager Hymne, die er wieder selbst komponiert und getextet hat. Inspiriert ist der Song von den Eurodance-Klassikern der 90er und dem Disco-Sound der 00er.<\/p>\n<p>Arrangiert und produziert wurde das Lied vom Hamburger Produzenten Jens Michaelis.<\/p>\n<p>Der Text handelt vom Vermissen. Diese eine Person, auf die man sich freut und nach der man sich so sehr sehnt. Das Verlangen nach ihr, f\u00fcr die man einfach alles tun w\u00fcrde, die man sp\u00fcren will und mit der man schweben m\u00f6chte.<\/p>\n<p>Arno Veranos neue Single ist authentisch und sp\u00e4testens bei dem Refrain wird es schwierig nicht direkt mitzutanzen, w\u00e4hrend der treibende Synthie Beat uns zur\u00fcck in das stylisch- bunte, Mega-Musikjahrzent der 90er beamt.<\/p>\n<p>Steigt ein in Arno Veranos Zeitmaschine und macht euch bereit auf eine Riesenparty und auf nostalgische Kl\u00e4nge, denn mit dieser Single trifft er mitten ins Schwarze.<\/p>\n<p><strong>Dieser Song ist ab dem 20.08.2021 in allen bekannten Onlineshops erh\u00e4ltlich!<\/strong><\/p>\n<p><iframe style=\"width: 120px; height: 240px;\" src=\"\/\/ws-eu.amazon-adsystem.com\/widgets\/q?ServiceVersion=20070822&amp;OneJS=1&amp;Operation=GetAdHtml&amp;MarketPlace=DE&amp;source=ss&amp;ref=as_ss_li_til&amp;ad_type=product_link&amp;tracking_id=bergers-21&amp;language=de_DE&amp;marketplace=amazon&amp;region=DE&amp;placement=B09BL84MDK&amp;asins=B09BL84MDK&amp;linkId=2eae171dcdbb5138d1ca23d1d08e5c8d&amp;show_border=true&amp;link_opens_in_new_window=true\" frameborder=\"0\" marginwidth=\"0\" marginheight=\"0\" scrolling=\"no\"><\/iframe><\/p>\n","protected":false},"excerpt":{"rendered":"<p>&#8222;Schlager meets Eurodance&#8220; Die 90er sind zur\u00fcck. Arno Verano, der Schlager-Import aus dem hohen Norden, mischt modernen Schlager mit Eurodance Kl\u00e4ngen des legend\u00e4ren Jahrzehnts. \u201eIch will mit dir schweben\u201c hei\u00dft seine neue Schlager Hymne, die er wieder selbst komponiert und getextet hat. Inspiriert ist der Song von den Eurodance-Klassikern der 90er und dem Disco-Sound der 00er. Arrangiert und produziert wurde das Lied vom Hamburger Produzenten Jens Michaelis. Der Text handelt vom Vermissen. Diese eine Person, auf die man sich freut und nach der man sich so sehr sehnt. Das Verlangen nach ihr, f\u00fcr die man einfach alles tun w\u00fcrde, die man sp\u00fcren will und mit&#8230;<\/p>\n","protected":false},"author":1,"featured_media":5404,"comment_status":"open","ping_status":"open","sticky":false,"template":"","format":"standard","meta":{"footnotes":""},"categories":[2],"tags":[475],"class_list":["post-5403","post","type-post","status-publish","format-standard","has-post-thumbnail","hentry","category-schlager","tag-arno-verano","wpcat-2-id"],"_links":{"self":[{"href":"https:\/\/bergers-schlagerparadies.de\/index.php?rest_route=\/wp\/v2\/posts\/5403","targetHints":{"allow":["GET"]}}],"collection":[{"href":"https:\/\/bergers-schlagerparadies.de\/index.php?rest_route=\/wp\/v2\/posts"}],"about":[{"href":"https:\/\/bergers-schlagerparadies.de\/index.php?rest_route=\/wp\/v2\/types\/post"}],"author":[{"embeddable":true,"href":"https:\/\/bergers-schlagerparadies.de\/index.php?rest_route=\/wp\/v2\/users\/1"}],"replies":[{"embeddable":true,"href":"https:\/\/bergers-schlagerparadies.de\/index.php?rest_route=%2Fwp%2Fv2%2Fcomments&post=5403"}],"version-history":[{"count":1,"href":"https:\/\/bergers-schlagerparadies.de\/index.php?rest_route=\/wp\/v2\/posts\/5403\/revisions"}],"predecessor-version":[{"id":5405,"href":"https:\/\/bergers-schlagerparadies.de\/index.php?rest_route=\/wp\/v2\/posts\/5403\/revisions\/5405"}],"wp:featuredmedia":[{"embeddable":true,"href":"https:\/\/bergers-schlagerparadies.de\/index.php?rest_route=\/wp\/v2\/media\/5404"}],"wp:attachment":[{"href":"https:\/\/bergers-schlagerparadies.de\/index.php?rest_route=%2Fwp%2Fv2%2Fmedia&parent=5403"}],"wp:term":[{"taxonomy":"category","embeddable":true,"href":"https:\/\/bergers-schlagerparadies.de\/index.php?rest_route=%2Fwp%2Fv2%2Fcategories&post=5403"},{"taxonomy":"post_tag","embeddable":true,"href":"https:\/\/bergers-schlagerparadies.de\/index.php?rest_route=%2Fwp%2Fv2%2Ftags&post=5403"}],"curies":[{"name":"wp","href":"https:\/\/api.w.org\/{rel}","templated":true}]}}