{"id":5068,"date":"2021-07-19T13:19:27","date_gmt":"2021-07-19T11:19:27","guid":{"rendered":"http:\/\/bergers-schlagerparadies.de\/?p=5068"},"modified":"2021-07-19T13:19:27","modified_gmt":"2021-07-19T11:19:27","slug":"nik-seliger-richtig-oder-falsch-bergers-schlagerparadies","status":"publish","type":"post","link":"https:\/\/bergers-schlagerparadies.de\/?p=5068","title":{"rendered":"Nik Seliger &#8211; Richtig oder falsch | Berger\u00b4s Schlagerparadies"},"content":{"rendered":"<p><img loading=\"lazy\" decoding=\"async\" class=\"size-medium wp-image-5069 alignleft\" src=\"https:\/\/bergers-schlagerparadies.de\/wp-content\/uploads\/2021\/07\/Nik-Seliger-Richtig-oder-falsch-300x300.jpg\" alt=\"\" width=\"300\" height=\"300\" srcset=\"https:\/\/bergers-schlagerparadies.de\/wp-content\/uploads\/2021\/07\/Nik-Seliger-Richtig-oder-falsch-300x300.jpg 300w, https:\/\/bergers-schlagerparadies.de\/wp-content\/uploads\/2021\/07\/Nik-Seliger-Richtig-oder-falsch-150x150.jpg 150w, https:\/\/bergers-schlagerparadies.de\/wp-content\/uploads\/2021\/07\/Nik-Seliger-Richtig-oder-falsch-100x100.jpg 100w, https:\/\/bergers-schlagerparadies.de\/wp-content\/uploads\/2021\/07\/Nik-Seliger-Richtig-oder-falsch.jpg 580w\" sizes=\"auto, (max-width: 300px) 100vw, 300px\" \/>Nik Seliger ist mit seinem neuen Team zur\u00fcck in der Schlagerbranche.<\/p>\n<p>Nun stellt sich der Schlagers\u00e4nger mit seiner neuen Single die Frage: War es RICHTIG oder FALSCH?<\/p>\n<p>Nik Seliger ist in der N\u00e4he von Ulm aufgewachsen. Er stand schon auf vielen B\u00fchnen wie z.B. auf dem Cannstatter Wasen, eines der gr\u00f6\u00dften Volksfeste in S\u00fcddeutschland. Der S\u00e4nger war schon mit vielen benannten Schlagerstars auf der B\u00fchne wie z.B. Anna-Maria Zimmerman und Peter Wackel.<\/p>\n<p>Mit seinen Produzenten Michael Fischer (MF Music) arbeitet er an vielen weiteren Songs. Michael Fischer ist Texter und Komponist vieler Schlagerstars. Er dr\u00fcckt dem Schlager einen neuen Stempel auf. Richtig oder falsch stammt aus Niks eigener Feder.<\/p>\n<p>Mit seiner neuen Single verarbeitet er seine Lebenssituation, die er in den letzten Monaten durchlebt hat. Das dazugeh\u00f6rige Musikvideo wurde ebenfalls von Michael Fischer gedreht und ist ein absolutes Highlight.<\/p>\n<p>Der Schlager hat nun ein neues Gesicht und Nik arbeitet flei\u00dfig an weiteren Titeln.<\/p>\n<p><strong>Dieser Song ist ab dem\u00a023.07.2021\u00a0in allen bekannten Onlineshops erh\u00e4ltlich!<\/strong><\/p>\n<p><iframe style=\"width: 120px; height: 240px;\" src=\"\/\/ws-eu.amazon-adsystem.com\/widgets\/q?ServiceVersion=20070822&amp;OneJS=1&amp;Operation=GetAdHtml&amp;MarketPlace=DE&amp;source=ss&amp;ref=as_ss_li_til&amp;ad_type=product_link&amp;tracking_id=bergers-21&amp;language=de_DE&amp;marketplace=amazon&amp;region=DE&amp;placement=B098LJPFD6&amp;asins=B098LJPFD6&amp;linkId=ef6c7330380b383f7efd46c90bad5480&amp;show_border=true&amp;link_opens_in_new_window=true\" frameborder=\"0\" marginwidth=\"0\" marginheight=\"0\" scrolling=\"no\"><\/iframe><\/p>\n","protected":false},"excerpt":{"rendered":"<p>Nik Seliger ist mit seinem neuen Team zur\u00fcck in der Schlagerbranche. Nun stellt sich der Schlagers\u00e4nger mit seiner neuen Single die Frage: War es RICHTIG oder FALSCH? Nik Seliger ist in der N\u00e4he von Ulm aufgewachsen. Er stand schon auf vielen B\u00fchnen wie z.B. auf dem Cannstatter Wasen, eines der gr\u00f6\u00dften Volksfeste in S\u00fcddeutschland. Der S\u00e4nger war schon mit vielen benannten Schlagerstars auf der B\u00fchne wie z.B. Anna-Maria Zimmerman und Peter Wackel. Mit seinen Produzenten Michael Fischer (MF Music) arbeitet er an vielen weiteren Songs. Michael Fischer ist Texter und Komponist vieler Schlagerstars. Er dr\u00fcckt dem Schlager einen neuen Stempel auf. Richtig oder falsch stammt&#8230;<\/p>\n","protected":false},"author":1,"featured_media":5069,"comment_status":"open","ping_status":"open","sticky":false,"template":"","format":"standard","meta":{"footnotes":""},"categories":[2],"tags":[650],"class_list":["post-5068","post","type-post","status-publish","format-standard","has-post-thumbnail","hentry","category-schlager","tag-nik-seliger","wpcat-2-id"],"_links":{"self":[{"href":"https:\/\/bergers-schlagerparadies.de\/index.php?rest_route=\/wp\/v2\/posts\/5068","targetHints":{"allow":["GET"]}}],"collection":[{"href":"https:\/\/bergers-schlagerparadies.de\/index.php?rest_route=\/wp\/v2\/posts"}],"about":[{"href":"https:\/\/bergers-schlagerparadies.de\/index.php?rest_route=\/wp\/v2\/types\/post"}],"author":[{"embeddable":true,"href":"https:\/\/bergers-schlagerparadies.de\/index.php?rest_route=\/wp\/v2\/users\/1"}],"replies":[{"embeddable":true,"href":"https:\/\/bergers-schlagerparadies.de\/index.php?rest_route=%2Fwp%2Fv2%2Fcomments&post=5068"}],"version-history":[{"count":1,"href":"https:\/\/bergers-schlagerparadies.de\/index.php?rest_route=\/wp\/v2\/posts\/5068\/revisions"}],"predecessor-version":[{"id":5070,"href":"https:\/\/bergers-schlagerparadies.de\/index.php?rest_route=\/wp\/v2\/posts\/5068\/revisions\/5070"}],"wp:featuredmedia":[{"embeddable":true,"href":"https:\/\/bergers-schlagerparadies.de\/index.php?rest_route=\/wp\/v2\/media\/5069"}],"wp:attachment":[{"href":"https:\/\/bergers-schlagerparadies.de\/index.php?rest_route=%2Fwp%2Fv2%2Fmedia&parent=5068"}],"wp:term":[{"taxonomy":"category","embeddable":true,"href":"https:\/\/bergers-schlagerparadies.de\/index.php?rest_route=%2Fwp%2Fv2%2Fcategories&post=5068"},{"taxonomy":"post_tag","embeddable":true,"href":"https:\/\/bergers-schlagerparadies.de\/index.php?rest_route=%2Fwp%2Fv2%2Ftags&post=5068"}],"curies":[{"name":"wp","href":"https:\/\/api.w.org\/{rel}","templated":true}]}}