{"id":5014,"date":"2021-07-14T10:32:23","date_gmt":"2021-07-14T08:32:23","guid":{"rendered":"http:\/\/bergers-schlagerparadies.de\/?p=5014"},"modified":"2021-07-14T10:32:23","modified_gmt":"2021-07-14T08:32:23","slug":"michael-corda-sabine-elara-ich-will-nur-dich-allein-bergers-schlagerparadies","status":"publish","type":"post","link":"https:\/\/bergers-schlagerparadies.de\/?p=5014","title":{"rendered":"Michael Corda &#038; Sabine Elara &#8211; Ich will nur dich allein | Berger\u00b4s Schlagerparadies"},"content":{"rendered":"<p><img loading=\"lazy\" decoding=\"async\" class=\"size-medium wp-image-5015 alignleft\" src=\"https:\/\/bergers-schlagerparadies.de\/wp-content\/uploads\/2021\/07\/Michael-Corda-Sabine-Elara-Ich-will-nur-dich-allein-300x300.jpg\" alt=\"\" width=\"300\" height=\"300\" srcset=\"https:\/\/bergers-schlagerparadies.de\/wp-content\/uploads\/2021\/07\/Michael-Corda-Sabine-Elara-Ich-will-nur-dich-allein-300x300.jpg 300w, https:\/\/bergers-schlagerparadies.de\/wp-content\/uploads\/2021\/07\/Michael-Corda-Sabine-Elara-Ich-will-nur-dich-allein-150x150.jpg 150w, https:\/\/bergers-schlagerparadies.de\/wp-content\/uploads\/2021\/07\/Michael-Corda-Sabine-Elara-Ich-will-nur-dich-allein-100x100.jpg 100w, https:\/\/bergers-schlagerparadies.de\/wp-content\/uploads\/2021\/07\/Michael-Corda-Sabine-Elara-Ich-will-nur-dich-allein.jpg 580w\" sizes=\"auto, (max-width: 300px) 100vw, 300px\" \/>Sabine Elara und Michael Corda wagen es erneut. Nach ihrem ersten Duett &#8222;Sag mir nur was du jetzt willst&#8220; kommt jetzt endlich die Antwort als tanzbares Liebesduett. &#8222;Ich will nur dich allein&#8220; hei\u00dft ihr zweites gemeinsames Lied, welches voller Romantik steckt. Perfekt zum Tanzen und Tr\u00e4umen an hei\u00dfen Sommerabenden.<\/p>\n<p>Den Text f\u00fcr \u201eIch will nur dich allein\u201c haben Sabine Elara und Michael Corda zusammengeschrieben. Die Musik hat Michael Corda komponiert. Produziert hat den Titel Hitproduzent Jack Price, der f\u00fcr seine zahlreichen modernen Produktionen bekannt ist.<\/p>\n<p>Michael ist seit 2019 als Komponist und Texter im Schlagerbereich aktiv. Im Sommer 2020 startete er als S\u00e4nger durch und ver\u00f6ffentlichte seine Songs \u201eSo ist das Leben\u201c, \u201eUnendlich frei\u201c, \u201eIch suche dich\u201c sowie das erste Duett \u201eSag mir nur was du jetzt willst\u201c zusammen mit Sabine Elara. Auch Sabine schreibt und komponiert ihre Lieder selbst.<\/p>\n<p>Mit \u201eAchterbahn ins Gl\u00fcck\u201c schaffte es Sabine, sich 2019 in mehreren Radiohitparaden zu etablieren. Ihre nachfolgende Single \u201eFassade aus Gold\u201c erschien im Sommer 2020 und konnte an diese Erfolge ankn\u00fcpfen. Erst k\u00fcrzlich ver\u00f6ffentlichte sie ihr Lied \u201eHast du heute schon gelacht?\u201c.<\/p>\n<p>Weitere Infos unter www.michaelcorda.com und www.sabine-elara.de.<\/p>\n<p><strong>Dieser Song ist ab dem\u00a016.07.2021\u00a0in allen bekannten Onlineshops erh\u00e4ltlich!<\/strong><\/p>\n<p><iframe style=\"width: 120px; height: 240px;\" src=\"\/\/ws-eu.amazon-adsystem.com\/widgets\/q?ServiceVersion=20070822&amp;OneJS=1&amp;Operation=GetAdHtml&amp;MarketPlace=DE&amp;source=ss&amp;ref=as_ss_li_til&amp;ad_type=product_link&amp;tracking_id=bergers-21&amp;language=de_DE&amp;marketplace=amazon&amp;region=DE&amp;placement=B097Z7CSCQ&amp;asins=B097Z7CSCQ&amp;linkId=34e829713624928d6e5df87becdbd268&amp;show_border=true&amp;link_opens_in_new_window=true\" frameborder=\"0\" marginwidth=\"0\" marginheight=\"0\" scrolling=\"no\"><\/iframe><\/p>\n","protected":false},"excerpt":{"rendered":"<p>Sabine Elara und Michael Corda wagen es erneut. Nach ihrem ersten Duett &#8222;Sag mir nur was du jetzt willst&#8220; kommt jetzt endlich die Antwort als tanzbares Liebesduett. &#8222;Ich will nur dich allein&#8220; hei\u00dft ihr zweites gemeinsames Lied, welches voller Romantik steckt. Perfekt zum Tanzen und Tr\u00e4umen an hei\u00dfen Sommerabenden. Den Text f\u00fcr \u201eIch will nur dich allein\u201c haben Sabine Elara und Michael Corda zusammengeschrieben. Die Musik hat Michael Corda komponiert. Produziert hat den Titel Hitproduzent Jack Price, der f\u00fcr seine zahlreichen modernen Produktionen bekannt ist. Michael ist seit 2019 als Komponist und Texter im Schlagerbereich aktiv. Im Sommer 2020 startete er als S\u00e4nger durch und&#8230;<\/p>\n","protected":false},"author":1,"featured_media":5015,"comment_status":"open","ping_status":"open","sticky":false,"template":"","format":"standard","meta":{"footnotes":""},"categories":[2],"tags":[311],"class_list":["post-5014","post","type-post","status-publish","format-standard","has-post-thumbnail","hentry","category-schlager","tag-michael-corda-sabine-elara","wpcat-2-id"],"_links":{"self":[{"href":"https:\/\/bergers-schlagerparadies.de\/index.php?rest_route=\/wp\/v2\/posts\/5014","targetHints":{"allow":["GET"]}}],"collection":[{"href":"https:\/\/bergers-schlagerparadies.de\/index.php?rest_route=\/wp\/v2\/posts"}],"about":[{"href":"https:\/\/bergers-schlagerparadies.de\/index.php?rest_route=\/wp\/v2\/types\/post"}],"author":[{"embeddable":true,"href":"https:\/\/bergers-schlagerparadies.de\/index.php?rest_route=\/wp\/v2\/users\/1"}],"replies":[{"embeddable":true,"href":"https:\/\/bergers-schlagerparadies.de\/index.php?rest_route=%2Fwp%2Fv2%2Fcomments&post=5014"}],"version-history":[{"count":1,"href":"https:\/\/bergers-schlagerparadies.de\/index.php?rest_route=\/wp\/v2\/posts\/5014\/revisions"}],"predecessor-version":[{"id":5016,"href":"https:\/\/bergers-schlagerparadies.de\/index.php?rest_route=\/wp\/v2\/posts\/5014\/revisions\/5016"}],"wp:featuredmedia":[{"embeddable":true,"href":"https:\/\/bergers-schlagerparadies.de\/index.php?rest_route=\/wp\/v2\/media\/5015"}],"wp:attachment":[{"href":"https:\/\/bergers-schlagerparadies.de\/index.php?rest_route=%2Fwp%2Fv2%2Fmedia&parent=5014"}],"wp:term":[{"taxonomy":"category","embeddable":true,"href":"https:\/\/bergers-schlagerparadies.de\/index.php?rest_route=%2Fwp%2Fv2%2Fcategories&post=5014"},{"taxonomy":"post_tag","embeddable":true,"href":"https:\/\/bergers-schlagerparadies.de\/index.php?rest_route=%2Fwp%2Fv2%2Ftags&post=5014"}],"curies":[{"name":"wp","href":"https:\/\/api.w.org\/{rel}","templated":true}]}}