{"id":5011,"date":"2021-07-14T10:25:31","date_gmt":"2021-07-14T08:25:31","guid":{"rendered":"http:\/\/bergers-schlagerparadies.de\/?p=5011"},"modified":"2021-07-14T10:25:31","modified_gmt":"2021-07-14T08:25:31","slug":"cain-grabisch-insel-der-traeume-bergers-schlagerparadies","status":"publish","type":"post","link":"https:\/\/bergers-schlagerparadies.de\/?p=5011","title":{"rendered":"Cain Grabisch &#8211; Insel der Tr\u00e4ume | Berger\u00b4s Schlagerparadies"},"content":{"rendered":"<p><img loading=\"lazy\" decoding=\"async\" class=\"size-medium wp-image-5012 alignleft\" src=\"https:\/\/bergers-schlagerparadies.de\/wp-content\/uploads\/2021\/07\/Cain-Grabisch-Insel-der-Traeume-300x300.jpg\" alt=\"\" width=\"300\" height=\"300\" srcset=\"https:\/\/bergers-schlagerparadies.de\/wp-content\/uploads\/2021\/07\/Cain-Grabisch-Insel-der-Traeume-300x300.jpg 300w, https:\/\/bergers-schlagerparadies.de\/wp-content\/uploads\/2021\/07\/Cain-Grabisch-Insel-der-Traeume-150x150.jpg 150w, https:\/\/bergers-schlagerparadies.de\/wp-content\/uploads\/2021\/07\/Cain-Grabisch-Insel-der-Traeume-100x100.jpg 100w, https:\/\/bergers-schlagerparadies.de\/wp-content\/uploads\/2021\/07\/Cain-Grabisch-Insel-der-Traeume.jpg 580w\" sizes=\"auto, (max-width: 300px) 100vw, 300px\" \/>Cain Grabisch lebt f\u00fcr die Insel Mallorca und verpackt seine Emotionen in diesen einzigartigen Song.<br \/>\nObwohl Chemnitz seine Wahlheimat ist, zieht es den jungen Musiker immer wieder auf die spanische Insel.<\/p>\n<p>Er ist nicht der typische Schlagers\u00e4nger und bringt daher seinen speziellen eigenen Style mit diesem Titel mit.<\/p>\n<p>Denny Sch\u00f6nemann schrieb ihm diesen Text auf den Leib und J\u00f6rg Lamster komponierte die entsprechende Melodie.<\/p>\n<p>Im Wetcat Studio in Uslar entstand die Produktion, mit der sich sicher viele Mallorca Liebhaber identifizieren k\u00f6nnen.<\/p>\n<p>Rein in den Flieger und ab nach Mallorca, auf die Insel der Tr\u00e4ume!<\/p>\n<p><strong>Dieser Song ist ab dem\u00a016.07.2021\u00a0in allen bekannten Onlineshops erh\u00e4ltlich!<\/strong><\/p>\n<p><iframe style=\"width: 120px; height: 240px;\" src=\"\/\/ws-eu.amazon-adsystem.com\/widgets\/q?ServiceVersion=20070822&amp;OneJS=1&amp;Operation=GetAdHtml&amp;MarketPlace=DE&amp;source=ss&amp;ref=as_ss_li_til&amp;ad_type=product_link&amp;tracking_id=bergers-21&amp;language=de_DE&amp;marketplace=amazon&amp;region=DE&amp;placement=B0984WYGP1&amp;asins=B0984WYGP1&amp;linkId=602adc2fe117fc6a6634a6ab11a451fc&amp;show_border=true&amp;link_opens_in_new_window=true\" frameborder=\"0\" marginwidth=\"0\" marginheight=\"0\" scrolling=\"no\"><\/iframe><\/p>\n","protected":false},"excerpt":{"rendered":"<p>Cain Grabisch lebt f\u00fcr die Insel Mallorca und verpackt seine Emotionen in diesen einzigartigen Song. Obwohl Chemnitz seine Wahlheimat ist, zieht es den jungen Musiker immer wieder auf die spanische Insel. Er ist nicht der typische Schlagers\u00e4nger und bringt daher seinen speziellen eigenen Style mit diesem Titel mit. Denny Sch\u00f6nemann schrieb ihm diesen Text auf den Leib und J\u00f6rg Lamster komponierte die entsprechende Melodie. Im Wetcat Studio in Uslar entstand die Produktion, mit der sich sicher viele Mallorca Liebhaber identifizieren k\u00f6nnen. Rein in den Flieger und ab nach Mallorca, auf die Insel der Tr\u00e4ume! Dieser Song ist ab dem\u00a016.07.2021\u00a0in allen bekannten Onlineshops erh\u00e4ltlich!<\/p>\n","protected":false},"author":1,"featured_media":5012,"comment_status":"open","ping_status":"open","sticky":false,"template":"","format":"standard","meta":{"footnotes":""},"categories":[2],"tags":[643],"class_list":["post-5011","post","type-post","status-publish","format-standard","has-post-thumbnail","hentry","category-schlager","tag-cain-grabisch","wpcat-2-id"],"_links":{"self":[{"href":"https:\/\/bergers-schlagerparadies.de\/index.php?rest_route=\/wp\/v2\/posts\/5011","targetHints":{"allow":["GET"]}}],"collection":[{"href":"https:\/\/bergers-schlagerparadies.de\/index.php?rest_route=\/wp\/v2\/posts"}],"about":[{"href":"https:\/\/bergers-schlagerparadies.de\/index.php?rest_route=\/wp\/v2\/types\/post"}],"author":[{"embeddable":true,"href":"https:\/\/bergers-schlagerparadies.de\/index.php?rest_route=\/wp\/v2\/users\/1"}],"replies":[{"embeddable":true,"href":"https:\/\/bergers-schlagerparadies.de\/index.php?rest_route=%2Fwp%2Fv2%2Fcomments&post=5011"}],"version-history":[{"count":1,"href":"https:\/\/bergers-schlagerparadies.de\/index.php?rest_route=\/wp\/v2\/posts\/5011\/revisions"}],"predecessor-version":[{"id":5013,"href":"https:\/\/bergers-schlagerparadies.de\/index.php?rest_route=\/wp\/v2\/posts\/5011\/revisions\/5013"}],"wp:featuredmedia":[{"embeddable":true,"href":"https:\/\/bergers-schlagerparadies.de\/index.php?rest_route=\/wp\/v2\/media\/5012"}],"wp:attachment":[{"href":"https:\/\/bergers-schlagerparadies.de\/index.php?rest_route=%2Fwp%2Fv2%2Fmedia&parent=5011"}],"wp:term":[{"taxonomy":"category","embeddable":true,"href":"https:\/\/bergers-schlagerparadies.de\/index.php?rest_route=%2Fwp%2Fv2%2Fcategories&post=5011"},{"taxonomy":"post_tag","embeddable":true,"href":"https:\/\/bergers-schlagerparadies.de\/index.php?rest_route=%2Fwp%2Fv2%2Ftags&post=5011"}],"curies":[{"name":"wp","href":"https:\/\/api.w.org\/{rel}","templated":true}]}}