{"id":46733,"date":"2026-09-06T12:24:27","date_gmt":"2026-09-06T10:24:27","guid":{"rendered":"https:\/\/bergers-schlagerparadies.de\/?p=46733"},"modified":"2026-09-06T12:24:27","modified_gmt":"2026-09-06T10:24:27","slug":"tobias-stein-grenzenlose-leidenschaft-album-%c2%b7-bergers-schlagerparadies","status":"publish","type":"post","link":"https:\/\/bergers-schlagerparadies.de\/?p=46733","title":{"rendered":"TOBIAS STEIN &#8211; Grenzenlose Leidenschaft (Album) \u00b7 Berger\u00b4s Schlagerparadies"},"content":{"rendered":"<p><img loading=\"lazy\" decoding=\"async\" class=\"size-medium wp-image-46734 alignleft\" src=\"https:\/\/bergers-schlagerparadies.de\/wp-content\/uploads\/2026\/09\/TOBIAS-STEIN-Grenzenlose-Leidenschaft-300x300.jpeg\" alt=\"\" width=\"300\" height=\"300\" srcset=\"https:\/\/bergers-schlagerparadies.de\/wp-content\/uploads\/2026\/09\/TOBIAS-STEIN-Grenzenlose-Leidenschaft-300x300.jpeg 300w, https:\/\/bergers-schlagerparadies.de\/wp-content\/uploads\/2026\/09\/TOBIAS-STEIN-Grenzenlose-Leidenschaft-1024x1024.jpeg 1024w, https:\/\/bergers-schlagerparadies.de\/wp-content\/uploads\/2026\/09\/TOBIAS-STEIN-Grenzenlose-Leidenschaft-150x150.jpeg 150w, https:\/\/bergers-schlagerparadies.de\/wp-content\/uploads\/2026\/09\/TOBIAS-STEIN-Grenzenlose-Leidenschaft-768x768.jpeg 768w, https:\/\/bergers-schlagerparadies.de\/wp-content\/uploads\/2026\/09\/TOBIAS-STEIN-Grenzenlose-Leidenschaft-1188x1188.jpeg 1188w, https:\/\/bergers-schlagerparadies.de\/wp-content\/uploads\/2026\/09\/TOBIAS-STEIN-Grenzenlose-Leidenschaft-100x100.jpeg 100w, https:\/\/bergers-schlagerparadies.de\/wp-content\/uploads\/2026\/09\/TOBIAS-STEIN-Grenzenlose-Leidenschaft.jpeg 1200w\" sizes=\"auto, (max-width: 300px) 100vw, 300px\" \/>TOBIAS STEIN aus Th\u00fcringen ist Musiker, S\u00e4nger und Radiomoderator. Im Jahr 1977 in eine Musikerfamiliegeboren begann seine musikalische Laufbahn bereits im Alter von f\u00fcnf Jahren gepr\u00e4gt durch dieFamilientradition. Als Multiinstrumentalist sammelte er \u00fcber viele Jahre Erfahrungen in verschiedenenFormationen, bevor er 2016 seine Solokarriere startete.<\/p>\n<p>Gemeinsam mit namhaften Komponisten und Textern entstanden seine ersten eigenen Titel, die ihm sowohl auf der B\u00fchne als auch in den Medien gro\u00dfe Aufmerksamkeit verschafften. Mit seiner authentischen Stimme und seiner Leidenschaft f\u00fcr die Musik begeistert Tobias Stein sein Publikum und setzt mit jeder seiner Ver\u00f6ffentlichungen neue musikalische Akzente. Mit den Br\u00fcdern Georg und Walter W\u00f6rle fand er eine Produktionsfamilie, dessen Herzen im selben Takt mit seinem schlagen. Gemeinsam mit ihnen entstand auch dieses Album in ihrem popul\u00e4ren Tonstudio in Baisweil im Allg\u00e4u. Mit diesem Album beweisen die drei, dass f\u00fcr sie die Musik nicht nur ein Hobby, sondern \u201eGrenzenlose Leidenschaft\u201c ist.<\/p>\n<p><span style=\"color: #800000;\"><strong>Quelle: Tyrolis<\/strong><\/span><\/p>\n<p><span style=\"color: #800000;\"><strong>Dieses Album ist ab dem 04. September 2026 auf allen Download- und Streaming-Portalen erh\u00e4ltlich.\u00a0<\/strong><\/span><\/p>\n<p><span style=\"color: #800000;\"><strong>Airdate (f\u00fcr Radiosender): 04. September 2026<\/strong><\/span><\/p>\n<p>&nbsp;<\/p>\n","protected":false},"excerpt":{"rendered":"<p>TOBIAS STEIN aus Th\u00fcringen ist Musiker, S\u00e4nger und Radiomoderator. Im Jahr 1977 in eine Musikerfamiliegeboren begann seine musikalische Laufbahn bereits im Alter von f\u00fcnf Jahren gepr\u00e4gt durch dieFamilientradition. Als Multiinstrumentalist sammelte er \u00fcber viele Jahre Erfahrungen in verschiedenenFormationen, bevor er 2016 seine Solokarriere startete. Gemeinsam mit namhaften Komponisten und Textern entstanden seine ersten eigenen Titel, die ihm sowohl auf der B\u00fchne als auch in den Medien gro\u00dfe Aufmerksamkeit verschafften. Mit seiner authentischen Stimme und seiner Leidenschaft f\u00fcr die Musik begeistert Tobias Stein sein Publikum und setzt mit jeder seiner Ver\u00f6ffentlichungen neue musikalische Akzente. Mit den Br\u00fcdern Georg und Walter W\u00f6rle fand er eine Produktionsfamilie, dessen&#8230;<\/p>\n","protected":false},"author":1,"featured_media":46734,"comment_status":"open","ping_status":"open","sticky":false,"template":"","format":"standard","meta":{"footnotes":""},"categories":[3257,3231,3255,3298,3459],"tags":[5024],"class_list":["post-46733","post","type-post","status-publish","format-standard","has-post-thumbnail","hentry","category-album","category-bergers-schlagerparadies","category-deutsch","category-pop-deutschsprachig","category-tyrolis","tag-tobias-stein","wpcat-3257-id","wpcat-3231-id","wpcat-3255-id","wpcat-3298-id","wpcat-3459-id"],"_links":{"self":[{"href":"https:\/\/bergers-schlagerparadies.de\/index.php?rest_route=\/wp\/v2\/posts\/46733","targetHints":{"allow":["GET"]}}],"collection":[{"href":"https:\/\/bergers-schlagerparadies.de\/index.php?rest_route=\/wp\/v2\/posts"}],"about":[{"href":"https:\/\/bergers-schlagerparadies.de\/index.php?rest_route=\/wp\/v2\/types\/post"}],"author":[{"embeddable":true,"href":"https:\/\/bergers-schlagerparadies.de\/index.php?rest_route=\/wp\/v2\/users\/1"}],"replies":[{"embeddable":true,"href":"https:\/\/bergers-schlagerparadies.de\/index.php?rest_route=%2Fwp%2Fv2%2Fcomments&post=46733"}],"version-history":[{"count":2,"href":"https:\/\/bergers-schlagerparadies.de\/index.php?rest_route=\/wp\/v2\/posts\/46733\/revisions"}],"predecessor-version":[{"id":46738,"href":"https:\/\/bergers-schlagerparadies.de\/index.php?rest_route=\/wp\/v2\/posts\/46733\/revisions\/46738"}],"wp:featuredmedia":[{"embeddable":true,"href":"https:\/\/bergers-schlagerparadies.de\/index.php?rest_route=\/wp\/v2\/media\/46734"}],"wp:attachment":[{"href":"https:\/\/bergers-schlagerparadies.de\/index.php?rest_route=%2Fwp%2Fv2%2Fmedia&parent=46733"}],"wp:term":[{"taxonomy":"category","embeddable":true,"href":"https:\/\/bergers-schlagerparadies.de\/index.php?rest_route=%2Fwp%2Fv2%2Fcategories&post=46733"},{"taxonomy":"post_tag","embeddable":true,"href":"https:\/\/bergers-schlagerparadies.de\/index.php?rest_route=%2Fwp%2Fv2%2Ftags&post=46733"}],"curies":[{"name":"wp","href":"https:\/\/api.w.org\/{rel}","templated":true}]}}