{"id":46622,"date":"2026-09-01T22:50:45","date_gmt":"2026-09-01T20:50:45","guid":{"rendered":"https:\/\/bergers-schlagerparadies.de\/?p=46622"},"modified":"2026-09-01T22:50:45","modified_gmt":"2026-09-01T20:50:45","slug":"marko-abend-auf-anderen-wegen-%c2%b7-bergers-schlagerparadies","status":"publish","type":"post","link":"https:\/\/bergers-schlagerparadies.de\/?p=46622","title":{"rendered":"MARKO ABEND &#8211; AUF ANDEREN WEGEN \u00b7 Berger\u00b4s Schlagerparadies"},"content":{"rendered":"<p><img loading=\"lazy\" decoding=\"async\" class=\"size-medium wp-image-46623 alignleft\" src=\"https:\/\/bergers-schlagerparadies.de\/wp-content\/uploads\/2026\/09\/MARKO-ABEND-AUF-ANDEREN-WEGEN-300x300.jpg\" alt=\"\" width=\"300\" height=\"300\" srcset=\"https:\/\/bergers-schlagerparadies.de\/wp-content\/uploads\/2026\/09\/MARKO-ABEND-AUF-ANDEREN-WEGEN-300x300.jpg 300w, https:\/\/bergers-schlagerparadies.de\/wp-content\/uploads\/2026\/09\/MARKO-ABEND-AUF-ANDEREN-WEGEN-1024x1024.jpg 1024w, https:\/\/bergers-schlagerparadies.de\/wp-content\/uploads\/2026\/09\/MARKO-ABEND-AUF-ANDEREN-WEGEN-150x150.jpg 150w, https:\/\/bergers-schlagerparadies.de\/wp-content\/uploads\/2026\/09\/MARKO-ABEND-AUF-ANDEREN-WEGEN-768x768.jpg 768w, https:\/\/bergers-schlagerparadies.de\/wp-content\/uploads\/2026\/09\/MARKO-ABEND-AUF-ANDEREN-WEGEN-1536x1536.jpg 1536w, https:\/\/bergers-schlagerparadies.de\/wp-content\/uploads\/2026\/09\/MARKO-ABEND-AUF-ANDEREN-WEGEN-2048x2048.jpg 2048w, https:\/\/bergers-schlagerparadies.de\/wp-content\/uploads\/2026\/09\/MARKO-ABEND-AUF-ANDEREN-WEGEN-1188x1188.jpg 1188w, https:\/\/bergers-schlagerparadies.de\/wp-content\/uploads\/2026\/09\/MARKO-ABEND-AUF-ANDEREN-WEGEN-100x100.jpg 100w\" sizes=\"auto, (max-width: 300px) 100vw, 300px\" \/>Marko Abend ist zur\u00fcck \u2013 und stellt mit seiner neuen Single \u201eAuf anderen Wegen\u201c eine Frage, die viele Menschen aus eigener Erfahrung kennen: Gehen wir gemeinsam weiter oder irgendwann doch getrennte Wege?<\/p>\n<p>Mit \u201eAuf anderen Wegen\u201c widmet sich Marko Abend erneut den gro\u00dfen und kleinen Momenten zwischen zwei Menschen. Es geht um N\u00e4he und Distanz, um Entscheidungen, Zweifel und die Frage, was passiert, wenn zwei Menschen zwar denselben Weg begonnen haben, am Ende aber vielleicht unterschiedliche Richtungen einschlagen.<\/p>\n<p>Musikalisch setzt Marko Abend dabei auf einen modernen, tanzbaren Beat mit ausgepr\u00e4gtem Ohrwurmcharakter. Eing\u00e4ngige Melodien und ein Refrain, der schnell im Kopf bleibt, machen den Song zu einem Titel, der nicht nur zum Zuh\u00f6ren, sondern auch zum Mitsingen und Tanzen einl\u00e4dt.<\/p>\n<p>Wie bei zahlreichen seiner bisherigen Ver\u00f6ffentlichungen stammt auch \u201eAuf anderen Wegen\u201c aus der eigenen Feder von Marko Abend. Text und Komposition tragen damit seine pers\u00f6nliche Handschrift und verbinden eing\u00e4ngige Pop-Schlager-Elemente mit einer authentischen Geschichte aus dem Leben.<\/p>\n<p>Besonders pr\u00e4gend bleibt dabei seine markante, rauchige Stimme, die dem Song seinen unverwechselbaren Charakter verleiht. Marko Abend gelingt es erneut, emotionale Inhalte mit einem modernen und zug\u00e4nglichen Sound zu verbinden \u2013 pers\u00f6nlich, direkt und ohne gro\u00dfe Umwege.<\/p>\n<p>\u201eAuf anderen Wegen\u201c zeigt damit einmal mehr die musikalische Bandbreite des K\u00fcnstlers und seine F\u00e4higkeit, allt\u00e4gliche Gef\u00fchle in eing\u00e4ngige Songs zu verwandeln. Ein Titel \u00fcber Beziehungen, Entscheidungen und die Wege, die das Leben manchmal f\u00fcr uns bereith\u00e4lt.<\/p>\n<p>Die neue Single erscheint wieder beim Label ONE4YOU Records.<\/p>\n<p><span style=\"color: #800000;\"><strong>Quelle: ONE4YOU Records<\/strong><\/span><\/p>\n<p><span style=\"color: #800000;\"><strong>Dieser Song ist ab dem 31. August 2026 auf allen Download- und Streaming-Portalen erh\u00e4ltlich.\u00a0<\/strong><\/span><\/p>\n<p><span style=\"color: #800000;\"><strong>Airdate (f\u00fcr Radiosender): 31. August 2026<\/strong><\/span><\/p>\n","protected":false},"excerpt":{"rendered":"<p>Marko Abend ist zur\u00fcck \u2013 und stellt mit seiner neuen Single \u201eAuf anderen Wegen\u201c eine Frage, die viele Menschen aus eigener Erfahrung kennen: Gehen wir gemeinsam weiter oder irgendwann doch getrennte Wege? Mit \u201eAuf anderen Wegen\u201c widmet sich Marko Abend erneut den gro\u00dfen und kleinen Momenten zwischen zwei Menschen. Es geht um N\u00e4he und Distanz, um Entscheidungen, Zweifel und die Frage, was passiert, wenn zwei Menschen zwar denselben Weg begonnen haben, am Ende aber vielleicht unterschiedliche Richtungen einschlagen. Musikalisch setzt Marko Abend dabei auf einen modernen, tanzbaren Beat mit ausgepr\u00e4gtem Ohrwurmcharakter. Eing\u00e4ngige Melodien und ein Refrain, der schnell im Kopf bleibt, machen den Song zu&#8230;<\/p>\n","protected":false},"author":1,"featured_media":46623,"comment_status":"open","ping_status":"open","sticky":false,"template":"","format":"standard","meta":{"footnotes":""},"categories":[3231,3255,3377,2],"tags":[1088],"class_list":["post-46622","post","type-post","status-publish","format-standard","has-post-thumbnail","hentry","category-bergers-schlagerparadies","category-deutsch","category-one4you-records","category-schlager","tag-marko-abend","wpcat-3231-id","wpcat-3255-id","wpcat-3377-id","wpcat-2-id"],"_links":{"self":[{"href":"https:\/\/bergers-schlagerparadies.de\/index.php?rest_route=\/wp\/v2\/posts\/46622","targetHints":{"allow":["GET"]}}],"collection":[{"href":"https:\/\/bergers-schlagerparadies.de\/index.php?rest_route=\/wp\/v2\/posts"}],"about":[{"href":"https:\/\/bergers-schlagerparadies.de\/index.php?rest_route=\/wp\/v2\/types\/post"}],"author":[{"embeddable":true,"href":"https:\/\/bergers-schlagerparadies.de\/index.php?rest_route=\/wp\/v2\/users\/1"}],"replies":[{"embeddable":true,"href":"https:\/\/bergers-schlagerparadies.de\/index.php?rest_route=%2Fwp%2Fv2%2Fcomments&post=46622"}],"version-history":[{"count":1,"href":"https:\/\/bergers-schlagerparadies.de\/index.php?rest_route=\/wp\/v2\/posts\/46622\/revisions"}],"predecessor-version":[{"id":46624,"href":"https:\/\/bergers-schlagerparadies.de\/index.php?rest_route=\/wp\/v2\/posts\/46622\/revisions\/46624"}],"wp:featuredmedia":[{"embeddable":true,"href":"https:\/\/bergers-schlagerparadies.de\/index.php?rest_route=\/wp\/v2\/media\/46623"}],"wp:attachment":[{"href":"https:\/\/bergers-schlagerparadies.de\/index.php?rest_route=%2Fwp%2Fv2%2Fmedia&parent=46622"}],"wp:term":[{"taxonomy":"category","embeddable":true,"href":"https:\/\/bergers-schlagerparadies.de\/index.php?rest_route=%2Fwp%2Fv2%2Fcategories&post=46622"},{"taxonomy":"post_tag","embeddable":true,"href":"https:\/\/bergers-schlagerparadies.de\/index.php?rest_route=%2Fwp%2Fv2%2Ftags&post=46622"}],"curies":[{"name":"wp","href":"https:\/\/api.w.org\/{rel}","templated":true}]}}