{"id":46536,"date":"2026-08-31T10:30:03","date_gmt":"2026-08-31T08:30:03","guid":{"rendered":"https:\/\/bergers-schlagerparadies.de\/?p=46536"},"modified":"2026-09-01T21:53:28","modified_gmt":"2026-09-01T19:53:28","slug":"rene-ulbrich-papa-%c2%b7-bergers-schlagerparadies","status":"publish","type":"post","link":"https:\/\/bergers-schlagerparadies.de\/?p=46536","title":{"rendered":"Ren\u00e9 Ulbrich &#8211; Papa \u00b7 Berger\u00b4s Schlagerparadies"},"content":{"rendered":"<p><img loading=\"lazy\" decoding=\"async\" class=\"size-medium wp-image-46537 alignleft\" src=\"https:\/\/bergers-schlagerparadies.de\/wp-content\/uploads\/2026\/08\/Rene-Ulbrich-Papa-300x300.jpeg\" alt=\"\" width=\"300\" height=\"300\" srcset=\"https:\/\/bergers-schlagerparadies.de\/wp-content\/uploads\/2026\/08\/Rene-Ulbrich-Papa-300x300.jpeg 300w, https:\/\/bergers-schlagerparadies.de\/wp-content\/uploads\/2026\/08\/Rene-Ulbrich-Papa-1024x1024.jpeg 1024w, https:\/\/bergers-schlagerparadies.de\/wp-content\/uploads\/2026\/08\/Rene-Ulbrich-Papa-150x150.jpeg 150w, https:\/\/bergers-schlagerparadies.de\/wp-content\/uploads\/2026\/08\/Rene-Ulbrich-Papa-768x768.jpeg 768w, https:\/\/bergers-schlagerparadies.de\/wp-content\/uploads\/2026\/08\/Rene-Ulbrich-Papa-1536x1536.jpeg 1536w, https:\/\/bergers-schlagerparadies.de\/wp-content\/uploads\/2026\/08\/Rene-Ulbrich-Papa-2048x2048.jpeg 2048w, https:\/\/bergers-schlagerparadies.de\/wp-content\/uploads\/2026\/08\/Rene-Ulbrich-Papa-1188x1188.jpeg 1188w, https:\/\/bergers-schlagerparadies.de\/wp-content\/uploads\/2026\/08\/Rene-Ulbrich-Papa-100x100.jpeg 100w\" sizes=\"auto, (max-width: 300px) 100vw, 300px\" \/>Mit seiner neuen Single \u201ePapa\u201c ver\u00f6ffentlicht Ren\u00e9 Ulbrich einen der wohl bewegendsten Titel seiner bisherigen Laufbahn.<\/p>\n<p>Der Song erz\u00e4hlt die Geschichte einer Vater-Tochter-Beziehung nach einer Trennung \u2013 aus der Perspektive eines Vaters, der sein Kind nicht jeden Tag begleiten kann, aber jede gemeinsame Minute bewusst erlebt.<\/p>\n<p>Zwischen Vorfreude auf das Wiedersehen, gemeinsamen Erlebnissen und dem schmerzhaften Abschied entsteht ein musikalisches Bild, das viele Familien aus eigener Erfahrung kennen.<\/p>\n<p>\u201ePapa\u201c verzichtet auf gro\u00dfe Dramatik und setzt stattdessen auf Ehrlichkeit und Authentizit\u00e4t. Zeilen wie \u201eSehen wir uns Papa \u2013 in vierzehn Tagen\u201c oder \u201eSchade, dass Du nicht mehr bei uns zu Hause bist\u201c beschreiben Situationen, die f\u00fcr viele Trennungseltern und ihre Kinder zum Alltag geh\u00f6ren.<\/p>\n<p>Musikalisch verbindet Ren\u00e9 Ulbrich seine unverwechselbare Stimme mit einer emotionalen, zeitgem\u00e4\u00dfen Produktion und schafft damit einen Song, der weit \u00fcber den klassischen Schlager hinausgeht. \u201ePapa\u201c ist eine Hommage an die besondere Verbindung zwischen V\u00e4tern und ihren Kindern \u2013 auch dann, wenn das gemeinsame Leben nicht mehr unter einem Dach stattfindet.<\/p>\n<p>Mit \u00fcber zwei Jahrzehnten B\u00fchnenerfahrung, nennenswerten TV-Auftritten sowie Chartplatzierungen geh\u00f6rt Ren\u00e9 Ulbrich zu den etablierten K\u00fcnstlern der deutschsprachigen Musikszene. Als S\u00e4nger, Musiker und Songwriter schreibt er alle seine Titel selbst und verarbeitet dabei immer wieder echte Lebensthemen.<\/p>\n<p>\u201ePapa\u201c ist eines davon.<\/p>\n<p><span style=\"color: #800000;\"><strong>Quelle: Fiesta Records<\/strong><\/span><\/p>\n<p><span style=\"color: #800000;\"><strong>Dieser Song ist ab dem 04. September 2026 auf allen Download- und Streaming-Portalen erh\u00e4ltlich.\u00a0<\/strong><\/span><\/p>\n<p><span style=\"color: #800000;\"><strong>Airdate (f\u00fcr Radiosender): 31. August 2026<\/strong><\/span><\/p>\n","protected":false},"excerpt":{"rendered":"<p>Mit seiner neuen Single \u201ePapa\u201c ver\u00f6ffentlicht Ren\u00e9 Ulbrich einen der wohl bewegendsten Titel seiner bisherigen Laufbahn. Der Song erz\u00e4hlt die Geschichte einer Vater-Tochter-Beziehung nach einer Trennung \u2013 aus der Perspektive eines Vaters, der sein Kind nicht jeden Tag begleiten kann, aber jede gemeinsame Minute bewusst erlebt. Zwischen Vorfreude auf das Wiedersehen, gemeinsamen Erlebnissen und dem schmerzhaften Abschied entsteht ein musikalisches Bild, das viele Familien aus eigener Erfahrung kennen. \u201ePapa\u201c verzichtet auf gro\u00dfe Dramatik und setzt stattdessen auf Ehrlichkeit und Authentizit\u00e4t. Zeilen wie \u201eSehen wir uns Papa \u2013 in vierzehn Tagen\u201c oder \u201eSchade, dass Du nicht mehr bei uns zu Hause bist\u201c beschreiben Situationen, die f\u00fcr&#8230;<\/p>\n","protected":false},"author":1,"featured_media":46537,"comment_status":"open","ping_status":"open","sticky":false,"template":"","format":"standard","meta":{"footnotes":""},"categories":[3231,3255,3232,2],"tags":[125],"class_list":["post-46536","post","type-post","status-publish","format-standard","has-post-thumbnail","hentry","category-bergers-schlagerparadies","category-deutsch","category-fiesta-records","category-schlager","tag-rene-ulbrich","wpcat-3231-id","wpcat-3255-id","wpcat-3232-id","wpcat-2-id"],"_links":{"self":[{"href":"https:\/\/bergers-schlagerparadies.de\/index.php?rest_route=\/wp\/v2\/posts\/46536","targetHints":{"allow":["GET"]}}],"collection":[{"href":"https:\/\/bergers-schlagerparadies.de\/index.php?rest_route=\/wp\/v2\/posts"}],"about":[{"href":"https:\/\/bergers-schlagerparadies.de\/index.php?rest_route=\/wp\/v2\/types\/post"}],"author":[{"embeddable":true,"href":"https:\/\/bergers-schlagerparadies.de\/index.php?rest_route=\/wp\/v2\/users\/1"}],"replies":[{"embeddable":true,"href":"https:\/\/bergers-schlagerparadies.de\/index.php?rest_route=%2Fwp%2Fv2%2Fcomments&post=46536"}],"version-history":[{"count":2,"href":"https:\/\/bergers-schlagerparadies.de\/index.php?rest_route=\/wp\/v2\/posts\/46536\/revisions"}],"predecessor-version":[{"id":46617,"href":"https:\/\/bergers-schlagerparadies.de\/index.php?rest_route=\/wp\/v2\/posts\/46536\/revisions\/46617"}],"wp:featuredmedia":[{"embeddable":true,"href":"https:\/\/bergers-schlagerparadies.de\/index.php?rest_route=\/wp\/v2\/media\/46537"}],"wp:attachment":[{"href":"https:\/\/bergers-schlagerparadies.de\/index.php?rest_route=%2Fwp%2Fv2%2Fmedia&parent=46536"}],"wp:term":[{"taxonomy":"category","embeddable":true,"href":"https:\/\/bergers-schlagerparadies.de\/index.php?rest_route=%2Fwp%2Fv2%2Fcategories&post=46536"},{"taxonomy":"post_tag","embeddable":true,"href":"https:\/\/bergers-schlagerparadies.de\/index.php?rest_route=%2Fwp%2Fv2%2Ftags&post=46536"}],"curies":[{"name":"wp","href":"https:\/\/api.w.org\/{rel}","templated":true}]}}