{"id":4518,"date":"2021-06-11T10:31:21","date_gmt":"2021-06-11T08:31:21","guid":{"rendered":"http:\/\/bergers-schlagerparadies.de\/?p=4518"},"modified":"2021-06-11T10:31:21","modified_gmt":"2021-06-11T08:31:21","slug":"viktor-baum-wir-schauen-in-das-glas-bergers-schlagerparadies","status":"publish","type":"post","link":"https:\/\/bergers-schlagerparadies.de\/?p=4518","title":{"rendered":"Viktor Baum &#8211; Wir schauen in das Glas | Berger\u00b4s Schlagerparadies"},"content":{"rendered":"<p><img loading=\"lazy\" decoding=\"async\" class=\"size-medium wp-image-4520 alignleft\" src=\"https:\/\/bergers-schlagerparadies.de\/wp-content\/uploads\/2021\/06\/Viktor-Baum-Wir-schauen-in-das-Glas-300x300.jpg\" alt=\"\" width=\"300\" height=\"300\" srcset=\"https:\/\/bergers-schlagerparadies.de\/wp-content\/uploads\/2021\/06\/Viktor-Baum-Wir-schauen-in-das-Glas-300x300.jpg 300w, https:\/\/bergers-schlagerparadies.de\/wp-content\/uploads\/2021\/06\/Viktor-Baum-Wir-schauen-in-das-Glas-150x150.jpg 150w, https:\/\/bergers-schlagerparadies.de\/wp-content\/uploads\/2021\/06\/Viktor-Baum-Wir-schauen-in-das-Glas-100x100.jpg 100w, https:\/\/bergers-schlagerparadies.de\/wp-content\/uploads\/2021\/06\/Viktor-Baum-Wir-schauen-in-das-Glas.jpg 580w\" sizes=\"auto, (max-width: 300px) 100vw, 300px\" \/>\u201eWir schauen in das Glas!\u201c<\/p>\n<p>Eigentlich wurde der Song von Viktor Baum schon vor zwei Jahren geschrieben und wartete<br \/>\nCorona-bedingt brav auf die Tonstudioreifung.<br \/>\nGerade jetzt, wo wir langsam zur Normalit\u00e4t zur\u00fcckkehren, kommt der Song wie bestellt in die \u00d6ffentlichkeit.<\/p>\n<p>Ein Song f\u00fcr den Biergarten oder Bayernzelt, Poolparty oder Almh\u00fctten-Sause, f\u00fcr \u00fcberall dort wo man gerne feiert. In einer geselligen Runde mit Freunden zu feiern und die Gl\u00e4ser hochzuheben, sich zu umarmen, den Song mitzusingen und auf die Freundschaft anzusto\u00dfen &#8211; das ist ein Leben, so wie wir es brauchen.<\/p>\n<p>Wir schauen in das Glas, hoffentlich bei der n\u00e4chsten Party zusammen!<\/p>\n<div><strong>Dieser Song ist ab dem\u00a011.06.2021\u00a0in allen bekannten Onlineshops erh\u00e4ltlich!<\/strong><\/div>\n<p><iframe style=\"width: 120px; height: 240px;\" src=\"\/\/ws-eu.amazon-adsystem.com\/widgets\/q?ServiceVersion=20070822&amp;OneJS=1&amp;Operation=GetAdHtml&amp;MarketPlace=DE&amp;source=ss&amp;ref=as_ss_li_til&amp;ad_type=product_link&amp;tracking_id=bergers-21&amp;language=de_DE&amp;marketplace=amazon&amp;region=DE&amp;placement=B095WH6FL7&amp;asins=B095WH6FL7&amp;linkId=9a1224c0fee92b4d9fdea71b49f81101&amp;show_border=true&amp;link_opens_in_new_window=true\" frameborder=\"0\" marginwidth=\"0\" marginheight=\"0\" scrolling=\"no\"><\/iframe><\/p>\n","protected":false},"excerpt":{"rendered":"<p>\u201eWir schauen in das Glas!\u201c Eigentlich wurde der Song von Viktor Baum schon vor zwei Jahren geschrieben und wartete Corona-bedingt brav auf die Tonstudioreifung. Gerade jetzt, wo wir langsam zur Normalit\u00e4t zur\u00fcckkehren, kommt der Song wie bestellt in die \u00d6ffentlichkeit. Ein Song f\u00fcr den Biergarten oder Bayernzelt, Poolparty oder Almh\u00fctten-Sause, f\u00fcr \u00fcberall dort wo man gerne feiert. In einer geselligen Runde mit Freunden zu feiern und die Gl\u00e4ser hochzuheben, sich zu umarmen, den Song mitzusingen und auf die Freundschaft anzusto\u00dfen &#8211; das ist ein Leben, so wie wir es brauchen. Wir schauen in das Glas, hoffentlich bei der n\u00e4chsten Party zusammen! Dieser Song ist ab&#8230;<\/p>\n","protected":false},"author":1,"featured_media":4520,"comment_status":"open","ping_status":"open","sticky":false,"template":"","format":"standard","meta":{"footnotes":""},"categories":[2],"tags":[291],"class_list":["post-4518","post","type-post","status-publish","format-standard","has-post-thumbnail","hentry","category-schlager","tag-viktor-baum","wpcat-2-id"],"_links":{"self":[{"href":"https:\/\/bergers-schlagerparadies.de\/index.php?rest_route=\/wp\/v2\/posts\/4518","targetHints":{"allow":["GET"]}}],"collection":[{"href":"https:\/\/bergers-schlagerparadies.de\/index.php?rest_route=\/wp\/v2\/posts"}],"about":[{"href":"https:\/\/bergers-schlagerparadies.de\/index.php?rest_route=\/wp\/v2\/types\/post"}],"author":[{"embeddable":true,"href":"https:\/\/bergers-schlagerparadies.de\/index.php?rest_route=\/wp\/v2\/users\/1"}],"replies":[{"embeddable":true,"href":"https:\/\/bergers-schlagerparadies.de\/index.php?rest_route=%2Fwp%2Fv2%2Fcomments&post=4518"}],"version-history":[{"count":1,"href":"https:\/\/bergers-schlagerparadies.de\/index.php?rest_route=\/wp\/v2\/posts\/4518\/revisions"}],"predecessor-version":[{"id":4521,"href":"https:\/\/bergers-schlagerparadies.de\/index.php?rest_route=\/wp\/v2\/posts\/4518\/revisions\/4521"}],"wp:featuredmedia":[{"embeddable":true,"href":"https:\/\/bergers-schlagerparadies.de\/index.php?rest_route=\/wp\/v2\/media\/4520"}],"wp:attachment":[{"href":"https:\/\/bergers-schlagerparadies.de\/index.php?rest_route=%2Fwp%2Fv2%2Fmedia&parent=4518"}],"wp:term":[{"taxonomy":"category","embeddable":true,"href":"https:\/\/bergers-schlagerparadies.de\/index.php?rest_route=%2Fwp%2Fv2%2Fcategories&post=4518"},{"taxonomy":"post_tag","embeddable":true,"href":"https:\/\/bergers-schlagerparadies.de\/index.php?rest_route=%2Fwp%2Fv2%2Ftags&post=4518"}],"curies":[{"name":"wp","href":"https:\/\/api.w.org\/{rel}","templated":true}]}}