{"id":4377,"date":"2021-05-25T10:30:45","date_gmt":"2021-05-25T08:30:45","guid":{"rendered":"http:\/\/bergers-schlagerparadies.de\/?p=4377"},"modified":"2021-05-23T11:48:32","modified_gmt":"2021-05-23T09:48:32","slug":"dana-pelizaeus-halt-mich-als-waer-es-eine-suende-bergers-schlagerparadies","status":"publish","type":"post","link":"https:\/\/bergers-schlagerparadies.de\/?p=4377","title":{"rendered":"Dana Pelizaeus &#8211; Halt mich (als w\u00e4r&#8216; es eine S\u00fcnde) | Berger\u00b4s Schlagerparadies"},"content":{"rendered":"<p><img loading=\"lazy\" decoding=\"async\" class=\"size-medium wp-image-4379 alignleft\" src=\"https:\/\/bergers-schlagerparadies.de\/wp-content\/uploads\/2021\/05\/Dana-Pelizaeus-Halt-mich-als-waer-es-eine-Suende-300x300.jpg\" alt=\"\" width=\"300\" height=\"300\" srcset=\"https:\/\/bergers-schlagerparadies.de\/wp-content\/uploads\/2021\/05\/Dana-Pelizaeus-Halt-mich-als-waer-es-eine-Suende-300x300.jpg 300w, https:\/\/bergers-schlagerparadies.de\/wp-content\/uploads\/2021\/05\/Dana-Pelizaeus-Halt-mich-als-waer-es-eine-Suende-150x150.jpg 150w, https:\/\/bergers-schlagerparadies.de\/wp-content\/uploads\/2021\/05\/Dana-Pelizaeus-Halt-mich-als-waer-es-eine-Suende-100x100.jpg 100w, https:\/\/bergers-schlagerparadies.de\/wp-content\/uploads\/2021\/05\/Dana-Pelizaeus-Halt-mich-als-waer-es-eine-Suende.jpg 580w\" sizes=\"auto, (max-width: 300px) 100vw, 300px\" \/>Nach ihren Erfolgstiteln \u201eEin guter Plan\u201c, \u201eSag mir wie\u201c und \u201eDreh dich\u201c, welche alle im Jahr 2020 ver\u00f6ffentlicht wurden, startet Dana Pelizaeus optimistisch ins Fr\u00fchjahr 2021.<\/p>\n<p>Man darf sich wieder n\u00e4herkommen. Dana nimmt es bei einer bestimmten Person sogar sehr w\u00f6rtlich, wenn es hei\u00dft \u201eHalt mich, als w\u00e4r\u2018 es eine S\u00fcnde\u201c.<\/p>\n<p>Das Tanzparkett wird hierzu freigegeben.<\/p>\n<p>&nbsp;<\/p>\n<p><strong>Dieser Song ist ab dem\u00a028.05.2021\u00a0in allen bekannten Onlineshops erh\u00e4ltlich!<\/strong><\/p>\n<p>&nbsp;<\/p>\n<p>&nbsp;<\/p>\n<p>&nbsp;<\/p>\n<p><iframe style=\"width: 120px; height: 240px;\" src=\"\/\/ws-eu.amazon-adsystem.com\/widgets\/q?ServiceVersion=20070822&amp;OneJS=1&amp;Operation=GetAdHtml&amp;MarketPlace=DE&amp;source=ss&amp;ref=as_ss_li_til&amp;ad_type=product_link&amp;tracking_id=bergers-21&amp;language=de_DE&amp;marketplace=amazon&amp;region=DE&amp;placement=B094L7CVLH&amp;asins=B094L7CVLH&amp;linkId=50510d06377a5d956680f8713d15ab07&amp;show_border=true&amp;link_opens_in_new_window=true\" frameborder=\"0\" marginwidth=\"0\" marginheight=\"0\" scrolling=\"no\"><\/iframe><\/p>\n","protected":false},"excerpt":{"rendered":"<p>Nach ihren Erfolgstiteln \u201eEin guter Plan\u201c, \u201eSag mir wie\u201c und \u201eDreh dich\u201c, welche alle im Jahr 2020 ver\u00f6ffentlicht wurden, startet Dana Pelizaeus optimistisch ins Fr\u00fchjahr 2021. Man darf sich wieder n\u00e4herkommen. Dana nimmt es bei einer bestimmten Person sogar sehr w\u00f6rtlich, wenn es hei\u00dft \u201eHalt mich, als w\u00e4r\u2018 es eine S\u00fcnde\u201c. Das Tanzparkett wird hierzu freigegeben. &nbsp; Dieser Song ist ab dem\u00a028.05.2021\u00a0in allen bekannten Onlineshops erh\u00e4ltlich! &nbsp; &nbsp; &nbsp;<\/p>\n","protected":false},"author":1,"featured_media":4379,"comment_status":"open","ping_status":"open","sticky":false,"template":"","format":"standard","meta":{"footnotes":""},"categories":[2],"tags":[252],"class_list":["post-4377","post","type-post","status-publish","format-standard","has-post-thumbnail","hentry","category-schlager","tag-dana-pelizaeus","wpcat-2-id"],"_links":{"self":[{"href":"https:\/\/bergers-schlagerparadies.de\/index.php?rest_route=\/wp\/v2\/posts\/4377","targetHints":{"allow":["GET"]}}],"collection":[{"href":"https:\/\/bergers-schlagerparadies.de\/index.php?rest_route=\/wp\/v2\/posts"}],"about":[{"href":"https:\/\/bergers-schlagerparadies.de\/index.php?rest_route=\/wp\/v2\/types\/post"}],"author":[{"embeddable":true,"href":"https:\/\/bergers-schlagerparadies.de\/index.php?rest_route=\/wp\/v2\/users\/1"}],"replies":[{"embeddable":true,"href":"https:\/\/bergers-schlagerparadies.de\/index.php?rest_route=%2Fwp%2Fv2%2Fcomments&post=4377"}],"version-history":[{"count":1,"href":"https:\/\/bergers-schlagerparadies.de\/index.php?rest_route=\/wp\/v2\/posts\/4377\/revisions"}],"predecessor-version":[{"id":4380,"href":"https:\/\/bergers-schlagerparadies.de\/index.php?rest_route=\/wp\/v2\/posts\/4377\/revisions\/4380"}],"wp:featuredmedia":[{"embeddable":true,"href":"https:\/\/bergers-schlagerparadies.de\/index.php?rest_route=\/wp\/v2\/media\/4379"}],"wp:attachment":[{"href":"https:\/\/bergers-schlagerparadies.de\/index.php?rest_route=%2Fwp%2Fv2%2Fmedia&parent=4377"}],"wp:term":[{"taxonomy":"category","embeddable":true,"href":"https:\/\/bergers-schlagerparadies.de\/index.php?rest_route=%2Fwp%2Fv2%2Fcategories&post=4377"},{"taxonomy":"post_tag","embeddable":true,"href":"https:\/\/bergers-schlagerparadies.de\/index.php?rest_route=%2Fwp%2Fv2%2Ftags&post=4377"}],"curies":[{"name":"wp","href":"https:\/\/api.w.org\/{rel}","templated":true}]}}