{"id":43327,"date":"2026-05-01T16:48:53","date_gmt":"2026-05-01T14:48:53","guid":{"rendered":"https:\/\/bergers-schlagerparadies.de\/?p=43327"},"modified":"2026-05-01T16:48:53","modified_gmt":"2026-05-01T14:48:53","slug":"calimeros-portofino-album-%c2%b7-bergers-schlagerparadies","status":"publish","type":"post","link":"https:\/\/bergers-schlagerparadies.de\/?p=43327","title":{"rendered":"Calimeros &#8211; Portofino (Album) \u00b7 Berger\u00b4s Schlagerparadies"},"content":{"rendered":"<p><img loading=\"lazy\" decoding=\"async\" class=\"size-medium wp-image-43328 alignleft\" src=\"https:\/\/bergers-schlagerparadies.de\/wp-content\/uploads\/2026\/05\/Calimeros-Portofino-Album-300x300.jpeg\" alt=\"\" width=\"300\" height=\"300\" srcset=\"https:\/\/bergers-schlagerparadies.de\/wp-content\/uploads\/2026\/05\/Calimeros-Portofino-Album-300x300.jpeg 300w, https:\/\/bergers-schlagerparadies.de\/wp-content\/uploads\/2026\/05\/Calimeros-Portofino-Album-1024x1024.jpeg 1024w, https:\/\/bergers-schlagerparadies.de\/wp-content\/uploads\/2026\/05\/Calimeros-Portofino-Album-150x150.jpeg 150w, https:\/\/bergers-schlagerparadies.de\/wp-content\/uploads\/2026\/05\/Calimeros-Portofino-Album-768x768.jpeg 768w, https:\/\/bergers-schlagerparadies.de\/wp-content\/uploads\/2026\/05\/Calimeros-Portofino-Album-1200x1200.jpeg 1200w, https:\/\/bergers-schlagerparadies.de\/wp-content\/uploads\/2026\/05\/Calimeros-Portofino-Album-1188x1188.jpeg 1188w, https:\/\/bergers-schlagerparadies.de\/wp-content\/uploads\/2026\/05\/Calimeros-Portofino-Album-100x100.jpeg 100w, https:\/\/bergers-schlagerparadies.de\/wp-content\/uploads\/2026\/05\/Calimeros-Portofino-Album.jpeg 1500w\" sizes=\"auto, (max-width: 300px) 100vw, 300px\" \/>Das Jahr 2026 ist ein ganz Besonderes f\u00fcr die Calimeros! Sie feiern Ihr 50-j\u00e4hriges<br \/>\nB\u00fchnenjubil\u00e4um und ver\u00f6ffentlichen ihr neues Album \u201ePortofino\u201c!<br \/>\nMit ihrem neuen Album \u201ePortofino\u201c entf\u00fchren die Calimeros ihr Publikum an einen Ort, an dem<br \/>\nder Sommer niemals endet. Das erfolgreichste Schweizer Schlagertrio bleibt seinem<br \/>\nMarkenzeichen treu und kombiniert mediterrane Klangfarben mit gef\u00fchlvollen Geschichten,<br \/>\ndie mitten ins Herz treffen.<\/p>\n<p>&nbsp;<\/p>\n<p><span style=\"color: #800000;\"><strong>Quelle: Telamo<\/strong><\/span><\/p>\n<p><span style=\"color: #800000;\"><strong>Dieses Album ist ab dem 01. Mai 2026 auf allen Download- und Streaming-Portalen erh\u00e4ltlich.\u00a0<\/strong><\/span><\/p>\n<p><span style=\"color: #800000;\"><strong>Airdate (f\u00fcr Radiosender): 01. Mai 2026<\/strong><\/span><\/p>\n","protected":false},"excerpt":{"rendered":"<p>Das Jahr 2026 ist ein ganz Besonderes f\u00fcr die Calimeros! Sie feiern Ihr 50-j\u00e4hriges B\u00fchnenjubil\u00e4um und ver\u00f6ffentlichen ihr neues Album \u201ePortofino\u201c! Mit ihrem neuen Album \u201ePortofino\u201c entf\u00fchren die Calimeros ihr Publikum an einen Ort, an dem der Sommer niemals endet. Das erfolgreichste Schweizer Schlagertrio bleibt seinem Markenzeichen treu und kombiniert mediterrane Klangfarben mit gef\u00fchlvollen Geschichten, die mitten ins Herz treffen. &nbsp; Quelle: Telamo Dieses Album ist ab dem 01. Mai 2026 auf allen Download- und Streaming-Portalen erh\u00e4ltlich.\u00a0 Airdate (f\u00fcr Radiosender): 01. Mai 2026<\/p>\n","protected":false},"author":1,"featured_media":43328,"comment_status":"open","ping_status":"open","sticky":false,"template":"","format":"standard","meta":{"footnotes":""},"categories":[3257,3231,2,3239],"tags":[763],"class_list":["post-43327","post","type-post","status-publish","format-standard","has-post-thumbnail","hentry","category-album","category-bergers-schlagerparadies","category-schlager","category-telamo","tag-calimeros","wpcat-3257-id","wpcat-3231-id","wpcat-2-id","wpcat-3239-id"],"_links":{"self":[{"href":"https:\/\/bergers-schlagerparadies.de\/index.php?rest_route=\/wp\/v2\/posts\/43327","targetHints":{"allow":["GET"]}}],"collection":[{"href":"https:\/\/bergers-schlagerparadies.de\/index.php?rest_route=\/wp\/v2\/posts"}],"about":[{"href":"https:\/\/bergers-schlagerparadies.de\/index.php?rest_route=\/wp\/v2\/types\/post"}],"author":[{"embeddable":true,"href":"https:\/\/bergers-schlagerparadies.de\/index.php?rest_route=\/wp\/v2\/users\/1"}],"replies":[{"embeddable":true,"href":"https:\/\/bergers-schlagerparadies.de\/index.php?rest_route=%2Fwp%2Fv2%2Fcomments&post=43327"}],"version-history":[{"count":1,"href":"https:\/\/bergers-schlagerparadies.de\/index.php?rest_route=\/wp\/v2\/posts\/43327\/revisions"}],"predecessor-version":[{"id":43329,"href":"https:\/\/bergers-schlagerparadies.de\/index.php?rest_route=\/wp\/v2\/posts\/43327\/revisions\/43329"}],"wp:featuredmedia":[{"embeddable":true,"href":"https:\/\/bergers-schlagerparadies.de\/index.php?rest_route=\/wp\/v2\/media\/43328"}],"wp:attachment":[{"href":"https:\/\/bergers-schlagerparadies.de\/index.php?rest_route=%2Fwp%2Fv2%2Fmedia&parent=43327"}],"wp:term":[{"taxonomy":"category","embeddable":true,"href":"https:\/\/bergers-schlagerparadies.de\/index.php?rest_route=%2Fwp%2Fv2%2Fcategories&post=43327"},{"taxonomy":"post_tag","embeddable":true,"href":"https:\/\/bergers-schlagerparadies.de\/index.php?rest_route=%2Fwp%2Fv2%2Ftags&post=43327"}],"curies":[{"name":"wp","href":"https:\/\/api.w.org\/{rel}","templated":true}]}}