{"id":43322,"date":"2026-05-01T16:40:42","date_gmt":"2026-05-01T14:40:42","guid":{"rendered":"https:\/\/bergers-schlagerparadies.de\/?p=43322"},"modified":"2026-05-01T16:43:04","modified_gmt":"2026-05-01T14:43:04","slug":"bella-vista-das-geht-mir-wirklich-auf-die-nerven-%c2%b7-bergers-schlagerparadies","status":"publish","type":"post","link":"https:\/\/bergers-schlagerparadies.de\/?p=43322","title":{"rendered":"Bella Vista &#8211; Das geht mir wirklich auf die Nerven \u00b7 Berger\u00b4s Schlagerparadies"},"content":{"rendered":"<p><img loading=\"lazy\" decoding=\"async\" class=\"size-medium wp-image-43323 alignleft\" src=\"https:\/\/bergers-schlagerparadies.de\/wp-content\/uploads\/2026\/05\/Bella-Vista-Das-geht-mir-wirklich-auf-die-Nerven-300x300.jpeg\" alt=\"\" width=\"300\" height=\"300\" srcset=\"https:\/\/bergers-schlagerparadies.de\/wp-content\/uploads\/2026\/05\/Bella-Vista-Das-geht-mir-wirklich-auf-die-Nerven-300x300.jpeg 300w, https:\/\/bergers-schlagerparadies.de\/wp-content\/uploads\/2026\/05\/Bella-Vista-Das-geht-mir-wirklich-auf-die-Nerven-1024x1024.jpeg 1024w, https:\/\/bergers-schlagerparadies.de\/wp-content\/uploads\/2026\/05\/Bella-Vista-Das-geht-mir-wirklich-auf-die-Nerven-150x150.jpeg 150w, https:\/\/bergers-schlagerparadies.de\/wp-content\/uploads\/2026\/05\/Bella-Vista-Das-geht-mir-wirklich-auf-die-Nerven-768x768.jpeg 768w, https:\/\/bergers-schlagerparadies.de\/wp-content\/uploads\/2026\/05\/Bella-Vista-Das-geht-mir-wirklich-auf-die-Nerven-1188x1188.jpeg 1188w, https:\/\/bergers-schlagerparadies.de\/wp-content\/uploads\/2026\/05\/Bella-Vista-Das-geht-mir-wirklich-auf-die-Nerven-100x100.jpeg 100w, https:\/\/bergers-schlagerparadies.de\/wp-content\/uploads\/2026\/05\/Bella-Vista-Das-geht-mir-wirklich-auf-die-Nerven.jpeg 1200w\" sizes=\"auto, (max-width: 300px) 100vw, 300px\" \/>Nach dem gro\u00dfen Erfolg von \u201eSchau mal herein\u201c melden sich Thomas und Petra alias BELLA VISTA mit einer neuen Single zur\u00fcck. \u201eDas geht mir wirklich auf die Nerven\u201c erscheint am 01. Mai und pr\u00e4sentiert sich als eing\u00e4ngiger Schlager mit Ohrwurm-Potenzial.<\/p>\n<p>Der Titel wird in zwei Versionen ver\u00f6ffentlicht:<br \/>\n&#8211; Rundfunk Version<br \/>\n&#8211; Dancefloor Version<\/p>\n<p>Inhaltlich erz\u00e4hlen BELLA VISTA mit viel Charme und einem Augenzwinkern die Geschichte eines Ex-Paares, das sich liebt, streitet und dennoch nicht voneinander loskommt. Zwischen gro\u00dfen Gef\u00fchlen, kleinen Reibereien und ehrlicher Alltagsn\u00e4he entsteht ein Song, der authentische Emotionen mit einer eing\u00e4ngigen Melodie verbindet.<\/p>\n<p>Seit den 90er Jahren z\u00e4hlen BELLA VISTA zu den bekannten Namen der deutschen Schlagerszene. Mit \u201eSchau mal herein\u201c gelang dem Duo zuletzt ein starkes Comeback: \u00fcber 9.000 Radioeins\u00e4tze, mehr als 40 Wochen in den DJ-Charts und eine anhaltende Pr\u00e4senz auf den Tanzfl\u00e4chen sprechen f\u00fcr sich. Mit \u201eDas geht mir wirklich auf die Nerven\u201c kn\u00fcpfen Petra und Thomas nun direkt an diesen Erfolg an.<\/p>\n<p><span style=\"color: #800000;\"><strong>Quelle: Artists &amp; Acts<\/strong><\/span><\/p>\n<p><span style=\"color: #800000;\"><strong>Dieser Song ist ab dem 01. Mai 2026 auf allen Download- und Streaming-Portalen erh\u00e4ltlich.\u00a0<\/strong><\/span><\/p>\n<p><span style=\"color: #800000;\"><strong>Airdate (f\u00fcr Radiosender): 01. Mai 2026<\/strong><\/span><\/p>\n","protected":false},"excerpt":{"rendered":"<p>Nach dem gro\u00dfen Erfolg von \u201eSchau mal herein\u201c melden sich Thomas und Petra alias BELLA VISTA mit einer neuen Single zur\u00fcck. \u201eDas geht mir wirklich auf die Nerven\u201c erscheint am 01. Mai und pr\u00e4sentiert sich als eing\u00e4ngiger Schlager mit Ohrwurm-Potenzial. Der Titel wird in zwei Versionen ver\u00f6ffentlicht: &#8211; Rundfunk Version &#8211; Dancefloor Version Inhaltlich erz\u00e4hlen BELLA VISTA mit viel Charme und einem Augenzwinkern die Geschichte eines Ex-Paares, das sich liebt, streitet und dennoch nicht voneinander loskommt. Zwischen gro\u00dfen Gef\u00fchlen, kleinen Reibereien und ehrlicher Alltagsn\u00e4he entsteht ein Song, der authentische Emotionen mit einer eing\u00e4ngigen Melodie verbindet. Seit den 90er Jahren z\u00e4hlen BELLA VISTA zu den bekannten&#8230;<\/p>\n","protected":false},"author":1,"featured_media":43323,"comment_status":"open","ping_status":"open","sticky":false,"template":"","format":"standard","meta":{"footnotes":""},"categories":[3280,3231,3255,2,3265],"tags":[468],"class_list":["post-43322","post","type-post","status-publish","format-standard","has-post-thumbnail","hentry","category-artists-acts","category-bergers-schlagerparadies","category-deutsch","category-schlager","category-schlager-party","tag-bella-vista","wpcat-3280-id","wpcat-3231-id","wpcat-3255-id","wpcat-2-id","wpcat-3265-id"],"_links":{"self":[{"href":"https:\/\/bergers-schlagerparadies.de\/index.php?rest_route=\/wp\/v2\/posts\/43322","targetHints":{"allow":["GET"]}}],"collection":[{"href":"https:\/\/bergers-schlagerparadies.de\/index.php?rest_route=\/wp\/v2\/posts"}],"about":[{"href":"https:\/\/bergers-schlagerparadies.de\/index.php?rest_route=\/wp\/v2\/types\/post"}],"author":[{"embeddable":true,"href":"https:\/\/bergers-schlagerparadies.de\/index.php?rest_route=\/wp\/v2\/users\/1"}],"replies":[{"embeddable":true,"href":"https:\/\/bergers-schlagerparadies.de\/index.php?rest_route=%2Fwp%2Fv2%2Fcomments&post=43322"}],"version-history":[{"count":2,"href":"https:\/\/bergers-schlagerparadies.de\/index.php?rest_route=\/wp\/v2\/posts\/43322\/revisions"}],"predecessor-version":[{"id":43326,"href":"https:\/\/bergers-schlagerparadies.de\/index.php?rest_route=\/wp\/v2\/posts\/43322\/revisions\/43326"}],"wp:featuredmedia":[{"embeddable":true,"href":"https:\/\/bergers-schlagerparadies.de\/index.php?rest_route=\/wp\/v2\/media\/43323"}],"wp:attachment":[{"href":"https:\/\/bergers-schlagerparadies.de\/index.php?rest_route=%2Fwp%2Fv2%2Fmedia&parent=43322"}],"wp:term":[{"taxonomy":"category","embeddable":true,"href":"https:\/\/bergers-schlagerparadies.de\/index.php?rest_route=%2Fwp%2Fv2%2Fcategories&post=43322"},{"taxonomy":"post_tag","embeddable":true,"href":"https:\/\/bergers-schlagerparadies.de\/index.php?rest_route=%2Fwp%2Fv2%2Ftags&post=43322"}],"curies":[{"name":"wp","href":"https:\/\/api.w.org\/{rel}","templated":true}]}}