{"id":43275,"date":"2026-04-29T16:40:18","date_gmt":"2026-04-29T14:40:18","guid":{"rendered":"https:\/\/bergers-schlagerparadies.de\/?p=43275"},"modified":"2026-04-29T16:40:18","modified_gmt":"2026-04-29T14:40:18","slug":"maria-ryka-buenas-noches-senor-%c2%b7-bergers-schlagerparadies","status":"publish","type":"post","link":"https:\/\/bergers-schlagerparadies.de\/?p=43275","title":{"rendered":"Maria Ryka &#8211; Buenas Noches Senor \u00b7 Berger\u00b4s Schlagerparadies"},"content":{"rendered":"<p><img loading=\"lazy\" decoding=\"async\" class=\"size-medium wp-image-43276 alignleft\" src=\"https:\/\/bergers-schlagerparadies.de\/wp-content\/uploads\/2026\/04\/Maria-Ryka-\u2013-Buenas-Noches-Senor-300x300.jpg\" alt=\"\" width=\"300\" height=\"300\" srcset=\"https:\/\/bergers-schlagerparadies.de\/wp-content\/uploads\/2026\/04\/Maria-Ryka-\u2013-Buenas-Noches-Senor-300x300.jpg 300w, https:\/\/bergers-schlagerparadies.de\/wp-content\/uploads\/2026\/04\/Maria-Ryka-\u2013-Buenas-Noches-Senor-1024x1024.jpg 1024w, https:\/\/bergers-schlagerparadies.de\/wp-content\/uploads\/2026\/04\/Maria-Ryka-\u2013-Buenas-Noches-Senor-150x150.jpg 150w, https:\/\/bergers-schlagerparadies.de\/wp-content\/uploads\/2026\/04\/Maria-Ryka-\u2013-Buenas-Noches-Senor-768x768.jpg 768w, https:\/\/bergers-schlagerparadies.de\/wp-content\/uploads\/2026\/04\/Maria-Ryka-\u2013-Buenas-Noches-Senor-1536x1536.jpg 1536w, https:\/\/bergers-schlagerparadies.de\/wp-content\/uploads\/2026\/04\/Maria-Ryka-\u2013-Buenas-Noches-Senor-2048x2048.jpg 2048w, https:\/\/bergers-schlagerparadies.de\/wp-content\/uploads\/2026\/04\/Maria-Ryka-\u2013-Buenas-Noches-Senor-1200x1200.jpg 1200w, https:\/\/bergers-schlagerparadies.de\/wp-content\/uploads\/2026\/04\/Maria-Ryka-\u2013-Buenas-Noches-Senor-1188x1188.jpg 1188w, https:\/\/bergers-schlagerparadies.de\/wp-content\/uploads\/2026\/04\/Maria-Ryka-\u2013-Buenas-Noches-Senor-100x100.jpg 100w\" sizes=\"auto, (max-width: 300px) 100vw, 300px\" \/>Mit \u201eBuenas Noches Se\u00f1or\u201c ver\u00f6ffentlicht Maria Ryka am 1. Mai einen modernen Popschlager, inspiriert von einer real erlebten Nacht auf Mallorca.<\/p>\n<p>Im Mittelpunkt steht ausgerechnet Freitag, der 13., ein Datum, das h\u00e4ufig mit Ungl\u00fcck assoziiert wird. Dennoch entwickelte sich diese Nacht zu einem au\u00dfergew\u00f6hnlichen und ereignisreichen Abend, den Maria Ryka musikalisch aufgegriffen hat.<\/p>\n<p>Eine besondere Rolle spielte dabei auch ihre erste Silent Party, ein Erlebnis, das sie nachhaltig beeindruckte. Dieses Zusammenspiel aus Musik, Stimmung und n\u00e4chtlicher Dynamik bildet die emotionale Ausgangslage f\u00fcr den Song.<\/p>\n<p>Musikalisch verbindet \u201eBuenas Noches Se\u00f1or\u201c eing\u00e4ngige Melodien, tanzbare Energie und einen Refrain mit deutschen und spanischen Elementen. So entsteht ein Titel, der eing\u00e4ngig, modern und energiegeladen ist.<\/p>\n<p>Der Song entstand in kreativer Eigenregie von Maria Ryka und Stefanie Schnorrenberg, die \u201eBuenas Noches Se\u00f1or\u201c gemeinsam geschrieben und produziert haben. Damit steht die Single nicht nur f\u00fcr pers\u00f6nliche Inspiration, sondern auch f\u00fcr eine eigenst\u00e4ndige k\u00fcnstlerische Handschrift.<\/p>\n<p><span style=\"color: #800000;\"><strong>Quelle: Fiesta Records<\/strong><\/span><\/p>\n<p><span style=\"color: #800000;\"><strong>Dieser Song ist ab dem 01. Mai 2026 auf allen Download- und Streaming-Portalen erh\u00e4ltlich.\u00a0<\/strong><\/span><\/p>\n<p><span style=\"color: #800000;\"><strong>Airdate (f\u00fcr Radiosender): 29. April 2026<\/strong><\/span><\/p>\n","protected":false},"excerpt":{"rendered":"<p>Mit \u201eBuenas Noches Se\u00f1or\u201c ver\u00f6ffentlicht Maria Ryka am 1. Mai einen modernen Popschlager, inspiriert von einer real erlebten Nacht auf Mallorca. Im Mittelpunkt steht ausgerechnet Freitag, der 13., ein Datum, das h\u00e4ufig mit Ungl\u00fcck assoziiert wird. Dennoch entwickelte sich diese Nacht zu einem au\u00dfergew\u00f6hnlichen und ereignisreichen Abend, den Maria Ryka musikalisch aufgegriffen hat. Eine besondere Rolle spielte dabei auch ihre erste Silent Party, ein Erlebnis, das sie nachhaltig beeindruckte. Dieses Zusammenspiel aus Musik, Stimmung und n\u00e4chtlicher Dynamik bildet die emotionale Ausgangslage f\u00fcr den Song. Musikalisch verbindet \u201eBuenas Noches Se\u00f1or\u201c eing\u00e4ngige Melodien, tanzbare Energie und einen Refrain mit deutschen und spanischen Elementen. So entsteht ein Titel,&#8230;<\/p>\n","protected":false},"author":1,"featured_media":43276,"comment_status":"open","ping_status":"open","sticky":false,"template":"","format":"standard","meta":{"footnotes":""},"categories":[3231,3255,3264,3232,2],"tags":[1746],"class_list":["post-43275","post","type-post","status-publish","format-standard","has-post-thumbnail","hentry","category-bergers-schlagerparadies","category-deutsch","category-deutsch-pop","category-fiesta-records","category-schlager","tag-maria-ryka","wpcat-3231-id","wpcat-3255-id","wpcat-3264-id","wpcat-3232-id","wpcat-2-id"],"_links":{"self":[{"href":"https:\/\/bergers-schlagerparadies.de\/index.php?rest_route=\/wp\/v2\/posts\/43275","targetHints":{"allow":["GET"]}}],"collection":[{"href":"https:\/\/bergers-schlagerparadies.de\/index.php?rest_route=\/wp\/v2\/posts"}],"about":[{"href":"https:\/\/bergers-schlagerparadies.de\/index.php?rest_route=\/wp\/v2\/types\/post"}],"author":[{"embeddable":true,"href":"https:\/\/bergers-schlagerparadies.de\/index.php?rest_route=\/wp\/v2\/users\/1"}],"replies":[{"embeddable":true,"href":"https:\/\/bergers-schlagerparadies.de\/index.php?rest_route=%2Fwp%2Fv2%2Fcomments&post=43275"}],"version-history":[{"count":1,"href":"https:\/\/bergers-schlagerparadies.de\/index.php?rest_route=\/wp\/v2\/posts\/43275\/revisions"}],"predecessor-version":[{"id":43277,"href":"https:\/\/bergers-schlagerparadies.de\/index.php?rest_route=\/wp\/v2\/posts\/43275\/revisions\/43277"}],"wp:featuredmedia":[{"embeddable":true,"href":"https:\/\/bergers-schlagerparadies.de\/index.php?rest_route=\/wp\/v2\/media\/43276"}],"wp:attachment":[{"href":"https:\/\/bergers-schlagerparadies.de\/index.php?rest_route=%2Fwp%2Fv2%2Fmedia&parent=43275"}],"wp:term":[{"taxonomy":"category","embeddable":true,"href":"https:\/\/bergers-schlagerparadies.de\/index.php?rest_route=%2Fwp%2Fv2%2Fcategories&post=43275"},{"taxonomy":"post_tag","embeddable":true,"href":"https:\/\/bergers-schlagerparadies.de\/index.php?rest_route=%2Fwp%2Fv2%2Ftags&post=43275"}],"curies":[{"name":"wp","href":"https:\/\/api.w.org\/{rel}","templated":true}]}}