{"id":43258,"date":"2026-04-29T14:40:46","date_gmt":"2026-04-29T12:40:46","guid":{"rendered":"https:\/\/bergers-schlagerparadies.de\/?p=43258"},"modified":"2026-04-29T14:41:24","modified_gmt":"2026-04-29T12:41:24","slug":"juergen-eberlein-sophie-claudine-nimm-mich-mit-in-deine-traeume-%c2%b7-bergers-schlagerparadies","status":"publish","type":"post","link":"https:\/\/bergers-schlagerparadies.de\/?p=43258","title":{"rendered":"J\u00fcrgen Eberlein, Sophie-Claudine &#8211; Nimm mich mit in deine Tr\u00e4ume \u00b7 Berger\u00b4s Schlagerparadies"},"content":{"rendered":"<p><img loading=\"lazy\" decoding=\"async\" class=\"size-medium wp-image-43259 alignleft\" src=\"https:\/\/bergers-schlagerparadies.de\/wp-content\/uploads\/2026\/04\/Juergen-Eberlein-Sophie-Claudine-Nimm-mich-mit-in-deine-Traeume-300x300.jpeg\" alt=\"\" width=\"300\" height=\"300\" srcset=\"https:\/\/bergers-schlagerparadies.de\/wp-content\/uploads\/2026\/04\/Juergen-Eberlein-Sophie-Claudine-Nimm-mich-mit-in-deine-Traeume-300x300.jpeg 300w, https:\/\/bergers-schlagerparadies.de\/wp-content\/uploads\/2026\/04\/Juergen-Eberlein-Sophie-Claudine-Nimm-mich-mit-in-deine-Traeume-1024x1024.jpeg 1024w, https:\/\/bergers-schlagerparadies.de\/wp-content\/uploads\/2026\/04\/Juergen-Eberlein-Sophie-Claudine-Nimm-mich-mit-in-deine-Traeume-150x150.jpeg 150w, https:\/\/bergers-schlagerparadies.de\/wp-content\/uploads\/2026\/04\/Juergen-Eberlein-Sophie-Claudine-Nimm-mich-mit-in-deine-Traeume-768x768.jpeg 768w, https:\/\/bergers-schlagerparadies.de\/wp-content\/uploads\/2026\/04\/Juergen-Eberlein-Sophie-Claudine-Nimm-mich-mit-in-deine-Traeume-1188x1188.jpeg 1188w, https:\/\/bergers-schlagerparadies.de\/wp-content\/uploads\/2026\/04\/Juergen-Eberlein-Sophie-Claudine-Nimm-mich-mit-in-deine-Traeume-100x100.jpeg 100w, https:\/\/bergers-schlagerparadies.de\/wp-content\/uploads\/2026\/04\/Juergen-Eberlein-Sophie-Claudine-Nimm-mich-mit-in-deine-Traeume.jpeg 1200w\" sizes=\"auto, (max-width: 300px) 100vw, 300px\" \/>J\u00fcrgen Eberlein, Sophie-Claudine &#8211; Nimm mich mit in deine Tr\u00e4ume<\/p>\n<p>Nimm mich mit in deine Tr\u00e4ume, eine Aufforderung an all die Zuh\u00f6rer, die Gefallen an diesem neuen Song finden.<br \/>\nJ\u00fcrgen Eberlein hat diesen Titel wieder selbst geschrieben, arrangiert und produziert.<br \/>\nStimmlich in Szene gesetzt wurde diese moderne Pop-Produktion von<br \/>\nSophie-Claudine.<\/p>\n<p>&nbsp;<\/p>\n<p>&nbsp;<\/p>\n<p><span style=\"color: #800000;\"><strong>Quelle: EBE RECORDS<\/strong><\/span><\/p>\n<p><span style=\"color: #800000;\"><strong>Dieser Song ist ab dem 28. April 2026 auf allen Download- und Streaming-Portalen erh\u00e4ltlich.\u00a0<\/strong><\/span><\/p>\n<p><span style=\"color: #800000;\"><strong>Airdate (f\u00fcr Radiosender): 26. April 2026<\/strong><\/span><\/p>\n","protected":false},"excerpt":{"rendered":"<p>J\u00fcrgen Eberlein, Sophie-Claudine &#8211; Nimm mich mit in deine Tr\u00e4ume Nimm mich mit in deine Tr\u00e4ume, eine Aufforderung an all die Zuh\u00f6rer, die Gefallen an diesem neuen Song finden. J\u00fcrgen Eberlein hat diesen Titel wieder selbst geschrieben, arrangiert und produziert. Stimmlich in Szene gesetzt wurde diese moderne Pop-Produktion von Sophie-Claudine. &nbsp; &nbsp; Quelle: EBE RECORDS Dieser Song ist ab dem 28. April 2026 auf allen Download- und Streaming-Portalen erh\u00e4ltlich.\u00a0 Airdate (f\u00fcr Radiosender): 26. April 2026<\/p>\n","protected":false},"author":1,"featured_media":43259,"comment_status":"open","ping_status":"open","sticky":false,"template":"","format":"standard","meta":{"footnotes":""},"categories":[3231,3264,4734],"tags":[4732,4733],"class_list":["post-43258","post","type-post","status-publish","format-standard","has-post-thumbnail","hentry","category-bergers-schlagerparadies","category-deutsch-pop","category-ebe-records","tag-juergen-eberlein","tag-sophie-claudine","wpcat-3231-id","wpcat-3264-id","wpcat-4734-id"],"_links":{"self":[{"href":"https:\/\/bergers-schlagerparadies.de\/index.php?rest_route=\/wp\/v2\/posts\/43258","targetHints":{"allow":["GET"]}}],"collection":[{"href":"https:\/\/bergers-schlagerparadies.de\/index.php?rest_route=\/wp\/v2\/posts"}],"about":[{"href":"https:\/\/bergers-schlagerparadies.de\/index.php?rest_route=\/wp\/v2\/types\/post"}],"author":[{"embeddable":true,"href":"https:\/\/bergers-schlagerparadies.de\/index.php?rest_route=\/wp\/v2\/users\/1"}],"replies":[{"embeddable":true,"href":"https:\/\/bergers-schlagerparadies.de\/index.php?rest_route=%2Fwp%2Fv2%2Fcomments&post=43258"}],"version-history":[{"count":1,"href":"https:\/\/bergers-schlagerparadies.de\/index.php?rest_route=\/wp\/v2\/posts\/43258\/revisions"}],"predecessor-version":[{"id":43260,"href":"https:\/\/bergers-schlagerparadies.de\/index.php?rest_route=\/wp\/v2\/posts\/43258\/revisions\/43260"}],"wp:featuredmedia":[{"embeddable":true,"href":"https:\/\/bergers-schlagerparadies.de\/index.php?rest_route=\/wp\/v2\/media\/43259"}],"wp:attachment":[{"href":"https:\/\/bergers-schlagerparadies.de\/index.php?rest_route=%2Fwp%2Fv2%2Fmedia&parent=43258"}],"wp:term":[{"taxonomy":"category","embeddable":true,"href":"https:\/\/bergers-schlagerparadies.de\/index.php?rest_route=%2Fwp%2Fv2%2Fcategories&post=43258"},{"taxonomy":"post_tag","embeddable":true,"href":"https:\/\/bergers-schlagerparadies.de\/index.php?rest_route=%2Fwp%2Fv2%2Ftags&post=43258"}],"curies":[{"name":"wp","href":"https:\/\/api.w.org\/{rel}","templated":true}]}}