{"id":43208,"date":"2026-04-24T14:53:53","date_gmt":"2026-04-24T12:53:53","guid":{"rendered":"https:\/\/bergers-schlagerparadies.de\/?p=43208"},"modified":"2026-04-24T14:54:21","modified_gmt":"2026-04-24T12:54:21","slug":"severino-mein-leben-lang-%c2%b7-bergers-schlagerparadies","status":"publish","type":"post","link":"https:\/\/bergers-schlagerparadies.de\/?p=43208","title":{"rendered":"Severino &#8211; Mein Leben lang \u00b7 Berger\u00b4s Schlagerparadies"},"content":{"rendered":"<p><img loading=\"lazy\" decoding=\"async\" class=\"size-medium wp-image-43209 alignleft\" src=\"https:\/\/bergers-schlagerparadies.de\/wp-content\/uploads\/2026\/04\/Severino-Mein-Leben-lang-300x300.jpeg\" alt=\"\" width=\"300\" height=\"300\" srcset=\"https:\/\/bergers-schlagerparadies.de\/wp-content\/uploads\/2026\/04\/Severino-Mein-Leben-lang-300x300.jpeg 300w, https:\/\/bergers-schlagerparadies.de\/wp-content\/uploads\/2026\/04\/Severino-Mein-Leben-lang-1024x1024.jpeg 1024w, https:\/\/bergers-schlagerparadies.de\/wp-content\/uploads\/2026\/04\/Severino-Mein-Leben-lang-150x150.jpeg 150w, https:\/\/bergers-schlagerparadies.de\/wp-content\/uploads\/2026\/04\/Severino-Mein-Leben-lang-768x768.jpeg 768w, https:\/\/bergers-schlagerparadies.de\/wp-content\/uploads\/2026\/04\/Severino-Mein-Leben-lang-1536x1536.jpeg 1536w, https:\/\/bergers-schlagerparadies.de\/wp-content\/uploads\/2026\/04\/Severino-Mein-Leben-lang-2048x2048.jpeg 2048w, https:\/\/bergers-schlagerparadies.de\/wp-content\/uploads\/2026\/04\/Severino-Mein-Leben-lang-1200x1200.jpeg 1200w, https:\/\/bergers-schlagerparadies.de\/wp-content\/uploads\/2026\/04\/Severino-Mein-Leben-lang-1188x1188.jpeg 1188w, https:\/\/bergers-schlagerparadies.de\/wp-content\/uploads\/2026\/04\/Severino-Mein-Leben-lang-100x100.jpeg 100w\" sizes=\"auto, (max-width: 300px) 100vw, 300px\" \/>10 Jahre nach dem Triumph: Severino Seeger l\u00e4utet mit \u201eMein Leben lang\u201c seine pers\u00f6nlichste \u00c4ra ein!<\/p>\n<p>Severino Seeger ist ein Name, den man in der deutschen Musiklandschaft kennt. Ein Jahrzehnt ist es her, dass er die B\u00fchne von Deutschland sucht den Superstar als Sieger verlie\u00df und das Publikum mit seiner au\u00dfergew\u00f6hnlichen Stimme in seinen Bann zog.<br \/>\nDoch 2026 markiert einen Wendepunkt: Mit 39 Jahren ist Severino nicht mehr nur der K\u00fcnstler, den man aus dem Fernsehen kennt \u2013 er ist ein Musiker, der angekommen ist.<\/p>\n<p>Schon lange sehnte sich Severino nach einem Projekt, in dem er alle Konventionen hinter sich lassen kann. Sein kommendes Album \u201eAus meiner Seele\u201c ist das Ergebnis dieses tiefen Wunsches: ein Werk, in dem er seiner Kreativit\u00e4t freien Lauf l\u00e4sst und die Musik genau so schreibt und singt, wie er sie f\u00fchlt.<br \/>\nEs ist ein Befreiungsschlag und zugleich eine Heimkehr zu sich selbst.<\/p>\n<p>Mit der ersten Singleauskopplung \u201eMein Leben lang\u201c gibt Severino nun den Startschuss. Der Song ist weit mehr als nur eine Pop-Nummer \u2013 er ist ein Versprechen. Schon in den ersten Takten wird deutlich, warum Severino zu den profiliertesten Stimmen Deutschlands z\u00e4hlt. Der tiefe Soul, die technische Brillanz und die sp\u00fcrbare Liebe zu jeder einzelnen Note machen den Titel zu einem echten G\u00e4nsehautmoment.<\/p>\n<p>\u201eMein Leben lang\u201c l\u00e4sst erahnen, welche musikalische Tiefe das kommende Album bereith\u00e4lt. Ein Vorgeschmack auf eine Klangwelt, die Herz und Verstand gleicherma\u00dfen ber\u00fchrt.<\/p>\n<p>Abseits der Casting-Welt hat sich Severino \u00fcber die Jahre als etablierter Live-K\u00fcnstler und feste Gr\u00f6\u00dfe entwickelt. Mit 39 Jahren steht er heute auf einem neuen H\u00f6hepunkt seines Schaffens. Die Reife in seiner Stimme und die Ehrlichkeit in seinen Texten zeigen: 2026 wird sein Jahr.<\/p>\n<p>Kaum ein anderer K\u00fcnstler in Deutschland verbindet Soul und Leidenschaft so authentisch wie er. Mit seinem neuen Album zeigt Severino Seeger, wer er wirklich ist und dass das Beste erst noch kommt.<\/p>\n<p><span style=\"color: #800000;\"><strong>Quelle: Fiesta Records<\/strong><\/span><\/p>\n<p><span style=\"color: #800000;\"><strong>Dieser Song ist ab dem 24. April 2026 auf allen Download- und Streaming-Portalen erh\u00e4ltlich.\u00a0<\/strong><\/span><\/p>\n<p><span style=\"color: #800000;\"><strong>Airdate (f\u00fcr Radiosender): 24. April 2026<\/strong><\/span><\/p>\n","protected":false},"excerpt":{"rendered":"<p>10 Jahre nach dem Triumph: Severino Seeger l\u00e4utet mit \u201eMein Leben lang\u201c seine pers\u00f6nlichste \u00c4ra ein! Severino Seeger ist ein Name, den man in der deutschen Musiklandschaft kennt. Ein Jahrzehnt ist es her, dass er die B\u00fchne von Deutschland sucht den Superstar als Sieger verlie\u00df und das Publikum mit seiner au\u00dfergew\u00f6hnlichen Stimme in seinen Bann zog. Doch 2026 markiert einen Wendepunkt: Mit 39 Jahren ist Severino nicht mehr nur der K\u00fcnstler, den man aus dem Fernsehen kennt \u2013 er ist ein Musiker, der angekommen ist. Schon lange sehnte sich Severino nach einem Projekt, in dem er alle Konventionen hinter sich lassen kann. Sein kommendes Album&#8230;<\/p>\n","protected":false},"author":1,"featured_media":43209,"comment_status":"open","ping_status":"open","sticky":false,"template":"","format":"standard","meta":{"footnotes":""},"categories":[3231,3255,3232,3312,4726],"tags":[1848],"class_list":["post-43208","post","type-post","status-publish","format-standard","has-post-thumbnail","hentry","category-bergers-schlagerparadies","category-deutsch","category-fiesta-records","category-jazz","category-mainstream-jazz","tag-severino","wpcat-3231-id","wpcat-3255-id","wpcat-3232-id","wpcat-3312-id","wpcat-4726-id"],"_links":{"self":[{"href":"https:\/\/bergers-schlagerparadies.de\/index.php?rest_route=\/wp\/v2\/posts\/43208","targetHints":{"allow":["GET"]}}],"collection":[{"href":"https:\/\/bergers-schlagerparadies.de\/index.php?rest_route=\/wp\/v2\/posts"}],"about":[{"href":"https:\/\/bergers-schlagerparadies.de\/index.php?rest_route=\/wp\/v2\/types\/post"}],"author":[{"embeddable":true,"href":"https:\/\/bergers-schlagerparadies.de\/index.php?rest_route=\/wp\/v2\/users\/1"}],"replies":[{"embeddable":true,"href":"https:\/\/bergers-schlagerparadies.de\/index.php?rest_route=%2Fwp%2Fv2%2Fcomments&post=43208"}],"version-history":[{"count":1,"href":"https:\/\/bergers-schlagerparadies.de\/index.php?rest_route=\/wp\/v2\/posts\/43208\/revisions"}],"predecessor-version":[{"id":43210,"href":"https:\/\/bergers-schlagerparadies.de\/index.php?rest_route=\/wp\/v2\/posts\/43208\/revisions\/43210"}],"wp:featuredmedia":[{"embeddable":true,"href":"https:\/\/bergers-schlagerparadies.de\/index.php?rest_route=\/wp\/v2\/media\/43209"}],"wp:attachment":[{"href":"https:\/\/bergers-schlagerparadies.de\/index.php?rest_route=%2Fwp%2Fv2%2Fmedia&parent=43208"}],"wp:term":[{"taxonomy":"category","embeddable":true,"href":"https:\/\/bergers-schlagerparadies.de\/index.php?rest_route=%2Fwp%2Fv2%2Fcategories&post=43208"},{"taxonomy":"post_tag","embeddable":true,"href":"https:\/\/bergers-schlagerparadies.de\/index.php?rest_route=%2Fwp%2Fv2%2Ftags&post=43208"}],"curies":[{"name":"wp","href":"https:\/\/api.w.org\/{rel}","templated":true}]}}