{"id":43184,"date":"2026-04-24T13:35:38","date_gmt":"2026-04-24T11:35:38","guid":{"rendered":"https:\/\/bergers-schlagerparadies.de\/?p=43184"},"modified":"2026-04-24T13:36:07","modified_gmt":"2026-04-24T11:36:07","slug":"kavila-auf-wolke-7-%c2%b7-bergers-schlagerparadies","status":"publish","type":"post","link":"https:\/\/bergers-schlagerparadies.de\/?p=43184","title":{"rendered":"KAVILA &#8211; Auf Wolke 7 \u00b7 Berger\u00b4s Schlagerparadies"},"content":{"rendered":"<p><img loading=\"lazy\" decoding=\"async\" class=\"size-medium wp-image-43185 alignleft\" src=\"https:\/\/bergers-schlagerparadies.de\/wp-content\/uploads\/2026\/04\/KAVILA-Auf-Wolke-7-300x300.jpeg\" alt=\"\" width=\"300\" height=\"300\" srcset=\"https:\/\/bergers-schlagerparadies.de\/wp-content\/uploads\/2026\/04\/KAVILA-Auf-Wolke-7-300x300.jpeg 300w, https:\/\/bergers-schlagerparadies.de\/wp-content\/uploads\/2026\/04\/KAVILA-Auf-Wolke-7-1024x1024.jpeg 1024w, https:\/\/bergers-schlagerparadies.de\/wp-content\/uploads\/2026\/04\/KAVILA-Auf-Wolke-7-150x150.jpeg 150w, https:\/\/bergers-schlagerparadies.de\/wp-content\/uploads\/2026\/04\/KAVILA-Auf-Wolke-7-768x768.jpeg 768w, https:\/\/bergers-schlagerparadies.de\/wp-content\/uploads\/2026\/04\/KAVILA-Auf-Wolke-7-1536x1536.jpeg 1536w, https:\/\/bergers-schlagerparadies.de\/wp-content\/uploads\/2026\/04\/KAVILA-Auf-Wolke-7-2048x2048.jpeg 2048w, https:\/\/bergers-schlagerparadies.de\/wp-content\/uploads\/2026\/04\/KAVILA-Auf-Wolke-7-1200x1200.jpeg 1200w, https:\/\/bergers-schlagerparadies.de\/wp-content\/uploads\/2026\/04\/KAVILA-Auf-Wolke-7-1188x1188.jpeg 1188w, https:\/\/bergers-schlagerparadies.de\/wp-content\/uploads\/2026\/04\/KAVILA-Auf-Wolke-7-100x100.jpeg 100w\" sizes=\"auto, (max-width: 300px) 100vw, 300px\" \/>Nach mehreren Wochen in den offiziellen AirPlay-Charts mit ihrer Deb\u00fctsingle \u201eDanke f\u00fcr jede Sekunde\u201c legt KAVILA nun eindrucksvoll nach. Mit \u201eAuf Wolke 7\u201c pr\u00e4sentiert sie ihre zweite Ver\u00f6ffentlichung und beweist erneut ihr Gesp\u00fcr f\u00fcr modernen, emotionalen Pop-Schlager.<\/p>\n<p>Der neue Song verbindet eing\u00e4ngige Melodien mit einer klaren, zeitgem\u00e4\u00dfen Produktion und erz\u00e4hlt von jenem besonderen Moment, in dem alles leicht wird. Wenn Gef\u00fchle \u00fcberhandnehmen, der Alltag in den Hintergrund r\u00fcckt und man sich einfach fallen lassen kann, setzt \u201eAuf Wolke 7\u201c genau dort an. Es ist ein Song \u00fcber N\u00e4he, Vertrauen und das besondere Kribbeln, das man nicht planen kann.<\/p>\n<p>Mit ihrer unverwechselbaren Stimme transportiert KAVILA diese Emotion auf authentische Weise \u2013 nahbar, ehrlich und zugleich voller Energie. Der Refrain bleibt sofort im Ohr, l\u00e4dt zum Mitsingen ein und wird von modernen Sounds sowie einem tanzbaren Groove getragen, der dem Titel den perfekten Rahmen f\u00fcr Radio, Playlist und B\u00fchne verleiht.<\/p>\n<p>Nach dem starken Einstieg in die AirPlay-Charts kn\u00fcpft \u201eAuf Wolke 7\u201c nahtlos an diesen Erfolg an und zeigt klar KAVILAs musikalische Richtung: moderner Pop-Schlager mit Hitpotenzial, der sowohl im Radio als auch live funktioniert.<\/p>\n<p>Mit ihrer zweiten Single unterstreicht KAVILA ihren Anspruch, sich langfristig in der deutschsprachigen Musiklandschaft zu etablieren, und liefert zugleich den n\u00e4chsten Song, der Emotion und Leichtigkeit auf den Punkt bringt.<\/p>\n<p><span style=\"color: #800000;\"><strong>Quelle: Fiesta Records<\/strong><\/span><\/p>\n<p><span style=\"color: #800000;\"><strong>Dieser Song ist ab dem 24. April 2026 auf allen Download- und Streaming-Portalen erh\u00e4ltlich.\u00a0<\/strong><\/span><\/p>\n<p><span style=\"color: #800000;\"><strong>Airdate (f\u00fcr Radiosender): 24. April 2026<\/strong><\/span><\/p>\n","protected":false},"excerpt":{"rendered":"<p>Nach mehreren Wochen in den offiziellen AirPlay-Charts mit ihrer Deb\u00fctsingle \u201eDanke f\u00fcr jede Sekunde\u201c legt KAVILA nun eindrucksvoll nach. Mit \u201eAuf Wolke 7\u201c pr\u00e4sentiert sie ihre zweite Ver\u00f6ffentlichung und beweist erneut ihr Gesp\u00fcr f\u00fcr modernen, emotionalen Pop-Schlager. Der neue Song verbindet eing\u00e4ngige Melodien mit einer klaren, zeitgem\u00e4\u00dfen Produktion und erz\u00e4hlt von jenem besonderen Moment, in dem alles leicht wird. Wenn Gef\u00fchle \u00fcberhandnehmen, der Alltag in den Hintergrund r\u00fcckt und man sich einfach fallen lassen kann, setzt \u201eAuf Wolke 7\u201c genau dort an. Es ist ein Song \u00fcber N\u00e4he, Vertrauen und das besondere Kribbeln, das man nicht planen kann. Mit ihrer unverwechselbaren Stimme transportiert KAVILA diese&#8230;<\/p>\n","protected":false},"author":1,"featured_media":43185,"comment_status":"open","ping_status":"open","sticky":false,"template":"","format":"standard","meta":{"footnotes":""},"categories":[3231,3255,3264,3232,2],"tags":[4720],"class_list":["post-43184","post","type-post","status-publish","format-standard","has-post-thumbnail","hentry","category-bergers-schlagerparadies","category-deutsch","category-deutsch-pop","category-fiesta-records","category-schlager","tag-kavila","wpcat-3231-id","wpcat-3255-id","wpcat-3264-id","wpcat-3232-id","wpcat-2-id"],"_links":{"self":[{"href":"https:\/\/bergers-schlagerparadies.de\/index.php?rest_route=\/wp\/v2\/posts\/43184","targetHints":{"allow":["GET"]}}],"collection":[{"href":"https:\/\/bergers-schlagerparadies.de\/index.php?rest_route=\/wp\/v2\/posts"}],"about":[{"href":"https:\/\/bergers-schlagerparadies.de\/index.php?rest_route=\/wp\/v2\/types\/post"}],"author":[{"embeddable":true,"href":"https:\/\/bergers-schlagerparadies.de\/index.php?rest_route=\/wp\/v2\/users\/1"}],"replies":[{"embeddable":true,"href":"https:\/\/bergers-schlagerparadies.de\/index.php?rest_route=%2Fwp%2Fv2%2Fcomments&post=43184"}],"version-history":[{"count":1,"href":"https:\/\/bergers-schlagerparadies.de\/index.php?rest_route=\/wp\/v2\/posts\/43184\/revisions"}],"predecessor-version":[{"id":43187,"href":"https:\/\/bergers-schlagerparadies.de\/index.php?rest_route=\/wp\/v2\/posts\/43184\/revisions\/43187"}],"wp:featuredmedia":[{"embeddable":true,"href":"https:\/\/bergers-schlagerparadies.de\/index.php?rest_route=\/wp\/v2\/media\/43185"}],"wp:attachment":[{"href":"https:\/\/bergers-schlagerparadies.de\/index.php?rest_route=%2Fwp%2Fv2%2Fmedia&parent=43184"}],"wp:term":[{"taxonomy":"category","embeddable":true,"href":"https:\/\/bergers-schlagerparadies.de\/index.php?rest_route=%2Fwp%2Fv2%2Fcategories&post=43184"},{"taxonomy":"post_tag","embeddable":true,"href":"https:\/\/bergers-schlagerparadies.de\/index.php?rest_route=%2Fwp%2Fv2%2Ftags&post=43184"}],"curies":[{"name":"wp","href":"https:\/\/api.w.org\/{rel}","templated":true}]}}