{"id":43154,"date":"2026-04-27T10:30:32","date_gmt":"2026-04-27T08:30:32","guid":{"rendered":"https:\/\/bergers-schlagerparadies.de\/?p=43154"},"modified":"2026-04-24T09:47:22","modified_gmt":"2026-04-24T07:47:22","slug":"pierre-andre-der-sommer-bleibt-fuer-immer-%c2%b7-bergers-schlagerparadies","status":"publish","type":"post","link":"https:\/\/bergers-schlagerparadies.de\/?p=43154","title":{"rendered":"Pierr\u00e9 Andr\u00e9 &#8211; Der Sommer, bleibt f\u00fcr immer \u00b7 Berger\u00b4s Schlagerparadies"},"content":{"rendered":"<p><img loading=\"lazy\" decoding=\"async\" class=\"size-medium wp-image-43155 alignleft\" src=\"https:\/\/bergers-schlagerparadies.de\/wp-content\/uploads\/2026\/04\/Pierre-Andre-Der-Sommer-bleibt-fuer-immer-300x300.jpeg\" alt=\"\" width=\"300\" height=\"300\" srcset=\"https:\/\/bergers-schlagerparadies.de\/wp-content\/uploads\/2026\/04\/Pierre-Andre-Der-Sommer-bleibt-fuer-immer-300x300.jpeg 300w, https:\/\/bergers-schlagerparadies.de\/wp-content\/uploads\/2026\/04\/Pierre-Andre-Der-Sommer-bleibt-fuer-immer-1024x1024.jpeg 1024w, https:\/\/bergers-schlagerparadies.de\/wp-content\/uploads\/2026\/04\/Pierre-Andre-Der-Sommer-bleibt-fuer-immer-150x150.jpeg 150w, https:\/\/bergers-schlagerparadies.de\/wp-content\/uploads\/2026\/04\/Pierre-Andre-Der-Sommer-bleibt-fuer-immer-768x768.jpeg 768w, https:\/\/bergers-schlagerparadies.de\/wp-content\/uploads\/2026\/04\/Pierre-Andre-Der-Sommer-bleibt-fuer-immer-1536x1536.jpeg 1536w, https:\/\/bergers-schlagerparadies.de\/wp-content\/uploads\/2026\/04\/Pierre-Andre-Der-Sommer-bleibt-fuer-immer-2048x2048.jpeg 2048w, https:\/\/bergers-schlagerparadies.de\/wp-content\/uploads\/2026\/04\/Pierre-Andre-Der-Sommer-bleibt-fuer-immer-1200x1200.jpeg 1200w, https:\/\/bergers-schlagerparadies.de\/wp-content\/uploads\/2026\/04\/Pierre-Andre-Der-Sommer-bleibt-fuer-immer-1188x1188.jpeg 1188w, https:\/\/bergers-schlagerparadies.de\/wp-content\/uploads\/2026\/04\/Pierre-Andre-Der-Sommer-bleibt-fuer-immer-100x100.jpeg 100w\" sizes=\"auto, (max-width: 300px) 100vw, 300px\" \/>Mit seiner neuen Single \u201eDer Sommer bleibt f\u00fcr immer\u201c pr\u00e4sentiert Pierr\u00e9 Andr\u00e9 einen modernen, tanzbaren Song, der das Lebensgef\u00fchl eines unvergesslichen Sommers einf\u00e4ngt.<\/p>\n<p>Der Titel erz\u00e4hlt von der besonderen Atmosph\u00e4re eines Urlaubs: von Freiheit, Leichtigkeit und der Magie eines Sommers, in dem alles m\u00f6glich scheint. Zwischen Sonne, Meer und langen N\u00e4chten entstehen Begegnungen, die intensiver wirken als der Alltag selbst. Zwei Menschen, die sich vielleicht erst seit wenigen Stunden kennen, teilen Momente, die sich wie eine kleine Ewigkeit anf\u00fchlen.<\/p>\n<p>\u201eDer Sommer bleibt f\u00fcr immer\u201c verbindet eing\u00e4ngige Melodien mit einem zeitgem\u00e4\u00dfen Sound und l\u00e4dt zum Tanzen und Tr\u00e4umen zugleich ein.<\/p>\n<p>Die Single erscheint im April und markiert f\u00fcr Pierr\u00e9 Andr\u00e9 zugleich einen neuen musikalischen Abschnitt. Gemeinsam mit seinem Produzenten Rod Berry blickt er voller Vorfreude auf eine spannende musikalische Zukunft.<\/p>\n<p><span style=\"color: #800000;\"><strong>Quelle: Fiesta Records<\/strong><\/span><\/p>\n<p><span style=\"color: #800000;\"><strong>Dieser Song ist ab dem 01. Mai 2026 auf allen Download- und Streaming-Portalen erh\u00e4ltlich.\u00a0<\/strong><\/span><\/p>\n<p><span style=\"color: #800000;\"><strong>Airdate (f\u00fcr Radiosender): 24. April 2026<\/strong><\/span><\/p>\n","protected":false},"excerpt":{"rendered":"<p>Mit seiner neuen Single \u201eDer Sommer bleibt f\u00fcr immer\u201c pr\u00e4sentiert Pierr\u00e9 Andr\u00e9 einen modernen, tanzbaren Song, der das Lebensgef\u00fchl eines unvergesslichen Sommers einf\u00e4ngt. Der Titel erz\u00e4hlt von der besonderen Atmosph\u00e4re eines Urlaubs: von Freiheit, Leichtigkeit und der Magie eines Sommers, in dem alles m\u00f6glich scheint. Zwischen Sonne, Meer und langen N\u00e4chten entstehen Begegnungen, die intensiver wirken als der Alltag selbst. Zwei Menschen, die sich vielleicht erst seit wenigen Stunden kennen, teilen Momente, die sich wie eine kleine Ewigkeit anf\u00fchlen. \u201eDer Sommer bleibt f\u00fcr immer\u201c verbindet eing\u00e4ngige Melodien mit einem zeitgem\u00e4\u00dfen Sound und l\u00e4dt zum Tanzen und Tr\u00e4umen zugleich ein. Die Single erscheint im April und&#8230;<\/p>\n","protected":false},"author":1,"featured_media":43155,"comment_status":"open","ping_status":"open","sticky":false,"template":"","format":"standard","meta":{"footnotes":""},"categories":[3231,3255,3264,3232,2],"tags":[309],"class_list":["post-43154","post","type-post","status-publish","format-standard","has-post-thumbnail","hentry","category-bergers-schlagerparadies","category-deutsch","category-deutsch-pop","category-fiesta-records","category-schlager","tag-pierre-andre","wpcat-3231-id","wpcat-3255-id","wpcat-3264-id","wpcat-3232-id","wpcat-2-id"],"_links":{"self":[{"href":"https:\/\/bergers-schlagerparadies.de\/index.php?rest_route=\/wp\/v2\/posts\/43154","targetHints":{"allow":["GET"]}}],"collection":[{"href":"https:\/\/bergers-schlagerparadies.de\/index.php?rest_route=\/wp\/v2\/posts"}],"about":[{"href":"https:\/\/bergers-schlagerparadies.de\/index.php?rest_route=\/wp\/v2\/types\/post"}],"author":[{"embeddable":true,"href":"https:\/\/bergers-schlagerparadies.de\/index.php?rest_route=\/wp\/v2\/users\/1"}],"replies":[{"embeddable":true,"href":"https:\/\/bergers-schlagerparadies.de\/index.php?rest_route=%2Fwp%2Fv2%2Fcomments&post=43154"}],"version-history":[{"count":1,"href":"https:\/\/bergers-schlagerparadies.de\/index.php?rest_route=\/wp\/v2\/posts\/43154\/revisions"}],"predecessor-version":[{"id":43156,"href":"https:\/\/bergers-schlagerparadies.de\/index.php?rest_route=\/wp\/v2\/posts\/43154\/revisions\/43156"}],"wp:featuredmedia":[{"embeddable":true,"href":"https:\/\/bergers-schlagerparadies.de\/index.php?rest_route=\/wp\/v2\/media\/43155"}],"wp:attachment":[{"href":"https:\/\/bergers-schlagerparadies.de\/index.php?rest_route=%2Fwp%2Fv2%2Fmedia&parent=43154"}],"wp:term":[{"taxonomy":"category","embeddable":true,"href":"https:\/\/bergers-schlagerparadies.de\/index.php?rest_route=%2Fwp%2Fv2%2Fcategories&post=43154"},{"taxonomy":"post_tag","embeddable":true,"href":"https:\/\/bergers-schlagerparadies.de\/index.php?rest_route=%2Fwp%2Fv2%2Ftags&post=43154"}],"curies":[{"name":"wp","href":"https:\/\/api.w.org\/{rel}","templated":true}]}}