{"id":43147,"date":"2026-04-27T10:30:39","date_gmt":"2026-04-27T08:30:39","guid":{"rendered":"https:\/\/bergers-schlagerparadies.de\/?p=43147"},"modified":"2026-04-24T01:05:37","modified_gmt":"2026-04-23T23:05:37","slug":"kerstin-colien-es-ist-sommer-%c2%b7-bergers-schlagerparadies","status":"publish","type":"post","link":"https:\/\/bergers-schlagerparadies.de\/?p=43147","title":{"rendered":"Kerstin Colien &#8211; Es ist Sommer \u00b7 Berger\u00b4s Schlagerparadies"},"content":{"rendered":"<p><img loading=\"lazy\" decoding=\"async\" class=\"size-medium wp-image-43148 alignleft\" src=\"https:\/\/bergers-schlagerparadies.de\/wp-content\/uploads\/2026\/04\/Kerstin-Colien-Es-ist-Sommer-300x300.jpeg\" alt=\"\" width=\"300\" height=\"300\" srcset=\"https:\/\/bergers-schlagerparadies.de\/wp-content\/uploads\/2026\/04\/Kerstin-Colien-Es-ist-Sommer-300x300.jpeg 300w, https:\/\/bergers-schlagerparadies.de\/wp-content\/uploads\/2026\/04\/Kerstin-Colien-Es-ist-Sommer-1024x1024.jpeg 1024w, https:\/\/bergers-schlagerparadies.de\/wp-content\/uploads\/2026\/04\/Kerstin-Colien-Es-ist-Sommer-150x150.jpeg 150w, https:\/\/bergers-schlagerparadies.de\/wp-content\/uploads\/2026\/04\/Kerstin-Colien-Es-ist-Sommer-768x768.jpeg 768w, https:\/\/bergers-schlagerparadies.de\/wp-content\/uploads\/2026\/04\/Kerstin-Colien-Es-ist-Sommer-1536x1536.jpeg 1536w, https:\/\/bergers-schlagerparadies.de\/wp-content\/uploads\/2026\/04\/Kerstin-Colien-Es-ist-Sommer-2048x2048.jpeg 2048w, https:\/\/bergers-schlagerparadies.de\/wp-content\/uploads\/2026\/04\/Kerstin-Colien-Es-ist-Sommer-1200x1200.jpeg 1200w, https:\/\/bergers-schlagerparadies.de\/wp-content\/uploads\/2026\/04\/Kerstin-Colien-Es-ist-Sommer-1188x1188.jpeg 1188w, https:\/\/bergers-schlagerparadies.de\/wp-content\/uploads\/2026\/04\/Kerstin-Colien-Es-ist-Sommer-100x100.jpeg 100w\" sizes=\"auto, (max-width: 300px) 100vw, 300px\" \/>Die S\u00e4ngerin Kerstin Colien meldet sich eindrucksvoll zur\u00fcck und schl\u00e4gt ein neues Kapitel in ihrer musikalischen Laufbahn auf. Mit frischer Energie und klarer k\u00fcnstlerischer Vision kehrt sie zu ihrem fr\u00fcheren Produzenten-Team um Uwe Gal zur\u00fcck \u2013 eine Zusammenarbeit, die bereits in der Vergangenheit f\u00fcr besondere musikalische Momente gesorgt hat.<\/p>\n<p>Aktuell arbeitet die K\u00fcnstlerin mit Hochdruck an einem neuen Album, das ihre Weiterentwicklung eindrucksvoll unterstreichen soll.<\/p>\n<p>Nach ihrer gef\u00fchlvollen Ver\u00f6ffentlichung \u201eFreundschaft\u201c und der aktuellen Single \u201eWarum\u201c, mit der sie einmal mehr ihre emotionale Tiefe unter Beweis stellt, d\u00fcrfen sich ihre Fans bereits auf den n\u00e4chsten musikalischen Vorboten freuen:<\/p>\n<p>Die Single \u201eEs ist Sommer\u201c erscheint im April und verspricht Leichtigkeit, Lebensfreude und eing\u00e4ngige Melodien \u2013 genau das, was man sich von einem perfekten Sommerhit w\u00fcnscht.<\/p>\n<p>Auch hinter den Kulissen wurden wichtige Weichen neu gestellt. Mit Ilse Fischer an ihrer Seite erh\u00e4lt Kerstin Colien ein neues Management, das sie auf ihrem weiteren Weg professionell begleiten wird. Zudem hat sie mit Fiesta Records eine starke Plattenfirma gefunden, die ihr k\u00fcnstlerisches Schaffen unterst\u00fctzt und ihr neue Perspektiven er\u00f6ffnet.<\/p>\n<p>Mit diesem Neustart zeigt Kerstin Colien eindrucksvoll, dass sie bereit ist, ihren Weg konsequent weiterzugehen \u2013 authentisch, leidenschaftlich und voller musikalischer Ideen.<\/p>\n<p><span style=\"color: #800000;\"><strong>Quelle: Fiesta Records<\/strong><\/span><\/p>\n<p><span style=\"color: #800000;\"><strong>Dieser Song ist ab dem 01. Mai 2026 auf allen Download- und Streaming-Portalen erh\u00e4ltlich.\u00a0<\/strong><\/span><\/p>\n<p><span style=\"color: #800000;\"><strong>Airdate (f\u00fcr Radiosender): 24. April 2026<\/strong><\/span><\/p>\n","protected":false},"excerpt":{"rendered":"<p>Die S\u00e4ngerin Kerstin Colien meldet sich eindrucksvoll zur\u00fcck und schl\u00e4gt ein neues Kapitel in ihrer musikalischen Laufbahn auf. Mit frischer Energie und klarer k\u00fcnstlerischer Vision kehrt sie zu ihrem fr\u00fcheren Produzenten-Team um Uwe Gal zur\u00fcck \u2013 eine Zusammenarbeit, die bereits in der Vergangenheit f\u00fcr besondere musikalische Momente gesorgt hat. Aktuell arbeitet die K\u00fcnstlerin mit Hochdruck an einem neuen Album, das ihre Weiterentwicklung eindrucksvoll unterstreichen soll. Nach ihrer gef\u00fchlvollen Ver\u00f6ffentlichung \u201eFreundschaft\u201c und der aktuellen Single \u201eWarum\u201c, mit der sie einmal mehr ihre emotionale Tiefe unter Beweis stellt, d\u00fcrfen sich ihre Fans bereits auf den n\u00e4chsten musikalischen Vorboten freuen: Die Single \u201eEs ist Sommer\u201c erscheint im April&#8230;<\/p>\n","protected":false},"author":1,"featured_media":43148,"comment_status":"open","ping_status":"open","sticky":false,"template":"","format":"standard","meta":{"footnotes":""},"categories":[3231,3255,3264,3232,2],"tags":[4585],"class_list":["post-43147","post","type-post","status-publish","format-standard","has-post-thumbnail","hentry","category-bergers-schlagerparadies","category-deutsch","category-deutsch-pop","category-fiesta-records","category-schlager","tag-kerstin-colien","wpcat-3231-id","wpcat-3255-id","wpcat-3264-id","wpcat-3232-id","wpcat-2-id"],"_links":{"self":[{"href":"https:\/\/bergers-schlagerparadies.de\/index.php?rest_route=\/wp\/v2\/posts\/43147","targetHints":{"allow":["GET"]}}],"collection":[{"href":"https:\/\/bergers-schlagerparadies.de\/index.php?rest_route=\/wp\/v2\/posts"}],"about":[{"href":"https:\/\/bergers-schlagerparadies.de\/index.php?rest_route=\/wp\/v2\/types\/post"}],"author":[{"embeddable":true,"href":"https:\/\/bergers-schlagerparadies.de\/index.php?rest_route=\/wp\/v2\/users\/1"}],"replies":[{"embeddable":true,"href":"https:\/\/bergers-schlagerparadies.de\/index.php?rest_route=%2Fwp%2Fv2%2Fcomments&post=43147"}],"version-history":[{"count":1,"href":"https:\/\/bergers-schlagerparadies.de\/index.php?rest_route=\/wp\/v2\/posts\/43147\/revisions"}],"predecessor-version":[{"id":43149,"href":"https:\/\/bergers-schlagerparadies.de\/index.php?rest_route=\/wp\/v2\/posts\/43147\/revisions\/43149"}],"wp:featuredmedia":[{"embeddable":true,"href":"https:\/\/bergers-schlagerparadies.de\/index.php?rest_route=\/wp\/v2\/media\/43148"}],"wp:attachment":[{"href":"https:\/\/bergers-schlagerparadies.de\/index.php?rest_route=%2Fwp%2Fv2%2Fmedia&parent=43147"}],"wp:term":[{"taxonomy":"category","embeddable":true,"href":"https:\/\/bergers-schlagerparadies.de\/index.php?rest_route=%2Fwp%2Fv2%2Fcategories&post=43147"},{"taxonomy":"post_tag","embeddable":true,"href":"https:\/\/bergers-schlagerparadies.de\/index.php?rest_route=%2Fwp%2Fv2%2Ftags&post=43147"}],"curies":[{"name":"wp","href":"https:\/\/api.w.org\/{rel}","templated":true}]}}