{"id":43114,"date":"2026-04-23T23:48:52","date_gmt":"2026-04-23T21:48:52","guid":{"rendered":"https:\/\/bergers-schlagerparadies.de\/?p=43114"},"modified":"2026-04-23T23:48:52","modified_gmt":"2026-04-23T21:48:52","slug":"rainhard-fendrich-45-jahre-live-album-%c2%b7-bergers-schlagerparadies","status":"publish","type":"post","link":"https:\/\/bergers-schlagerparadies.de\/?p=43114","title":{"rendered":"Rainhard Fendrich &#8211; 45 Jahre (Live) (Album) \u00b7 Berger\u00b4s Schlagerparadies"},"content":{"rendered":"<p><img loading=\"lazy\" decoding=\"async\" class=\"size-medium wp-image-43115 alignleft\" src=\"https:\/\/bergers-schlagerparadies.de\/wp-content\/uploads\/2026\/04\/Rainhard-Fendrich-45-Jahre-Live-Album-300x298.jpeg\" alt=\"\" width=\"300\" height=\"298\" srcset=\"https:\/\/bergers-schlagerparadies.de\/wp-content\/uploads\/2026\/04\/Rainhard-Fendrich-45-Jahre-Live-Album-300x298.jpeg 300w, https:\/\/bergers-schlagerparadies.de\/wp-content\/uploads\/2026\/04\/Rainhard-Fendrich-45-Jahre-Live-Album-1024x1015.jpeg 1024w, https:\/\/bergers-schlagerparadies.de\/wp-content\/uploads\/2026\/04\/Rainhard-Fendrich-45-Jahre-Live-Album-150x150.jpeg 150w, https:\/\/bergers-schlagerparadies.de\/wp-content\/uploads\/2026\/04\/Rainhard-Fendrich-45-Jahre-Live-Album-768x762.jpeg 768w, https:\/\/bergers-schlagerparadies.de\/wp-content\/uploads\/2026\/04\/Rainhard-Fendrich-45-Jahre-Live-Album-1188x1178.jpeg 1188w, https:\/\/bergers-schlagerparadies.de\/wp-content\/uploads\/2026\/04\/Rainhard-Fendrich-45-Jahre-Live-Album-100x100.jpeg 100w, https:\/\/bergers-schlagerparadies.de\/wp-content\/uploads\/2026\/04\/Rainhard-Fendrich-45-Jahre-Live-Album.jpeg 1200w\" sizes=\"auto, (max-width: 300px) 100vw, 300px\" \/>Rainhard Fendrich: \u201e45 Jahre\u201c<\/p>\n<p>45 Jahre auf der B\u00fchne haben nicht nur den Musiker Rainhard Fendrich gepr\u00e4gt. Seine Lieder wurden in dieser Zeit zum pers\u00f6nlichen Soundtrack f\u00fcr Generationen von Menschen. Bleibende Erinnerungen und ganze Lebensgeschichten sind bis heute eng mit seiner Musik verwoben. Mehr noch: Aus Liedern wurden Hits, die sich verselbst\u00e4ndigt und ein Eigenleben entwickelt haben, weil das Publikum sie zu etwas gemacht hat, was weit \u00fcber ihre urspr\u00fcngliche Bestimmung hinaus geht.<\/p>\n<p>Seine Jubil\u00e4umstournee \u201e45 Jahre \u2013 Nur ein Wimpernschlag\u201c hat Fendrich dazu genutzt, um gemeinsam mit seinen Fans 45 Jahre Erinnerungen zur feiern und mit ihnen auf eine musikalische Reise zu gehen: mehr als vier Jahrzehnte Hits, von den 80er Jahren bis hin zur Gegenwart.<\/p>\n<p>Das Album \u201e45 Jahre\u201c ist ein einmaliges Erlebnis! Vor der beeindruckenden Kulisse des W\u00f6rthersees in Klagenfurt und in der Stadthalle Wien wurden drei Stunden Emotionen, Erinnerungen und unvergessliche Melodien live eingefangen.<\/p>\n<p>Rainhard Fendrich und seine ph\u00e4nomenale Live-Band laden ein zu einer magischen musikalischen Zeitreise. \u201eNur ein Wimpernschlag\u201c thematisiert dabei das Zusammenspiel von Vergangenheit und Gegenwart. Alles beginnt mit einem Autocrash in \u201eZweierbeziehung\u201c, ein Lied aus einer Zeit, in der Man(n) noch mit dem \u201eNachtzug nach Jesolo\u201c fuhr. Erinnerungen werden wach an gl\u00fccklose Ann\u00e4herungsversuche bei \u201eFrieda\u201c, durchzechte N\u00e4chte \u201eZwischen ein und vier\u201c und eine Fahrt auf der \u201eStrada del Sole\u201c ohne Lire und Papiere.<\/p>\n<p>In einzelnen neuen Liedern wie \u201eSch\u00f6ne Aug\u2019n\u201c oder der tiefgr\u00fcndigen Ballade \u201eHoit Mi\u201c entfaltet sich die ganze Bandbreite von Fendrichs Schaffen ebenso wie in den zeitlosen Klassikern. Nat\u00fcrlich darf die legend\u00e4re Hymne \u201eI Am From Austria\u201c nicht fehlen, ebenso wie das von ironischem Sportsgeist gepr\u00e4gte \u201eEs lebe der Sport\u201c oder auch die einzigartige Liebeserkl\u00e4rung \u201eWeus\u2018d a Herz hast wia a Bergwerk\u201c.<\/p>\n<p>Bei\u00dfender Humor und satirische Gesellschaftskritik flie\u00dfen ein bei \u201eMacho Macho\u201c, \u201eBlond\u201c, \u201eSchickeria\u201c oder beim \u201eTango Korrupti\u201c. \u201eOben ohne oder \u201eV\u00fc sch\u00f6ner\u201c bringen Spa\u00df und Leichtigkeit pur. Und bei \u201eManchmal denk i no an di\u201c oder \u201eTr\u00e4nen trocknen schnell\u201c r\u00fchrt sich tiefe Nostalgie.<\/p>\n<p>Und immer wieder liefert Fendrich auch Botschaften von Hoffnung, Frieden und Zusammenhalt, wie mit \u201eNie mehr Krieg\u201c oder auch \u201eSchwarzoderwei\u00df\u201c und erinnert daran, dass das jeder Mensch der Spezies Homo sapiens angeh\u00f6rt \u2013 an und f\u00fcr sich die beste Voraussetzung f\u00fcr ein friedliches Zusammenleben.<\/p>\n<p>\u201e45 Jahre\u201c ist mehr als ein Livealbum \u2013 es ist ein einzigartiges \u201eBest of\u201c und das Dokument einer au\u00dfergew\u00f6hnlichen Karriere \u2013 live, authentisch und voller musikalischer Leidenschaft.<\/p>\n<p>Ein Muss f\u00fcr alle, die die Songs von Rainhard Fendrich seit Jahren lieben \u2013 oder sie neu entdecken m\u00f6chten.<\/p>\n<p><span style=\"color: #800000;\"><strong>Quelle: RJF Musik<\/strong><\/span><\/p>\n<p><span style=\"color: #800000;\"><strong>Dieses Album ist ab dem 06. Juni 2026 auf allen Download- und Streaming-Portalen erh\u00e4ltlich.\u00a0<\/strong><\/span><\/p>\n<p><span style=\"color: #800000;\"><strong>Airdate (f\u00fcr Radiosender): 24. April 2026<\/strong><\/span><\/p>\n","protected":false},"excerpt":{"rendered":"<p>Rainhard Fendrich: \u201e45 Jahre\u201c 45 Jahre auf der B\u00fchne haben nicht nur den Musiker Rainhard Fendrich gepr\u00e4gt. Seine Lieder wurden in dieser Zeit zum pers\u00f6nlichen Soundtrack f\u00fcr Generationen von Menschen. Bleibende Erinnerungen und ganze Lebensgeschichten sind bis heute eng mit seiner Musik verwoben. Mehr noch: Aus Liedern wurden Hits, die sich verselbst\u00e4ndigt und ein Eigenleben entwickelt haben, weil das Publikum sie zu etwas gemacht hat, was weit \u00fcber ihre urspr\u00fcngliche Bestimmung hinaus geht. Seine Jubil\u00e4umstournee \u201e45 Jahre \u2013 Nur ein Wimpernschlag\u201c hat Fendrich dazu genutzt, um gemeinsam mit seinen Fans 45 Jahre Erinnerungen zur feiern und mit ihnen auf eine musikalische Reise zu gehen: mehr&#8230;<\/p>\n","protected":false},"author":1,"featured_media":43115,"comment_status":"open","ping_status":"open","sticky":false,"template":"","format":"standard","meta":{"footnotes":""},"categories":[3257,3231,3237,4712],"tags":[2688],"class_list":["post-43114","post","type-post","status-publish","format-standard","has-post-thumbnail","hentry","category-album","category-bergers-schlagerparadies","category-pop","category-rjf-musik","tag-rainhard-fendrich","wpcat-3257-id","wpcat-3231-id","wpcat-3237-id","wpcat-4712-id"],"_links":{"self":[{"href":"https:\/\/bergers-schlagerparadies.de\/index.php?rest_route=\/wp\/v2\/posts\/43114","targetHints":{"allow":["GET"]}}],"collection":[{"href":"https:\/\/bergers-schlagerparadies.de\/index.php?rest_route=\/wp\/v2\/posts"}],"about":[{"href":"https:\/\/bergers-schlagerparadies.de\/index.php?rest_route=\/wp\/v2\/types\/post"}],"author":[{"embeddable":true,"href":"https:\/\/bergers-schlagerparadies.de\/index.php?rest_route=\/wp\/v2\/users\/1"}],"replies":[{"embeddable":true,"href":"https:\/\/bergers-schlagerparadies.de\/index.php?rest_route=%2Fwp%2Fv2%2Fcomments&post=43114"}],"version-history":[{"count":1,"href":"https:\/\/bergers-schlagerparadies.de\/index.php?rest_route=\/wp\/v2\/posts\/43114\/revisions"}],"predecessor-version":[{"id":43116,"href":"https:\/\/bergers-schlagerparadies.de\/index.php?rest_route=\/wp\/v2\/posts\/43114\/revisions\/43116"}],"wp:featuredmedia":[{"embeddable":true,"href":"https:\/\/bergers-schlagerparadies.de\/index.php?rest_route=\/wp\/v2\/media\/43115"}],"wp:attachment":[{"href":"https:\/\/bergers-schlagerparadies.de\/index.php?rest_route=%2Fwp%2Fv2%2Fmedia&parent=43114"}],"wp:term":[{"taxonomy":"category","embeddable":true,"href":"https:\/\/bergers-schlagerparadies.de\/index.php?rest_route=%2Fwp%2Fv2%2Fcategories&post=43114"},{"taxonomy":"post_tag","embeddable":true,"href":"https:\/\/bergers-schlagerparadies.de\/index.php?rest_route=%2Fwp%2Fv2%2Ftags&post=43114"}],"curies":[{"name":"wp","href":"https:\/\/api.w.org\/{rel}","templated":true}]}}