{"id":4258,"date":"2021-05-15T13:08:02","date_gmt":"2021-05-15T11:08:02","guid":{"rendered":"http:\/\/bergers-schlagerparadies.de\/?p=4258"},"modified":"2021-05-15T13:08:02","modified_gmt":"2021-05-15T11:08:02","slug":"amadinos-power-der-liebe-bergers-schlagerparadies","status":"publish","type":"post","link":"https:\/\/bergers-schlagerparadies.de\/?p=4258","title":{"rendered":"Amadinos &#8211; Power der Liebe | Berger\u00b4s Schlagerparadies"},"content":{"rendered":"<div>\n<p><img loading=\"lazy\" decoding=\"async\" class=\"size-medium wp-image-4260 alignleft\" src=\"https:\/\/bergers-schlagerparadies.de\/wp-content\/uploads\/2021\/05\/Amadinos-Power-der-Liebe-300x300.jpg\" alt=\"\" width=\"300\" height=\"300\" srcset=\"https:\/\/bergers-schlagerparadies.de\/wp-content\/uploads\/2021\/05\/Amadinos-Power-der-Liebe-300x300.jpg 300w, https:\/\/bergers-schlagerparadies.de\/wp-content\/uploads\/2021\/05\/Amadinos-Power-der-Liebe-150x150.jpg 150w, https:\/\/bergers-schlagerparadies.de\/wp-content\/uploads\/2021\/05\/Amadinos-Power-der-Liebe-100x100.jpg 100w, https:\/\/bergers-schlagerparadies.de\/wp-content\/uploads\/2021\/05\/Amadinos-Power-der-Liebe.jpg 580w\" sizes=\"auto, (max-width: 300px) 100vw, 300px\" \/>Das musikalische Traumpaar des deutschen Schlagers in der Schweiz hei\u00dft immer noch &#8222;Amadinos&#8220; und das Duo stellt jetzt die n\u00e4chste Single auf die Startrampe. Mit &#8222;Power der Liebe&#8220; starten die Beiden in den Mai und legen damit auch gleichzeitig schon eine kleine F\u00e4hrte f\u00fcr das zweite Album, das ebenfalls in diesem Jahr erscheinen wird.<\/p>\n<p>Seit 5 Jahren sind Sandra und Heinz das Duo &#8222;Amadinos&#8220; und konnten sich in der kurzen Zeit bereits fest in der Szene platzieren. Mit ihrem Titel &#8222;Du wirfst mich v\u00f6llig aus der Bahn&#8220; holten sich die sympathischen Schweizer im Februar 2019 den Alpenstern der Sendung Alpenwelle und schrieben damals erstmal Geschichte im Schweizer Fernsehen: Platz 1 in den Februar-Charts und der Alpenstern Jahressieg 2019. Im Folgejahr landeten die &#8222;Amadinos&#8220; auf einem sensationellen 2. Platz.<\/p>\n<p>Aus dem Erfolg des ersten Albums &#8222;Endlich, endlich&#8220; (erschien 2018) zogen beide die Energie und Motivation, in diesem Jahr ein weiteres Album zu ver\u00f6ffentlichen. Die Single &#8222;Power der Liebe&#8220; ist nicht nur die erste Vorab-Auskopplung daraus, sondern gibt dem Album auch den ebengleichen Namen.<\/p>\n<p>Musik &#8211; und auch gerade der Schlager &#8211; muss authentisch sein und kann dies, wenn Musik und Text aus dem Herzen kommen. Fast alle Titel der &#8222;Amadinos&#8220; sind von beiden Interpreten selbst geschrieben und komponiert. So erkennt man die Leidenschaft, das Gef\u00fchl und n\u00f6tige Herzblut, welches sich aus jeder einzelnen Strophe und jeder gesungenen Silbe ergibt. Den technischen Feinschliff im Studio gab Produzent Urs L\u00f6tscher (LUMusic) hinzu.<\/p>\n<p>Das Potential der Single und des gleichnamigen Albums ist riesig. Die Fans d\u00fcrfen sich auf tollen deutschen Schlager freuen, m\u00fcssen sich f\u00fcr das Album allerdings noch bis September gedulden.<\/p>\n<\/div>\n<div><\/div>\n<div>\n<div><strong>Dieser Song ist ab dem\u00a014.05.2021\u00a0in allen bekannten Onlineshops erh\u00e4ltlich!<\/strong><\/div>\n<\/div>\n<p><iframe style=\"width: 120px; height: 240px;\" src=\"\/\/ws-eu.amazon-adsystem.com\/widgets\/q?ServiceVersion=20070822&amp;OneJS=1&amp;Operation=GetAdHtml&amp;MarketPlace=DE&amp;source=ss&amp;ref=as_ss_li_til&amp;ad_type=product_link&amp;tracking_id=bergers-21&amp;language=de_DE&amp;marketplace=amazon&amp;region=DE&amp;placement=B093QLMMC2&amp;asins=B093QLMMC2&amp;linkId=b2acf1566362b980c64c5b781fcb61cb&amp;show_border=true&amp;link_opens_in_new_window=true\" frameborder=\"0\" marginwidth=\"0\" marginheight=\"0\" scrolling=\"no\"><\/iframe><\/p>\n","protected":false},"excerpt":{"rendered":"<p>Das musikalische Traumpaar des deutschen Schlagers in der Schweiz hei\u00dft immer noch &#8222;Amadinos&#8220; und das Duo stellt jetzt die n\u00e4chste Single auf die Startrampe. Mit &#8222;Power der Liebe&#8220; starten die Beiden in den Mai und legen damit auch gleichzeitig schon eine kleine F\u00e4hrte f\u00fcr das zweite Album, das ebenfalls in diesem Jahr erscheinen wird. Seit 5 Jahren sind Sandra und Heinz das Duo &#8222;Amadinos&#8220; und konnten sich in der kurzen Zeit bereits fest in der Szene platzieren. Mit ihrem Titel &#8222;Du wirfst mich v\u00f6llig aus der Bahn&#8220; holten sich die sympathischen Schweizer im Februar 2019 den Alpenstern der Sendung Alpenwelle und schrieben damals erstmal Geschichte&#8230;<\/p>\n","protected":false},"author":1,"featured_media":4260,"comment_status":"open","ping_status":"open","sticky":false,"template":"","format":"standard","meta":{"footnotes":""},"categories":[2],"tags":[571],"class_list":["post-4258","post","type-post","status-publish","format-standard","has-post-thumbnail","hentry","category-schlager","tag-amadinos","wpcat-2-id"],"_links":{"self":[{"href":"https:\/\/bergers-schlagerparadies.de\/index.php?rest_route=\/wp\/v2\/posts\/4258","targetHints":{"allow":["GET"]}}],"collection":[{"href":"https:\/\/bergers-schlagerparadies.de\/index.php?rest_route=\/wp\/v2\/posts"}],"about":[{"href":"https:\/\/bergers-schlagerparadies.de\/index.php?rest_route=\/wp\/v2\/types\/post"}],"author":[{"embeddable":true,"href":"https:\/\/bergers-schlagerparadies.de\/index.php?rest_route=\/wp\/v2\/users\/1"}],"replies":[{"embeddable":true,"href":"https:\/\/bergers-schlagerparadies.de\/index.php?rest_route=%2Fwp%2Fv2%2Fcomments&post=4258"}],"version-history":[{"count":1,"href":"https:\/\/bergers-schlagerparadies.de\/index.php?rest_route=\/wp\/v2\/posts\/4258\/revisions"}],"predecessor-version":[{"id":4261,"href":"https:\/\/bergers-schlagerparadies.de\/index.php?rest_route=\/wp\/v2\/posts\/4258\/revisions\/4261"}],"wp:featuredmedia":[{"embeddable":true,"href":"https:\/\/bergers-schlagerparadies.de\/index.php?rest_route=\/wp\/v2\/media\/4260"}],"wp:attachment":[{"href":"https:\/\/bergers-schlagerparadies.de\/index.php?rest_route=%2Fwp%2Fv2%2Fmedia&parent=4258"}],"wp:term":[{"taxonomy":"category","embeddable":true,"href":"https:\/\/bergers-schlagerparadies.de\/index.php?rest_route=%2Fwp%2Fv2%2Fcategories&post=4258"},{"taxonomy":"post_tag","embeddable":true,"href":"https:\/\/bergers-schlagerparadies.de\/index.php?rest_route=%2Fwp%2Fv2%2Ftags&post=4258"}],"curies":[{"name":"wp","href":"https:\/\/api.w.org\/{rel}","templated":true}]}}