{"id":42352,"date":"2026-03-18T21:06:39","date_gmt":"2026-03-18T20:06:39","guid":{"rendered":"https:\/\/bergers-schlagerparadies.de\/?p=42352"},"modified":"2026-03-18T21:07:44","modified_gmt":"2026-03-18T20:07:44","slug":"joel-spinello-tus-heute-nacht-%c2%b7-bergers-schlagerparadies","status":"publish","type":"post","link":"https:\/\/bergers-schlagerparadies.de\/?p=42352","title":{"rendered":"Joel Spinello &#8211; Tu&#8217;s heute Nacht \u00b7 Berger\u00b4s Schlagerparadies"},"content":{"rendered":"<p><img loading=\"lazy\" decoding=\"async\" class=\"size-medium wp-image-42353 alignleft\" src=\"https:\/\/bergers-schlagerparadies.de\/wp-content\/uploads\/2026\/03\/Joel-Spinello-Tus-heute-Nacht-300x300.jpeg\" alt=\"\" width=\"300\" height=\"300\" srcset=\"https:\/\/bergers-schlagerparadies.de\/wp-content\/uploads\/2026\/03\/Joel-Spinello-Tus-heute-Nacht-300x300.jpeg 300w, https:\/\/bergers-schlagerparadies.de\/wp-content\/uploads\/2026\/03\/Joel-Spinello-Tus-heute-Nacht-1024x1024.jpeg 1024w, https:\/\/bergers-schlagerparadies.de\/wp-content\/uploads\/2026\/03\/Joel-Spinello-Tus-heute-Nacht-150x150.jpeg 150w, https:\/\/bergers-schlagerparadies.de\/wp-content\/uploads\/2026\/03\/Joel-Spinello-Tus-heute-Nacht-768x768.jpeg 768w, https:\/\/bergers-schlagerparadies.de\/wp-content\/uploads\/2026\/03\/Joel-Spinello-Tus-heute-Nacht-1536x1536.jpeg 1536w, https:\/\/bergers-schlagerparadies.de\/wp-content\/uploads\/2026\/03\/Joel-Spinello-Tus-heute-Nacht-2048x2048.jpeg 2048w, https:\/\/bergers-schlagerparadies.de\/wp-content\/uploads\/2026\/03\/Joel-Spinello-Tus-heute-Nacht-1200x1200.jpeg 1200w, https:\/\/bergers-schlagerparadies.de\/wp-content\/uploads\/2026\/03\/Joel-Spinello-Tus-heute-Nacht-1188x1188.jpeg 1188w, https:\/\/bergers-schlagerparadies.de\/wp-content\/uploads\/2026\/03\/Joel-Spinello-Tus-heute-Nacht-100x100.jpeg 100w\" sizes=\"auto, (max-width: 300px) 100vw, 300px\" \/>PM: Joel Spinello &#8211; Tu\u2019s heute Nacht<br \/>\nV\u00d6: 17. April 2026 (K\u2019ENT Records)<\/p>\n<p>Nach einer kreativen Auszeit meldet sich Pop-Schlager S\u00e4nger Joel Spinello eindrucksvoll mit frischem Sound, modernen Pop-Elementen und neuer Energie zur\u00fcck. Hinter den Kulissen hat er intensiv an neuer Musik gearbeitet und schon am 17.4.2026 erscheint seine neue Single.<\/p>\n<p>&#8222;Tu&#8217;s heute Nacht&#8220; ist eine mitrei\u00dfende Pop-Schlager-Hymne \u00fcber den Moment, in dem man alles auf eine Karte setzt \u2013 Herzklopfen, Adrenalin und der Mut, die Chance zu ergreifen, bevor sie vorbei ist. Moderne Pop-Elemente treffen auf eing\u00e4ngige Melodien und einem tanzbaren Beat, produziert von Andr\u00e9 Stade.<\/p>\n<p>\u00dcber Joel Spinello<br \/>\nIn den vergangenen Jahren stand Joel Spinello erfolgreich auf Musical- und Showb\u00fchnen (u.a. Mamma Mia), trat bei der TV Show \u201cImmer wieder Sonntags\u201d auf und \u00fcberzeugte das Publikum mit seiner Vielseitigkeit.<\/p>\n<p>Ver\u00f6ffentlicht werden die neuen Songs \u00fcber das Label K\u2019ENT Records (Vertrieb: Kontor New Media), das bereits zahlreiche national und international erfolgreiche Releases verbuchen konnte .<\/p>\n<p>In den kommenden Monaten d\u00fcrfen sich die Fans von Joel Spinello deshalb auf viele neue Singles und Live-Auftritte freuen. Begleitet wird er weiterhin von seinem Management Uwe Omland.<\/p>\n<p>Tu\u2019s heute Nacht (V\u00d6: 17. April 2026, digital)<br \/>\nInterpret: Joel Spinello<br \/>\nText &amp; Musik: Joel Spinello &amp; Andr\u00e9 Stade<\/p>\n<p><span style=\"color: #800000;\"><strong>Quelle: K&#8217;ENT Records<\/strong><\/span><\/p>\n<p><span style=\"color: #800000;\"><strong>Dieser Song ist ab dem 17. April 2026 auf allen Download- und Streaming-Portalen erh\u00e4ltlich.\u00a0<\/strong><\/span><\/p>\n<p><span style=\"color: #800000;\"><strong>Airdate (f\u00fcr Radiosender): 19. M\u00e4rz 2026 Laut MPN<\/strong><\/span><\/p>\n","protected":false},"excerpt":{"rendered":"<p>PM: Joel Spinello &#8211; Tu\u2019s heute Nacht V\u00d6: 17. April 2026 (K\u2019ENT Records) Nach einer kreativen Auszeit meldet sich Pop-Schlager S\u00e4nger Joel Spinello eindrucksvoll mit frischem Sound, modernen Pop-Elementen und neuer Energie zur\u00fcck. Hinter den Kulissen hat er intensiv an neuer Musik gearbeitet und schon am 17.4.2026 erscheint seine neue Single. &#8222;Tu&#8217;s heute Nacht&#8220; ist eine mitrei\u00dfende Pop-Schlager-Hymne \u00fcber den Moment, in dem man alles auf eine Karte setzt \u2013 Herzklopfen, Adrenalin und der Mut, die Chance zu ergreifen, bevor sie vorbei ist. Moderne Pop-Elemente treffen auf eing\u00e4ngige Melodien und einem tanzbaren Beat, produziert von Andr\u00e9 Stade. \u00dcber Joel Spinello In den vergangenen Jahren stand&#8230;<\/p>\n","protected":false},"author":1,"featured_media":42353,"comment_status":"open","ping_status":"open","sticky":false,"template":"","format":"standard","meta":{"footnotes":""},"categories":[3231,4092,3237,3298,2],"tags":[1862],"class_list":["post-42352","post","type-post","status-publish","format-standard","has-post-thumbnail","hentry","category-bergers-schlagerparadies","category-kent-records","category-pop","category-pop-deutschsprachig","category-schlager","tag-joel-spinello","wpcat-3231-id","wpcat-4092-id","wpcat-3237-id","wpcat-3298-id","wpcat-2-id"],"_links":{"self":[{"href":"https:\/\/bergers-schlagerparadies.de\/index.php?rest_route=\/wp\/v2\/posts\/42352","targetHints":{"allow":["GET"]}}],"collection":[{"href":"https:\/\/bergers-schlagerparadies.de\/index.php?rest_route=\/wp\/v2\/posts"}],"about":[{"href":"https:\/\/bergers-schlagerparadies.de\/index.php?rest_route=\/wp\/v2\/types\/post"}],"author":[{"embeddable":true,"href":"https:\/\/bergers-schlagerparadies.de\/index.php?rest_route=\/wp\/v2\/users\/1"}],"replies":[{"embeddable":true,"href":"https:\/\/bergers-schlagerparadies.de\/index.php?rest_route=%2Fwp%2Fv2%2Fcomments&post=42352"}],"version-history":[{"count":3,"href":"https:\/\/bergers-schlagerparadies.de\/index.php?rest_route=\/wp\/v2\/posts\/42352\/revisions"}],"predecessor-version":[{"id":42356,"href":"https:\/\/bergers-schlagerparadies.de\/index.php?rest_route=\/wp\/v2\/posts\/42352\/revisions\/42356"}],"wp:featuredmedia":[{"embeddable":true,"href":"https:\/\/bergers-schlagerparadies.de\/index.php?rest_route=\/wp\/v2\/media\/42353"}],"wp:attachment":[{"href":"https:\/\/bergers-schlagerparadies.de\/index.php?rest_route=%2Fwp%2Fv2%2Fmedia&parent=42352"}],"wp:term":[{"taxonomy":"category","embeddable":true,"href":"https:\/\/bergers-schlagerparadies.de\/index.php?rest_route=%2Fwp%2Fv2%2Fcategories&post=42352"},{"taxonomy":"post_tag","embeddable":true,"href":"https:\/\/bergers-schlagerparadies.de\/index.php?rest_route=%2Fwp%2Fv2%2Ftags&post=42352"}],"curies":[{"name":"wp","href":"https:\/\/api.w.org\/{rel}","templated":true}]}}