{"id":42255,"date":"2026-03-13T10:52:25","date_gmt":"2026-03-13T09:52:25","guid":{"rendered":"https:\/\/bergers-schlagerparadies.de\/?p=42255"},"modified":"2026-03-13T10:52:25","modified_gmt":"2026-03-13T09:52:25","slug":"siegi-reiterer-das-feuer-in-dir-%c2%b7-bergers-schlagerparadies","status":"publish","type":"post","link":"https:\/\/bergers-schlagerparadies.de\/?p=42255","title":{"rendered":"Siegi Reiterer &#8211; Das Feuer in dir \u00b7 Berger\u00b4s Schlagerparadies"},"content":{"rendered":"<p><img loading=\"lazy\" decoding=\"async\" class=\"size-medium wp-image-42256 alignleft\" src=\"https:\/\/bergers-schlagerparadies.de\/wp-content\/uploads\/2026\/03\/Siegi-Reiterer-Das-Feuer-in-dir-300x300.jpeg\" alt=\"\" width=\"300\" height=\"300\" srcset=\"https:\/\/bergers-schlagerparadies.de\/wp-content\/uploads\/2026\/03\/Siegi-Reiterer-Das-Feuer-in-dir-300x300.jpeg 300w, https:\/\/bergers-schlagerparadies.de\/wp-content\/uploads\/2026\/03\/Siegi-Reiterer-Das-Feuer-in-dir-1024x1024.jpeg 1024w, https:\/\/bergers-schlagerparadies.de\/wp-content\/uploads\/2026\/03\/Siegi-Reiterer-Das-Feuer-in-dir-150x150.jpeg 150w, https:\/\/bergers-schlagerparadies.de\/wp-content\/uploads\/2026\/03\/Siegi-Reiterer-Das-Feuer-in-dir-768x768.jpeg 768w, https:\/\/bergers-schlagerparadies.de\/wp-content\/uploads\/2026\/03\/Siegi-Reiterer-Das-Feuer-in-dir-1536x1536.jpeg 1536w, https:\/\/bergers-schlagerparadies.de\/wp-content\/uploads\/2026\/03\/Siegi-Reiterer-Das-Feuer-in-dir-1200x1200.jpeg 1200w, https:\/\/bergers-schlagerparadies.de\/wp-content\/uploads\/2026\/03\/Siegi-Reiterer-Das-Feuer-in-dir-1188x1188.jpeg 1188w, https:\/\/bergers-schlagerparadies.de\/wp-content\/uploads\/2026\/03\/Siegi-Reiterer-Das-Feuer-in-dir-100x100.jpeg 100w, https:\/\/bergers-schlagerparadies.de\/wp-content\/uploads\/2026\/03\/Siegi-Reiterer-Das-Feuer-in-dir.jpeg 2048w\" sizes=\"auto, (max-width: 300px) 100vw, 300px\" \/>Siegi Reiterer, der S\u00e4nger mit der sanften Stimme, entfacht mit \u201eDas Feuer in dir\u201c ein ber\u00fchrendes Meisterwerk der Schlagermusik: eine Hymne an die innere Kraft, die durch finsterste N\u00e4chte f\u00fchrt und Hoffnung weckt. Sein Motto \u201eMusik ist die Sprache des Herzens\u201c pulsiert in jedem Ton \u2013 als Profimusiker mit fast 20-j\u00e4hriger Karriere, und als Schlagzeug-Virtuose (auch ehem. Endorser f\u00fcr Roland Drums Schweiz) verbindet er in seinem Song tiefe Emotionen und Leidenschaft mit Freiheit.<\/p>\n<p>Der emotionale Einstieg: Aus Leere zur inneren Glut<\/p>\n<p>\u201eIn deiner Welt sind die N\u00e4chte so leer, und dein Herz voller Fragen, der Kopf viel zu schwer.\u201c Mit diesen Zeilen taucht \u201eDas Feuer in dir\u201c ein in menschliche Tiefen \u2013 Zweifel, Schmerz, Nebel \u2013, ein Spiegel von Siegi Reiterers F\u00e4higkeit, Zuh\u00f6rer zu ber\u00fchren. Seit seinem vierten Lebensjahr, professionell am Schlagzeug ausgebildet und in Jugendbands zum S\u00e4nger gereift, musiziert er und legt in seine Stimme jene Gef\u00fchle, die sein Publikum umarmen. \u201eDurch Nebel und Schatten, durch Zweifel und Schmerz, sp\u00fcrst du tief in dir, da brennt noch ein Herz.\u201c Diese Worte fangen die ganze Essenz ein, und Siegi gesteht: \u201eDer Text ist mein Rat aus Jahren on stage: Auch im Dunkel brennt ein Funke, der uns antreibt (so wie meine Signature-Sticks bei Agner-Swissdrum).\u201c<\/p>\n<p>Pers\u00f6nliche Botschaft: Siegis Lebensfeuer<\/p>\n<p>Der Refrain wird zur Erl\u00f6sung: \u201eDas Feuer in dir, es leuchtet so klar, es zeigt dir den Weg, und du sp\u00fcrst es ist wahr.\u201c Und weiters lautet seine starke Botschaft: \u201eEgal was passiert, gib niemals auf, dieses Feuer in dir, es h\u00e4lt dich im Lauf.\u201c Welche Poesie, welche Kraft!<br \/>\nF\u00fcr Siegi Reiterer ist \u201eDas Feuer in dir\u201c ein St\u00fcck Seele. \u201eIn der dunklen Nacht, wenn Hoffnung vergeht und wenn alles zerbricht und nichts mehr besteht\u201c \u2013 diese Strophe greift die Zerbrechlichkeit auf: \u201eDann schau in den Spiegel, sieh tief in dich rein \u2013 ein Feuer brennt in dir, wird dein Kompass sein.\u201c Siegi betont: \u201eGesang muss ber\u00fchren, Gef\u00fchle transportieren \u2013 genau wie dieses innere Feuer, das seit der Zeit in der Jugendband in mir brennt.\u201c Der wiederholte Refrain mit Solo l\u00e4dt zur Reflexion ein, passend zu seinem Stil. \u201eEs h\u00e4lt dich im Lauf\u201c symbolisiert St\u00e4rke und Resilienz \u2013 nach 20 Profijahren, Fernsehshows und Hitparaden-Siegen. \u201eDieser Song feiert das Feuer, das in uns allen lodert\u201c, sagt er.<\/p>\n<p>\u201eDas Feuer in dir\u201c: Siegis Herzensbrand<\/p>\n<p>In Zeiten von Unsicherheit heizt \u201eDas Feuer in dir\u201c die Stimmung an: \u201eEs leuchtet so klar\u201c \u2013 wie Siegis Musik-Leidenschaft. Sanfte Stimme trifft starke Botschaft, Biografie trifft B\u00fchne. Von \u201eN\u00e4chten so leer\u201c bis \u201ees h\u00e4lt dich im Lauf\u201c webt er Hoffnung: \u201eMusik als Herzenssprache, die befreit\u201c, fasst er zusammen.<\/p>\n<p>Siegis B\u00fchnenmagie: Sanft, doch unwiderstehlich<\/p>\n<p>Siegis Auftritte \u2013 vielseitig, flexibel, herzerw\u00e4rmend und sein neuer Song passt zu seinem Profil: Schlager mit Tiefe, ideal f\u00fcr Feste. \u201eMit sanfter Stimme und Drums-Power wird er zum G\u00e4nsehaut-Moment\u201c, schw\u00e4rmt er. Und Veranstalter, Musikredaktionen und Fans sollen wissen: Siegi ist ein Motivationsmeister, der ber\u00fchrt und begeistert: mit ihm wird Feuer zu Freiheit und Leidenschaft! Denn \u201eDas Feuer in dir, es h\u00e4lt dich im Lauf\u201c!<\/p>\n<p><span style=\"color: #800000;\"><strong>Quelle: PRODACTS<\/strong><\/span><\/p>\n<p><span style=\"color: #800000;\"><strong>Dieser Song ist ab dem 13. M\u00e4rz 2026 auf allen Download- und Streaming-Portalen erh\u00e4ltlich.\u00a0<\/strong><\/span><\/p>\n<p><span style=\"color: #800000;\"><strong>Airdate (f\u00fcr Radiosender): 13. M\u00e4rz 2026<\/strong><\/span><\/p>\n","protected":false},"excerpt":{"rendered":"<p>Siegi Reiterer, der S\u00e4nger mit der sanften Stimme, entfacht mit \u201eDas Feuer in dir\u201c ein ber\u00fchrendes Meisterwerk der Schlagermusik: eine Hymne an die innere Kraft, die durch finsterste N\u00e4chte f\u00fchrt und Hoffnung weckt. Sein Motto \u201eMusik ist die Sprache des Herzens\u201c pulsiert in jedem Ton \u2013 als Profimusiker mit fast 20-j\u00e4hriger Karriere, und als Schlagzeug-Virtuose (auch ehem. Endorser f\u00fcr Roland Drums Schweiz) verbindet er in seinem Song tiefe Emotionen und Leidenschaft mit Freiheit. Der emotionale Einstieg: Aus Leere zur inneren Glut \u201eIn deiner Welt sind die N\u00e4chte so leer, und dein Herz voller Fragen, der Kopf viel zu schwer.\u201c Mit diesen Zeilen taucht \u201eDas Feuer&#8230;<\/p>\n","protected":false},"author":1,"featured_media":42256,"comment_status":"open","ping_status":"open","sticky":false,"template":"","format":"standard","meta":{"footnotes":""},"categories":[3231,3264,3615,2],"tags":[4631],"class_list":["post-42255","post","type-post","status-publish","format-standard","has-post-thumbnail","hentry","category-bergers-schlagerparadies","category-deutsch-pop","category-prodacts","category-schlager","tag-siegi-reiterer","wpcat-3231-id","wpcat-3264-id","wpcat-3615-id","wpcat-2-id"],"_links":{"self":[{"href":"https:\/\/bergers-schlagerparadies.de\/index.php?rest_route=\/wp\/v2\/posts\/42255","targetHints":{"allow":["GET"]}}],"collection":[{"href":"https:\/\/bergers-schlagerparadies.de\/index.php?rest_route=\/wp\/v2\/posts"}],"about":[{"href":"https:\/\/bergers-schlagerparadies.de\/index.php?rest_route=\/wp\/v2\/types\/post"}],"author":[{"embeddable":true,"href":"https:\/\/bergers-schlagerparadies.de\/index.php?rest_route=\/wp\/v2\/users\/1"}],"replies":[{"embeddable":true,"href":"https:\/\/bergers-schlagerparadies.de\/index.php?rest_route=%2Fwp%2Fv2%2Fcomments&post=42255"}],"version-history":[{"count":1,"href":"https:\/\/bergers-schlagerparadies.de\/index.php?rest_route=\/wp\/v2\/posts\/42255\/revisions"}],"predecessor-version":[{"id":42257,"href":"https:\/\/bergers-schlagerparadies.de\/index.php?rest_route=\/wp\/v2\/posts\/42255\/revisions\/42257"}],"wp:featuredmedia":[{"embeddable":true,"href":"https:\/\/bergers-schlagerparadies.de\/index.php?rest_route=\/wp\/v2\/media\/42256"}],"wp:attachment":[{"href":"https:\/\/bergers-schlagerparadies.de\/index.php?rest_route=%2Fwp%2Fv2%2Fmedia&parent=42255"}],"wp:term":[{"taxonomy":"category","embeddable":true,"href":"https:\/\/bergers-schlagerparadies.de\/index.php?rest_route=%2Fwp%2Fv2%2Fcategories&post=42255"},{"taxonomy":"post_tag","embeddable":true,"href":"https:\/\/bergers-schlagerparadies.de\/index.php?rest_route=%2Fwp%2Fv2%2Ftags&post=42255"}],"curies":[{"name":"wp","href":"https:\/\/api.w.org\/{rel}","templated":true}]}}