{"id":42247,"date":"2026-03-13T10:09:57","date_gmt":"2026-03-13T09:09:57","guid":{"rendered":"https:\/\/bergers-schlagerparadies.de\/?p=42247"},"modified":"2026-03-13T10:09:57","modified_gmt":"2026-03-13T09:09:57","slug":"isa-jansen-gib-mir-einen-guten-grund-%c2%b7-bergers-schlagerparadies","status":"publish","type":"post","link":"https:\/\/bergers-schlagerparadies.de\/?p=42247","title":{"rendered":"Isa Jansen &#8211; Gib mir einen guten Grund \u00b7 Berger\u00b4s Schlagerparadies"},"content":{"rendered":"<p><img loading=\"lazy\" decoding=\"async\" class=\"size-medium wp-image-42248 alignleft\" src=\"https:\/\/bergers-schlagerparadies.de\/wp-content\/uploads\/2026\/03\/Isa-Jansen-Gib-mir-einen-guten-Grund-300x300.jpeg\" alt=\"\" width=\"300\" height=\"300\" srcset=\"https:\/\/bergers-schlagerparadies.de\/wp-content\/uploads\/2026\/03\/Isa-Jansen-Gib-mir-einen-guten-Grund-300x300.jpeg 300w, https:\/\/bergers-schlagerparadies.de\/wp-content\/uploads\/2026\/03\/Isa-Jansen-Gib-mir-einen-guten-Grund-1024x1024.jpeg 1024w, https:\/\/bergers-schlagerparadies.de\/wp-content\/uploads\/2026\/03\/Isa-Jansen-Gib-mir-einen-guten-Grund-150x150.jpeg 150w, https:\/\/bergers-schlagerparadies.de\/wp-content\/uploads\/2026\/03\/Isa-Jansen-Gib-mir-einen-guten-Grund-768x768.jpeg 768w, https:\/\/bergers-schlagerparadies.de\/wp-content\/uploads\/2026\/03\/Isa-Jansen-Gib-mir-einen-guten-Grund-1188x1188.jpeg 1188w, https:\/\/bergers-schlagerparadies.de\/wp-content\/uploads\/2026\/03\/Isa-Jansen-Gib-mir-einen-guten-Grund-100x100.jpeg 100w, https:\/\/bergers-schlagerparadies.de\/wp-content\/uploads\/2026\/03\/Isa-Jansen-Gib-mir-einen-guten-Grund.jpeg 1200w\" sizes=\"auto, (max-width: 300px) 100vw, 300px\" \/>\u201eGib mir einen guten Grund\u201c &#8211; Mit diesem Titel k\u00fcndigt Isa Jansen ihr kommendes neues Album \u201eIch will die Welt\u201c an. Dabei ist ihr gleich mit diesem ersten Vorboten ein St\u00fcck Musik gelungen, das mitrei\u00dft und ber\u00fchrt. Voller Gef\u00fchl und doch klar in der Message sagt sie \u201egib mir einen guten Grund, um noch bei dir zu sein\u201c. Mit ihrem unverwechselbaren Gesang zeichnet sie Bilder aus den guten Tagen einer Liebe und fordert auf bewegende Art positive Impulse ein, um das Miteinander zu bewahren. Das Musikvideo zur Single unterstreicht diese Stimmung perfekt. Isa Jansens Songs handeln vom Loslassen, Vermissen, Tr\u00e4umen und Zweifeln. Mit ihrem neuen Longplayer, dem nunmehr dritten, geht die in Berlin lebende, von der Ostsee stammende K\u00fcnstlerin den n\u00e4chsten Schritt. Die Musik macht einerseits dort weiter, wo man Jansen nach ihren Alben \u201eBitter &amp; s\u00fc\u00df\u201c und \u201eDu fliegst\u201c stilistisch verortet. Neue musikalische Einfl\u00fcsse und Entwicklungen sind anderseits un\u00fcberh\u00f6rbar. Schon bei \u201eGib mir einen guten Grund\u201c wird deutlich, wieviel Raum ihre Stimme bekommt. Und das ist gut so, denn diese Frau hat viel zu sagen: Sie will die Welt!<\/p>\n<p>Folge Isa Jansen:<br \/>\n<a href=\"https:\/\/www.isajansen.de\/\">https:\/\/www.isajansen.de\/<\/a><br \/>\n<a href=\"https:\/\/www.instagram.com\/_isa.jansen_\">https:\/\/www.instagram.com\/_isa.jansen_<\/a><br \/>\n<a href=\"https:\/\/www.facebook.com\/isajansen.de\">https:\/\/www.facebook.com\/isajansen.de<\/a><\/p>\n<p><span style=\"color: #800000;\"><strong>Quelle: Lasso-Music \/ Vertrieb: Kontor New Media<\/strong><\/span><\/p>\n<p><span style=\"color: #800000;\"><strong>Dieser Song ist ab dem 13. M\u00e4rz 2026 auf allen Download- und Streaming-Portalen erh\u00e4ltlich.\u00a0<\/strong><\/span><\/p>\n<p><span style=\"color: #800000;\"><strong>Airdate (f\u00fcr Radiosender): 13. M\u00e4rz 2026<\/strong><\/span><\/p>\n","protected":false},"excerpt":{"rendered":"<p>\u201eGib mir einen guten Grund\u201c &#8211; Mit diesem Titel k\u00fcndigt Isa Jansen ihr kommendes neues Album \u201eIch will die Welt\u201c an. Dabei ist ihr gleich mit diesem ersten Vorboten ein St\u00fcck Musik gelungen, das mitrei\u00dft und ber\u00fchrt. Voller Gef\u00fchl und doch klar in der Message sagt sie \u201egib mir einen guten Grund, um noch bei dir zu sein\u201c. Mit ihrem unverwechselbaren Gesang zeichnet sie Bilder aus den guten Tagen einer Liebe und fordert auf bewegende Art positive Impulse ein, um das Miteinander zu bewahren. Das Musikvideo zur Single unterstreicht diese Stimmung perfekt. Isa Jansens Songs handeln vom Loslassen, Vermissen, Tr\u00e4umen und Zweifeln. Mit ihrem neuen&#8230;<\/p>\n","protected":false},"author":1,"featured_media":42248,"comment_status":"open","ping_status":"open","sticky":false,"template":"","format":"standard","meta":{"footnotes":""},"categories":[3231,3255,3316,4541,3298],"tags":[4572],"class_list":["post-42247","post","type-post","status-publish","format-standard","has-post-thumbnail","hentry","category-bergers-schlagerparadies","category-deutsch","category-deutsch-rock-pop","category-lasso-music-vertrieb-kontor-new-media","category-pop-deutschsprachig","tag-isa-jansen","wpcat-3231-id","wpcat-3255-id","wpcat-3316-id","wpcat-4541-id","wpcat-3298-id"],"_links":{"self":[{"href":"https:\/\/bergers-schlagerparadies.de\/index.php?rest_route=\/wp\/v2\/posts\/42247","targetHints":{"allow":["GET"]}}],"collection":[{"href":"https:\/\/bergers-schlagerparadies.de\/index.php?rest_route=\/wp\/v2\/posts"}],"about":[{"href":"https:\/\/bergers-schlagerparadies.de\/index.php?rest_route=\/wp\/v2\/types\/post"}],"author":[{"embeddable":true,"href":"https:\/\/bergers-schlagerparadies.de\/index.php?rest_route=\/wp\/v2\/users\/1"}],"replies":[{"embeddable":true,"href":"https:\/\/bergers-schlagerparadies.de\/index.php?rest_route=%2Fwp%2Fv2%2Fcomments&post=42247"}],"version-history":[{"count":1,"href":"https:\/\/bergers-schlagerparadies.de\/index.php?rest_route=\/wp\/v2\/posts\/42247\/revisions"}],"predecessor-version":[{"id":42249,"href":"https:\/\/bergers-schlagerparadies.de\/index.php?rest_route=\/wp\/v2\/posts\/42247\/revisions\/42249"}],"wp:featuredmedia":[{"embeddable":true,"href":"https:\/\/bergers-schlagerparadies.de\/index.php?rest_route=\/wp\/v2\/media\/42248"}],"wp:attachment":[{"href":"https:\/\/bergers-schlagerparadies.de\/index.php?rest_route=%2Fwp%2Fv2%2Fmedia&parent=42247"}],"wp:term":[{"taxonomy":"category","embeddable":true,"href":"https:\/\/bergers-schlagerparadies.de\/index.php?rest_route=%2Fwp%2Fv2%2Fcategories&post=42247"},{"taxonomy":"post_tag","embeddable":true,"href":"https:\/\/bergers-schlagerparadies.de\/index.php?rest_route=%2Fwp%2Fv2%2Ftags&post=42247"}],"curies":[{"name":"wp","href":"https:\/\/api.w.org\/{rel}","templated":true}]}}