{"id":42239,"date":"2026-03-13T09:50:11","date_gmt":"2026-03-13T08:50:11","guid":{"rendered":"https:\/\/bergers-schlagerparadies.de\/?p=42239"},"modified":"2026-03-13T09:50:21","modified_gmt":"2026-03-13T08:50:21","slug":"danny-davis-den-himmel-erleben-remake-2026-%c2%b7-bergers-schlagerparadies","status":"publish","type":"post","link":"https:\/\/bergers-schlagerparadies.de\/?p=42239","title":{"rendered":"Danny Davis &#8211; Den Himmel erleben &#8211; REMAKE 2026 \u00b7 Berger\u00b4s Schlagerparadies"},"content":{"rendered":"<p><img loading=\"lazy\" decoding=\"async\" class=\"size-medium wp-image-42240 alignleft\" src=\"https:\/\/bergers-schlagerparadies.de\/wp-content\/uploads\/2026\/03\/Danny-Davis-Den-Himmel-erleben-REMAKE-2026-300x300.jpeg\" alt=\"\" width=\"300\" height=\"300\" srcset=\"https:\/\/bergers-schlagerparadies.de\/wp-content\/uploads\/2026\/03\/Danny-Davis-Den-Himmel-erleben-REMAKE-2026-300x300.jpeg 300w, https:\/\/bergers-schlagerparadies.de\/wp-content\/uploads\/2026\/03\/Danny-Davis-Den-Himmel-erleben-REMAKE-2026-1024x1024.jpeg 1024w, https:\/\/bergers-schlagerparadies.de\/wp-content\/uploads\/2026\/03\/Danny-Davis-Den-Himmel-erleben-REMAKE-2026-150x150.jpeg 150w, https:\/\/bergers-schlagerparadies.de\/wp-content\/uploads\/2026\/03\/Danny-Davis-Den-Himmel-erleben-REMAKE-2026-768x768.jpeg 768w, https:\/\/bergers-schlagerparadies.de\/wp-content\/uploads\/2026\/03\/Danny-Davis-Den-Himmel-erleben-REMAKE-2026-1200x1200.jpeg 1200w, https:\/\/bergers-schlagerparadies.de\/wp-content\/uploads\/2026\/03\/Danny-Davis-Den-Himmel-erleben-REMAKE-2026-1188x1188.jpeg 1188w, https:\/\/bergers-schlagerparadies.de\/wp-content\/uploads\/2026\/03\/Danny-Davis-Den-Himmel-erleben-REMAKE-2026-100x100.jpeg 100w, https:\/\/bergers-schlagerparadies.de\/wp-content\/uploads\/2026\/03\/Danny-Davis-Den-Himmel-erleben-REMAKE-2026.jpeg 1417w\" sizes=\"auto, (max-width: 300px) 100vw, 300px\" \/>Danny Davis war lange Zeit eine beliebte und bekannte Stimme der Schlagerwelt. Erste B\u00fchnenauftritte gab es mit 16 Jahren. Ein Talentwettbewerb f\u00fchrte ihn in die Hauptstadt Berlin und in die professionelle Musikwelt. Mit seiner ersten Single wurde er als bester Newcomer geehrt. Es folgten Auftritte in renommierten TV-Formaten wie der \u201eZDF-Hitparade\u201c, der \u201eDeutschen Schlagerparade\u201c, der \u201eRTL-Musikrevue\u201c sowie dem \u201eMDR-Schlagermagazin\u201c. Seine Songs erzielten spektakul\u00e4re Airplay-Rotationen &#8211; mit bis zu 150 Eins\u00e4tzen pro Woche.<\/p>\n<p>Nach einer kreativen Auszeit kehrt der aus Freiburg im Breisgau stammende S\u00e4nger nun mit neuer Inspiration und sp\u00fcrbarer Leidenschaft zur\u00fcck. Gemeinsam mit Musikproduzent Holger Schreiber entstand die Idee, einen seiner gr\u00f6\u00dften Hits in einem modernen Soundgewand neu aufzulegen. Die Wahl fiel auf \u201eDen Himmel erleben\u201c. Der Titel hielt sich nach seiner Erstver\u00f6ffentlichung ein Jahr lang in den Airplay-Charts Top 20.<\/p>\n<p>Gereift, authentisch und voller Tatendrang m\u00f6chte sich Danny Davis mit dieser Neuauflage wieder in Erinnerung rufen, ein neues Kapitel aufschlagen und neue und ehemalige Fans begeistern.<\/p>\n<p>Der Titel \u201eDen Himmel erleben\u201c erscheint auf dem Label \u201eModern Taste Records\u201c und ist auf allen bekannten Download- und Streaming-Portalen erh\u00e4ltlich sein. Eine umfangreiche Bemusterung erfolgt \u00fcber MPN sowie aller relevanten Schlager- und DJ-Portale.<\/p>\n<p><span style=\"color: #800000;\"><strong>Quelle: Modern Taste Records<\/strong><\/span><\/p>\n<p><span style=\"color: #800000;\"><strong>Dieser Song ist ab dem 13. M\u00e4rz 2026 auf allen Download- und Streaming-Portalen erh\u00e4ltlich.\u00a0<\/strong><\/span><\/p>\n<p><span style=\"color: #800000;\"><strong>Airdate (f\u00fcr Radiosender): 13. M\u00e4rz 2026<\/strong><\/span><\/p>\n","protected":false},"excerpt":{"rendered":"<p>Danny Davis war lange Zeit eine beliebte und bekannte Stimme der Schlagerwelt. Erste B\u00fchnenauftritte gab es mit 16 Jahren. Ein Talentwettbewerb f\u00fchrte ihn in die Hauptstadt Berlin und in die professionelle Musikwelt. Mit seiner ersten Single wurde er als bester Newcomer geehrt. Es folgten Auftritte in renommierten TV-Formaten wie der \u201eZDF-Hitparade\u201c, der \u201eDeutschen Schlagerparade\u201c, der \u201eRTL-Musikrevue\u201c sowie dem \u201eMDR-Schlagermagazin\u201c. Seine Songs erzielten spektakul\u00e4re Airplay-Rotationen &#8211; mit bis zu 150 Eins\u00e4tzen pro Woche. Nach einer kreativen Auszeit kehrt der aus Freiburg im Breisgau stammende S\u00e4nger nun mit neuer Inspiration und sp\u00fcrbarer Leidenschaft zur\u00fcck. Gemeinsam mit Musikproduzent Holger Schreiber entstand die Idee, einen seiner gr\u00f6\u00dften Hits in&#8230;<\/p>\n","protected":false},"author":1,"featured_media":42240,"comment_status":"open","ping_status":"open","sticky":false,"template":"","format":"standard","meta":{"footnotes":""},"categories":[3231,3255,3264,4629,2],"tags":[4628],"class_list":["post-42239","post","type-post","status-publish","format-standard","has-post-thumbnail","hentry","category-bergers-schlagerparadies","category-deutsch","category-deutsch-pop","category-modern-taste-records","category-schlager","tag-danny-davis","wpcat-3231-id","wpcat-3255-id","wpcat-3264-id","wpcat-4629-id","wpcat-2-id"],"_links":{"self":[{"href":"https:\/\/bergers-schlagerparadies.de\/index.php?rest_route=\/wp\/v2\/posts\/42239","targetHints":{"allow":["GET"]}}],"collection":[{"href":"https:\/\/bergers-schlagerparadies.de\/index.php?rest_route=\/wp\/v2\/posts"}],"about":[{"href":"https:\/\/bergers-schlagerparadies.de\/index.php?rest_route=\/wp\/v2\/types\/post"}],"author":[{"embeddable":true,"href":"https:\/\/bergers-schlagerparadies.de\/index.php?rest_route=\/wp\/v2\/users\/1"}],"replies":[{"embeddable":true,"href":"https:\/\/bergers-schlagerparadies.de\/index.php?rest_route=%2Fwp%2Fv2%2Fcomments&post=42239"}],"version-history":[{"count":1,"href":"https:\/\/bergers-schlagerparadies.de\/index.php?rest_route=\/wp\/v2\/posts\/42239\/revisions"}],"predecessor-version":[{"id":42241,"href":"https:\/\/bergers-schlagerparadies.de\/index.php?rest_route=\/wp\/v2\/posts\/42239\/revisions\/42241"}],"wp:featuredmedia":[{"embeddable":true,"href":"https:\/\/bergers-schlagerparadies.de\/index.php?rest_route=\/wp\/v2\/media\/42240"}],"wp:attachment":[{"href":"https:\/\/bergers-schlagerparadies.de\/index.php?rest_route=%2Fwp%2Fv2%2Fmedia&parent=42239"}],"wp:term":[{"taxonomy":"category","embeddable":true,"href":"https:\/\/bergers-schlagerparadies.de\/index.php?rest_route=%2Fwp%2Fv2%2Fcategories&post=42239"},{"taxonomy":"post_tag","embeddable":true,"href":"https:\/\/bergers-schlagerparadies.de\/index.php?rest_route=%2Fwp%2Fv2%2Ftags&post=42239"}],"curies":[{"name":"wp","href":"https:\/\/api.w.org\/{rel}","templated":true}]}}