{"id":42118,"date":"2026-03-06T08:04:11","date_gmt":"2026-03-06T07:04:11","guid":{"rendered":"https:\/\/bergers-schlagerparadies.de\/?p=42118"},"modified":"2026-03-08T21:09:54","modified_gmt":"2026-03-08T20:09:54","slug":"isabel-varell-einfach-dankeschoen-%c2%b7-bergers-schlagerparadies","status":"publish","type":"post","link":"https:\/\/bergers-schlagerparadies.de\/?p=42118","title":{"rendered":"Isabel Varell &#8211; Einfach Dankesch\u00f6n \u00b7 Berger\u00b4s Schlagerparadies"},"content":{"rendered":"<p><img loading=\"lazy\" decoding=\"async\" class=\"size-medium wp-image-42119 alignleft\" src=\"https:\/\/bergers-schlagerparadies.de\/wp-content\/uploads\/2026\/03\/Isabel-Varell-Einfach-Dankeschoen-300x300.jpeg\" alt=\"\" width=\"300\" height=\"300\" srcset=\"https:\/\/bergers-schlagerparadies.de\/wp-content\/uploads\/2026\/03\/Isabel-Varell-Einfach-Dankeschoen-300x300.jpeg 300w, https:\/\/bergers-schlagerparadies.de\/wp-content\/uploads\/2026\/03\/Isabel-Varell-Einfach-Dankeschoen-1024x1024.jpeg 1024w, https:\/\/bergers-schlagerparadies.de\/wp-content\/uploads\/2026\/03\/Isabel-Varell-Einfach-Dankeschoen-150x150.jpeg 150w, https:\/\/bergers-schlagerparadies.de\/wp-content\/uploads\/2026\/03\/Isabel-Varell-Einfach-Dankeschoen-768x768.jpeg 768w, https:\/\/bergers-schlagerparadies.de\/wp-content\/uploads\/2026\/03\/Isabel-Varell-Einfach-Dankeschoen-1188x1188.jpeg 1188w, https:\/\/bergers-schlagerparadies.de\/wp-content\/uploads\/2026\/03\/Isabel-Varell-Einfach-Dankeschoen-100x100.jpeg 100w, https:\/\/bergers-schlagerparadies.de\/wp-content\/uploads\/2026\/03\/Isabel-Varell-Einfach-Dankeschoen.jpeg 1200w\" sizes=\"auto, (max-width: 300px) 100vw, 300px\" \/>Es sind oft nicht die gro\u00dfen Gesten, die unser Herz ber\u00fchren \u2013 sondern die leisen. Ein Blick. Ein L\u00e4cheln. Ein Wort. Mit ihrer neuen Single \u201eEinfach Dankesch\u00f6n\u201c schenkt Isabel Varell genau diesem einen Wort eine B\u00fchne und schickt uns eine kleine Botschaft, die gr\u00f6\u00dfer kaum<br \/>\nsein k\u00f6nnte. Musikalisch tr\u00e4gt die erfolgreiche S\u00e4ngerin, Schauspielerin, Moderatorin und Autorin diese<br \/>\nMessage mit ihrer warmen, sanften Stimme. Mit dem au\u00dfergew\u00f6hnlich beschwingten Beat geht der Titel sofort ins Ohr und in die Beine \u2013 leichtf\u00fc\u00dfig, lebensbejahend, mit einer Hook, die bleibt. Ein Song, der das Radio erobert, in jede Gute-Laune-Playlist geh\u00f6rt und dennoch Tiefe besitzt.<\/p>\n<p>&nbsp;<\/p>\n<p><span style=\"color: #800000;\"><strong>Quelle: VIA Music Germany<\/strong><\/span><\/p>\n<p><span style=\"color: #800000;\"><strong>Dieser Song ist ab dem 06. M\u00e4rz 2026 auf allen Download- und Streaming-Portalen erh\u00e4ltlich.\u00a0<\/strong><\/span><\/p>\n<p><span style=\"color: #800000;\"><strong>Airdate (f\u00fcr Radiosender): 06. M\u00e4rz 2026<\/strong><\/span><\/p>\n","protected":false},"excerpt":{"rendered":"<p>Es sind oft nicht die gro\u00dfen Gesten, die unser Herz ber\u00fchren \u2013 sondern die leisen. Ein Blick. Ein L\u00e4cheln. Ein Wort. Mit ihrer neuen Single \u201eEinfach Dankesch\u00f6n\u201c schenkt Isabel Varell genau diesem einen Wort eine B\u00fchne und schickt uns eine kleine Botschaft, die gr\u00f6\u00dfer kaum sein k\u00f6nnte. Musikalisch tr\u00e4gt die erfolgreiche S\u00e4ngerin, Schauspielerin, Moderatorin und Autorin diese Message mit ihrer warmen, sanften Stimme. Mit dem au\u00dfergew\u00f6hnlich beschwingten Beat geht der Titel sofort ins Ohr und in die Beine \u2013 leichtf\u00fc\u00dfig, lebensbejahend, mit einer Hook, die bleibt. Ein Song, der das Radio erobert, in jede Gute-Laune-Playlist geh\u00f6rt und dennoch Tiefe besitzt. &nbsp; Quelle: VIA Music Germany&#8230;<\/p>\n","protected":false},"author":1,"featured_media":42119,"comment_status":"open","ping_status":"open","sticky":false,"template":"","format":"standard","meta":{"footnotes":""},"categories":[3231,2,4437],"tags":[1607],"class_list":["post-42118","post","type-post","status-publish","format-standard","has-post-thumbnail","hentry","category-bergers-schlagerparadies","category-schlager","category-via-music-germany","tag-isabel-varell","wpcat-3231-id","wpcat-2-id","wpcat-4437-id"],"_links":{"self":[{"href":"https:\/\/bergers-schlagerparadies.de\/index.php?rest_route=\/wp\/v2\/posts\/42118","targetHints":{"allow":["GET"]}}],"collection":[{"href":"https:\/\/bergers-schlagerparadies.de\/index.php?rest_route=\/wp\/v2\/posts"}],"about":[{"href":"https:\/\/bergers-schlagerparadies.de\/index.php?rest_route=\/wp\/v2\/types\/post"}],"author":[{"embeddable":true,"href":"https:\/\/bergers-schlagerparadies.de\/index.php?rest_route=\/wp\/v2\/users\/1"}],"replies":[{"embeddable":true,"href":"https:\/\/bergers-schlagerparadies.de\/index.php?rest_route=%2Fwp%2Fv2%2Fcomments&post=42118"}],"version-history":[{"count":3,"href":"https:\/\/bergers-schlagerparadies.de\/index.php?rest_route=\/wp\/v2\/posts\/42118\/revisions"}],"predecessor-version":[{"id":42156,"href":"https:\/\/bergers-schlagerparadies.de\/index.php?rest_route=\/wp\/v2\/posts\/42118\/revisions\/42156"}],"wp:featuredmedia":[{"embeddable":true,"href":"https:\/\/bergers-schlagerparadies.de\/index.php?rest_route=\/wp\/v2\/media\/42119"}],"wp:attachment":[{"href":"https:\/\/bergers-schlagerparadies.de\/index.php?rest_route=%2Fwp%2Fv2%2Fmedia&parent=42118"}],"wp:term":[{"taxonomy":"category","embeddable":true,"href":"https:\/\/bergers-schlagerparadies.de\/index.php?rest_route=%2Fwp%2Fv2%2Fcategories&post=42118"},{"taxonomy":"post_tag","embeddable":true,"href":"https:\/\/bergers-schlagerparadies.de\/index.php?rest_route=%2Fwp%2Fv2%2Ftags&post=42118"}],"curies":[{"name":"wp","href":"https:\/\/api.w.org\/{rel}","templated":true}]}}