{"id":42086,"date":"2026-03-05T22:59:41","date_gmt":"2026-03-05T21:59:41","guid":{"rendered":"https:\/\/bergers-schlagerparadies.de\/?p=42086"},"modified":"2026-03-05T22:59:41","modified_gmt":"2026-03-05T21:59:41","slug":"starke-freunde-wenn-ich-nochmal-auf-die-welt-komm-%c2%b7-bergers-schlagerparadies-2","status":"publish","type":"post","link":"https:\/\/bergers-schlagerparadies.de\/?p=42086","title":{"rendered":"Starke Freunde &#8211; Wenn ich nochmal auf die Welt komm \u00b7 Berger\u00b4s Schlagerparadies"},"content":{"rendered":"<p><img loading=\"lazy\" decoding=\"async\" class=\"size-medium wp-image-42087 alignleft\" src=\"https:\/\/bergers-schlagerparadies.de\/wp-content\/uploads\/2026\/03\/Starke-Freunde-Wenn-ich-nochmal-auf-die-Welt-komm-300x300.jpeg\" alt=\"\" width=\"300\" height=\"300\" srcset=\"https:\/\/bergers-schlagerparadies.de\/wp-content\/uploads\/2026\/03\/Starke-Freunde-Wenn-ich-nochmal-auf-die-Welt-komm-300x300.jpeg 300w, https:\/\/bergers-schlagerparadies.de\/wp-content\/uploads\/2026\/03\/Starke-Freunde-Wenn-ich-nochmal-auf-die-Welt-komm-1024x1024.jpeg 1024w, https:\/\/bergers-schlagerparadies.de\/wp-content\/uploads\/2026\/03\/Starke-Freunde-Wenn-ich-nochmal-auf-die-Welt-komm-150x150.jpeg 150w, https:\/\/bergers-schlagerparadies.de\/wp-content\/uploads\/2026\/03\/Starke-Freunde-Wenn-ich-nochmal-auf-die-Welt-komm-768x768.jpeg 768w, https:\/\/bergers-schlagerparadies.de\/wp-content\/uploads\/2026\/03\/Starke-Freunde-Wenn-ich-nochmal-auf-die-Welt-komm-1188x1188.jpeg 1188w, https:\/\/bergers-schlagerparadies.de\/wp-content\/uploads\/2026\/03\/Starke-Freunde-Wenn-ich-nochmal-auf-die-Welt-komm-100x100.jpeg 100w, https:\/\/bergers-schlagerparadies.de\/wp-content\/uploads\/2026\/03\/Starke-Freunde-Wenn-ich-nochmal-auf-die-Welt-komm.jpeg 1200w\" sizes=\"auto, (max-width: 300px) 100vw, 300px\" \/>Wenn ich nochmal auf die Welt komm &#8211; Starke Freunde verpacken alle Sehns\u00fcchte vom Frieden der Welt in ein einziges Lied.<\/p>\n<p><span style=\"color: #800000;\"><strong>Quelle: SASSA &#8211; RECORDS<\/strong><\/span><\/p>\n<p><span style=\"color: #800000;\"><strong>Dieser Song ist ab dem 06. M\u00e4rz 2026 auf allen Download- und Streaming-Portalen erh\u00e4ltlich.\u00a0<\/strong><\/span><\/p>\n<p><span style=\"color: #800000;\"><strong>Airdate (f\u00fcr Radiosender): 06. M\u00e4rz 2026<\/strong><\/span><\/p>\n","protected":false},"excerpt":{"rendered":"<p>Wenn ich nochmal auf die Welt komm &#8211; Starke Freunde verpacken alle Sehns\u00fcchte vom Frieden der Welt in ein einziges Lied. Quelle: SASSA &#8211; RECORDS Dieser Song ist ab dem 06. M\u00e4rz 2026 auf allen Download- und Streaming-Portalen erh\u00e4ltlich.\u00a0 Airdate (f\u00fcr Radiosender): 06. M\u00e4rz 2026<\/p>\n","protected":false},"author":1,"featured_media":42087,"comment_status":"open","ping_status":"open","sticky":false,"template":"","format":"standard","meta":{"footnotes":""},"categories":[3231,3237,3698,2],"tags":[1176],"class_list":["post-42086","post","type-post","status-publish","format-standard","has-post-thumbnail","hentry","category-bergers-schlagerparadies","category-pop","category-sassa-records","category-schlager","tag-starke-freunde","wpcat-3231-id","wpcat-3237-id","wpcat-3698-id","wpcat-2-id"],"_links":{"self":[{"href":"https:\/\/bergers-schlagerparadies.de\/index.php?rest_route=\/wp\/v2\/posts\/42086","targetHints":{"allow":["GET"]}}],"collection":[{"href":"https:\/\/bergers-schlagerparadies.de\/index.php?rest_route=\/wp\/v2\/posts"}],"about":[{"href":"https:\/\/bergers-schlagerparadies.de\/index.php?rest_route=\/wp\/v2\/types\/post"}],"author":[{"embeddable":true,"href":"https:\/\/bergers-schlagerparadies.de\/index.php?rest_route=\/wp\/v2\/users\/1"}],"replies":[{"embeddable":true,"href":"https:\/\/bergers-schlagerparadies.de\/index.php?rest_route=%2Fwp%2Fv2%2Fcomments&post=42086"}],"version-history":[{"count":1,"href":"https:\/\/bergers-schlagerparadies.de\/index.php?rest_route=\/wp\/v2\/posts\/42086\/revisions"}],"predecessor-version":[{"id":42088,"href":"https:\/\/bergers-schlagerparadies.de\/index.php?rest_route=\/wp\/v2\/posts\/42086\/revisions\/42088"}],"wp:featuredmedia":[{"embeddable":true,"href":"https:\/\/bergers-schlagerparadies.de\/index.php?rest_route=\/wp\/v2\/media\/42087"}],"wp:attachment":[{"href":"https:\/\/bergers-schlagerparadies.de\/index.php?rest_route=%2Fwp%2Fv2%2Fmedia&parent=42086"}],"wp:term":[{"taxonomy":"category","embeddable":true,"href":"https:\/\/bergers-schlagerparadies.de\/index.php?rest_route=%2Fwp%2Fv2%2Fcategories&post=42086"},{"taxonomy":"post_tag","embeddable":true,"href":"https:\/\/bergers-schlagerparadies.de\/index.php?rest_route=%2Fwp%2Fv2%2Ftags&post=42086"}],"curies":[{"name":"wp","href":"https:\/\/api.w.org\/{rel}","templated":true}]}}