{"id":42078,"date":"2026-03-05T22:27:32","date_gmt":"2026-03-05T21:27:32","guid":{"rendered":"https:\/\/bergers-schlagerparadies.de\/?p=42078"},"modified":"2026-03-18T22:29:19","modified_gmt":"2026-03-18T21:29:19","slug":"ela-lauf-der-dinge-%c2%b7-bergers-schlagerparadies","status":"publish","type":"post","link":"https:\/\/bergers-schlagerparadies.de\/?p=42078","title":{"rendered":"ela. &#8211; Lauf der Dinge \u00b7 Berger\u00b4s Schlagerparadies"},"content":{"rendered":"<h4><img loading=\"lazy\" decoding=\"async\" class=\"size-medium wp-image-42079 alignleft\" src=\"https:\/\/bergers-schlagerparadies.de\/wp-content\/uploads\/2026\/03\/ela.-Lauf-der-Dinge-300x300.jpeg\" alt=\"\" width=\"300\" height=\"300\" srcset=\"https:\/\/bergers-schlagerparadies.de\/wp-content\/uploads\/2026\/03\/ela.-Lauf-der-Dinge-300x300.jpeg 300w, https:\/\/bergers-schlagerparadies.de\/wp-content\/uploads\/2026\/03\/ela.-Lauf-der-Dinge-1024x1024.jpeg 1024w, https:\/\/bergers-schlagerparadies.de\/wp-content\/uploads\/2026\/03\/ela.-Lauf-der-Dinge-150x150.jpeg 150w, https:\/\/bergers-schlagerparadies.de\/wp-content\/uploads\/2026\/03\/ela.-Lauf-der-Dinge-768x768.jpeg 768w, https:\/\/bergers-schlagerparadies.de\/wp-content\/uploads\/2026\/03\/ela.-Lauf-der-Dinge-1188x1188.jpeg 1188w, https:\/\/bergers-schlagerparadies.de\/wp-content\/uploads\/2026\/03\/ela.-Lauf-der-Dinge-100x100.jpeg 100w, https:\/\/bergers-schlagerparadies.de\/wp-content\/uploads\/2026\/03\/ela.-Lauf-der-Dinge.jpeg 1200w\" sizes=\"auto, (max-width: 300px) 100vw, 300px\" \/><\/h4>\n<p><span style=\"font-size: 12pt;\"><b><span style=\"font-family: '.AppleSystemUIFont', serif;\">\u201eLauf der Dinge\u201c\u00a0<\/span><\/b><span style=\"font-family: '.AppleSystemUIFont', serif;\">ist einer der zentralen Songs ihres kommenden Albums\u00a0<b>\u201ePinke Pl\u00fcschjacke\u201c<\/b>, welches Ende Mai 2026 erscheint. Im September geht<b>\u00a0ela.<\/b>\u00a0mit dem Album auf Deutschlandtour. Auf dem Album bringt\u00a0<b>ela.<\/b>\u00a0ihre pers\u00f6nliche Geschichte auf Band: ehrlich, nahbar und kraftvoll. Ihre Songs erz\u00e4hlen vom Ankommen im Chaos, vom Schmerz des Erwachsenwerdens und vom Wachsen daran.<\/span><\/span><\/p>\n<p><span style=\"font-size: 12pt; font-family: '.AppleSystemUIFont', serif;\">Live \u00fcberzeugt\u00a0<b>ela.<\/b>\u00a0mit gro\u00dfer B\u00fchnenpr\u00e4senz und sehr pers\u00f6nlicher Ansprache, begleitet sich selbst am Klavier und schafft eine intime, unmittelbare Atmosph\u00e4re. F\u00fcr euer Programm steht sie jederzeit f\u00fcr Interviews rund um die Single, das Album oder die Tour zur Verf\u00fcgung und spielt auf Wunsch auch gerne ein bis zwei Songs live im Studio.<\/span><\/p>\n<p><span style=\"color: #800000;\"><strong>Quelle: ela.n Records<\/strong><\/span><\/p>\n<p><span style=\"color: #800000;\"><strong>Dieser Song ist ab dem 06. M\u00e4rz 2026 auf allen Download- und Streaming-Portalen erh\u00e4ltlich.\u00a0<\/strong><\/span><\/p>\n<p><span style=\"color: #800000;\"><strong>Airdate (f\u00fcr Radiosender): 06. M\u00e4rz 2026<\/strong><\/span><\/p>\n","protected":false},"excerpt":{"rendered":"<p>\u201eLauf der Dinge\u201c\u00a0ist einer der zentralen Songs ihres kommenden Albums\u00a0\u201ePinke Pl\u00fcschjacke\u201c, welches Ende Mai 2026 erscheint. Im September geht\u00a0ela.\u00a0mit dem Album auf Deutschlandtour. Auf dem Album bringt\u00a0ela.\u00a0ihre pers\u00f6nliche Geschichte auf Band: ehrlich, nahbar und kraftvoll. Ihre Songs erz\u00e4hlen vom Ankommen im Chaos, vom Schmerz des Erwachsenwerdens und vom Wachsen daran. Live \u00fcberzeugt\u00a0ela.\u00a0mit gro\u00dfer B\u00fchnenpr\u00e4senz und sehr pers\u00f6nlicher Ansprache, begleitet sich selbst am Klavier und schafft eine intime, unmittelbare Atmosph\u00e4re. F\u00fcr euer Programm steht sie jederzeit f\u00fcr Interviews rund um die Single, das Album oder die Tour zur Verf\u00fcgung und spielt auf Wunsch auch gerne ein bis zwei Songs live im Studio. Quelle: ela.n Records Dieser&#8230;<\/p>\n","protected":false},"author":1,"featured_media":42079,"comment_status":"open","ping_status":"open","sticky":false,"template":"","format":"standard","meta":{"footnotes":""},"categories":[3231,4613,3298],"tags":[4614],"class_list":["post-42078","post","type-post","status-publish","format-standard","has-post-thumbnail","hentry","category-bergers-schlagerparadies","category-ela-n-records","category-pop-deutschsprachig","tag-ela","wpcat-3231-id","wpcat-4613-id","wpcat-3298-id"],"_links":{"self":[{"href":"https:\/\/bergers-schlagerparadies.de\/index.php?rest_route=\/wp\/v2\/posts\/42078","targetHints":{"allow":["GET"]}}],"collection":[{"href":"https:\/\/bergers-schlagerparadies.de\/index.php?rest_route=\/wp\/v2\/posts"}],"about":[{"href":"https:\/\/bergers-schlagerparadies.de\/index.php?rest_route=\/wp\/v2\/types\/post"}],"author":[{"embeddable":true,"href":"https:\/\/bergers-schlagerparadies.de\/index.php?rest_route=\/wp\/v2\/users\/1"}],"replies":[{"embeddable":true,"href":"https:\/\/bergers-schlagerparadies.de\/index.php?rest_route=%2Fwp%2Fv2%2Fcomments&post=42078"}],"version-history":[{"count":3,"href":"https:\/\/bergers-schlagerparadies.de\/index.php?rest_route=\/wp\/v2\/posts\/42078\/revisions"}],"predecessor-version":[{"id":42365,"href":"https:\/\/bergers-schlagerparadies.de\/index.php?rest_route=\/wp\/v2\/posts\/42078\/revisions\/42365"}],"wp:featuredmedia":[{"embeddable":true,"href":"https:\/\/bergers-schlagerparadies.de\/index.php?rest_route=\/wp\/v2\/media\/42079"}],"wp:attachment":[{"href":"https:\/\/bergers-schlagerparadies.de\/index.php?rest_route=%2Fwp%2Fv2%2Fmedia&parent=42078"}],"wp:term":[{"taxonomy":"category","embeddable":true,"href":"https:\/\/bergers-schlagerparadies.de\/index.php?rest_route=%2Fwp%2Fv2%2Fcategories&post=42078"},{"taxonomy":"post_tag","embeddable":true,"href":"https:\/\/bergers-schlagerparadies.de\/index.php?rest_route=%2Fwp%2Fv2%2Ftags&post=42078"}],"curies":[{"name":"wp","href":"https:\/\/api.w.org\/{rel}","templated":true}]}}