{"id":4205,"date":"2021-05-08T14:38:39","date_gmt":"2021-05-08T12:38:39","guid":{"rendered":"http:\/\/bergers-schlagerparadies.de\/?p=4205"},"modified":"2021-05-08T14:38:39","modified_gmt":"2021-05-08T12:38:39","slug":"anna-carina-woitschack-einmal-unendlich-bergers-schlagerparadies","status":"publish","type":"post","link":"https:\/\/bergers-schlagerparadies.de\/?p=4205","title":{"rendered":"Anna-Carina Woitschack &#8211; Einmal unendlich | Berger\u00b4s Schlagerparadies"},"content":{"rendered":"<div data-canvas-width=\"524.5680000000002\"><img loading=\"lazy\" decoding=\"async\" class=\"size-medium wp-image-4207 alignleft\" src=\"https:\/\/bergers-schlagerparadies.de\/wp-content\/uploads\/2021\/05\/Anna-Carina-Woitschack-Einmal-unendlich-300x300.jpg\" alt=\"\" width=\"300\" height=\"300\" srcset=\"https:\/\/bergers-schlagerparadies.de\/wp-content\/uploads\/2021\/05\/Anna-Carina-Woitschack-Einmal-unendlich-300x300.jpg 300w, https:\/\/bergers-schlagerparadies.de\/wp-content\/uploads\/2021\/05\/Anna-Carina-Woitschack-Einmal-unendlich-150x150.jpg 150w, https:\/\/bergers-schlagerparadies.de\/wp-content\/uploads\/2021\/05\/Anna-Carina-Woitschack-Einmal-unendlich-100x100.jpg 100w, https:\/\/bergers-schlagerparadies.de\/wp-content\/uploads\/2021\/05\/Anna-Carina-Woitschack-Einmal-unendlich.jpg 580w\" sizes=\"auto, (max-width: 300px) 100vw, 300px\" \/>10 Jahre Anna-Carina Woitschack \u2013 Wenn das kein Grund zum Feiern ist! 2011 nahm die<\/div>\n<div data-canvas-width=\"531.3146666666667\">sympathische S\u00e4ngerin an der Castingshow \u201eDeutschland sucht den Superstar\u201c teil. Nun<\/div>\n<div data-canvas-width=\"541.1413333333328\">feiert sie mit ihrem neuen Album \u201eTr\u00e4umer\u201c, das am 20. August 2021 erscheint, ihr gro\u00dfes Jubil\u00e4um.<\/div>\n<div data-canvas-width=\"553.7986666666666\">Die erste Single-Auskopplung erfolgt bereits am 7. Mai mit der Gute-Laune-Nummer \u201eEinmal<\/div>\n<div data-canvas-width=\"500.51466666666676\">\n<p>unendlich\u201c. Eine moderne Uptempo-Nummer, die perfekt in die Fr\u00fchlingszeit passt.<\/p>\n<\/div>\n<div data-canvas-width=\"536.6386666666666\">\u201eIch habe bereits beim Einsingen das Gef\u00fchl gehabt, dass der Song sofort ins Ohr geht und<\/div>\n<div data-canvas-width=\"534.8493333333332\">eine Leichtigkeit vermittelt, als w\u00fcrde man auf Wolken schweben. Moderner Schlager, der<\/div>\n<div data-canvas-width=\"528.850666666667\">Unendlichkeit vermittelt. Gerade in dieser Zeit, wo wir uns alle nicht unendlich f\u00fchlen. Ich<\/div>\n<div data-canvas-width=\"546.2160000000001\">m\u00f6chte f\u00fcr eine kleine Traumreise sorgen, dass man 3 Minuten mal alle Sorgen vergisst\u201c, so<\/div>\n<div data-canvas-width=\"320.49599999999987\">\n<p>beschreibt Anna-Carina Woitschack ihren neuen Titel.<\/p>\n<\/div>\n<div data-canvas-width=\"79.88933333333334\">\n<p>Produziert wurde der Ohrwurm von Hit-Produzent Oli Nova, der bereits erfolgreich Songs f\u00fcr Maite Kelly, Andrea Berg oder auch Semino Rossi geschrieben hat. Anna-Carina ist gl\u00fccklich \u00fcber die neue Zusammenarbeit.<\/p>\n<p>Nach zwei Jahren gibt es zum ersten Mal wieder ein Solo-Album von ihr: \u201eStefan und ich waren viel als Duo unterwegs. Aber es ist auch sch\u00f6n wieder solo da zu sein. Ich m\u00f6chte den Anna-Carina Sound 2.0 jetzt an den Start bringen. Passend zu meinem B\u00fchnenjubil\u00e4um. Es hat sich so viel getan bei mir, ich durfte viele Erfahrungen sammeln. Und bin einfach erwachsener geworden. Das spiegelt sich alles in meinen Songs wieder. Ich m\u00f6chte euch mit auf eine Reise nehmen, tanzt, lacht und f\u00fchlt euch einfach frei beim H\u00f6ren!\u201c<\/p>\n<\/div>\n<div data-canvas-width=\"73.90533333333335\">\n<p>Schaut man sich das Cover zur Single an, sieht man eine ganz nat\u00fcrliche Anna-Carina Woitschack. Bewusst hat sich die S\u00e4ngerin f\u00fcr wenig Make-Up entschieden: \u201eIch habe einfach die Erfahrung gemacht, umso mehr man sich selbst treu ist, desto authentischer nehmen einen die Fans wahr. Mut zur Nat\u00fcrlichkeit hei\u00dft es jetzt in Zukunft, wozu soll ich mich verkleiden?\u201c<\/p>\n<\/div>\n<div data-canvas-width=\"262.66533333333336\">\n<p>Auch das Video gab es so noch nicht in der Schlagerwelt. Die Zuschauer werden in verschiedene virtuelle Welten mitgenommen und in eine Traumwelt entf\u00fchrt. Getreu dem Motto des kommenden Albums \u201eTr\u00e4umer\u201c!<\/p>\n<\/div>\n<div data-canvas-width=\"76.53066666666668\">\u201eEinmal Unendlich\u201c von Anna-Carina Woitschack erscheint am 07.05.2021 als Digital-Single bei TELAMO.<\/div>\n<p><iframe style=\"width: 120px; height: 240px;\" src=\"\/\/ws-eu.amazon-adsystem.com\/widgets\/q?ServiceVersion=20070822&amp;OneJS=1&amp;Operation=GetAdHtml&amp;MarketPlace=DE&amp;source=ss&amp;ref=as_ss_li_til&amp;ad_type=product_link&amp;tracking_id=bergers-21&amp;language=de_DE&amp;marketplace=amazon&amp;region=DE&amp;placement=B093MR5VXX&amp;asins=B093MR5VXX&amp;linkId=de12002f33c37bb0266fd9b44e86f0ba&amp;show_border=true&amp;link_opens_in_new_window=true\" frameborder=\"0\" marginwidth=\"0\" marginheight=\"0\" scrolling=\"no\"><\/iframe><\/p>\n","protected":false},"excerpt":{"rendered":"<p>10 Jahre Anna-Carina Woitschack \u2013 Wenn das kein Grund zum Feiern ist! 2011 nahm die sympathische S\u00e4ngerin an der Castingshow \u201eDeutschland sucht den Superstar\u201c teil. Nun feiert sie mit ihrem neuen Album \u201eTr\u00e4umer\u201c, das am 20. August 2021 erscheint, ihr gro\u00dfes Jubil\u00e4um. Die erste Single-Auskopplung erfolgt bereits am 7. Mai mit der Gute-Laune-Nummer \u201eEinmal unendlich\u201c. Eine moderne Uptempo-Nummer, die perfekt in die Fr\u00fchlingszeit passt. \u201eIch habe bereits beim Einsingen das Gef\u00fchl gehabt, dass der Song sofort ins Ohr geht und eine Leichtigkeit vermittelt, als w\u00fcrde man auf Wolken schweben. Moderner Schlager, der Unendlichkeit vermittelt. Gerade in dieser Zeit, wo wir uns alle nicht unendlich f\u00fchlen&#8230;.<\/p>\n","protected":false},"author":1,"featured_media":4207,"comment_status":"open","ping_status":"open","sticky":false,"template":"","format":"standard","meta":{"footnotes":""},"categories":[2],"tags":[567],"class_list":["post-4205","post","type-post","status-publish","format-standard","has-post-thumbnail","hentry","category-schlager","tag-anna-carina-woitschack","wpcat-2-id"],"_links":{"self":[{"href":"https:\/\/bergers-schlagerparadies.de\/index.php?rest_route=\/wp\/v2\/posts\/4205","targetHints":{"allow":["GET"]}}],"collection":[{"href":"https:\/\/bergers-schlagerparadies.de\/index.php?rest_route=\/wp\/v2\/posts"}],"about":[{"href":"https:\/\/bergers-schlagerparadies.de\/index.php?rest_route=\/wp\/v2\/types\/post"}],"author":[{"embeddable":true,"href":"https:\/\/bergers-schlagerparadies.de\/index.php?rest_route=\/wp\/v2\/users\/1"}],"replies":[{"embeddable":true,"href":"https:\/\/bergers-schlagerparadies.de\/index.php?rest_route=%2Fwp%2Fv2%2Fcomments&post=4205"}],"version-history":[{"count":1,"href":"https:\/\/bergers-schlagerparadies.de\/index.php?rest_route=\/wp\/v2\/posts\/4205\/revisions"}],"predecessor-version":[{"id":4208,"href":"https:\/\/bergers-schlagerparadies.de\/index.php?rest_route=\/wp\/v2\/posts\/4205\/revisions\/4208"}],"wp:featuredmedia":[{"embeddable":true,"href":"https:\/\/bergers-schlagerparadies.de\/index.php?rest_route=\/wp\/v2\/media\/4207"}],"wp:attachment":[{"href":"https:\/\/bergers-schlagerparadies.de\/index.php?rest_route=%2Fwp%2Fv2%2Fmedia&parent=4205"}],"wp:term":[{"taxonomy":"category","embeddable":true,"href":"https:\/\/bergers-schlagerparadies.de\/index.php?rest_route=%2Fwp%2Fv2%2Fcategories&post=4205"},{"taxonomy":"post_tag","embeddable":true,"href":"https:\/\/bergers-schlagerparadies.de\/index.php?rest_route=%2Fwp%2Fv2%2Ftags&post=4205"}],"curies":[{"name":"wp","href":"https:\/\/api.w.org\/{rel}","templated":true}]}}