{"id":41272,"date":"2026-01-30T16:18:34","date_gmt":"2026-01-30T15:18:34","guid":{"rendered":"https:\/\/bergers-schlagerparadies.de\/?p=41272"},"modified":"2026-01-30T16:18:34","modified_gmt":"2026-01-30T15:18:34","slug":"tanja-lasch-unterm-dach-%c2%b7-bergers-schlagerparadies","status":"publish","type":"post","link":"https:\/\/bergers-schlagerparadies.de\/?p=41272","title":{"rendered":"Tanja Lasch &#8211; Unter&#8217;m Dach \u00b7 Berger\u00b4s Schlagerparadies"},"content":{"rendered":"<p><strong><img loading=\"lazy\" decoding=\"async\" class=\"size-medium wp-image-41273 alignleft\" src=\"https:\/\/bergers-schlagerparadies.de\/wp-content\/uploads\/2026\/01\/Tanja-Lasch-Unterm-Dach-300x300.jpg\" alt=\"\" width=\"300\" height=\"300\" srcset=\"https:\/\/bergers-schlagerparadies.de\/wp-content\/uploads\/2026\/01\/Tanja-Lasch-Unterm-Dach-300x300.jpg 300w, https:\/\/bergers-schlagerparadies.de\/wp-content\/uploads\/2026\/01\/Tanja-Lasch-Unterm-Dach-1024x1024.jpg 1024w, https:\/\/bergers-schlagerparadies.de\/wp-content\/uploads\/2026\/01\/Tanja-Lasch-Unterm-Dach-150x150.jpg 150w, https:\/\/bergers-schlagerparadies.de\/wp-content\/uploads\/2026\/01\/Tanja-Lasch-Unterm-Dach-768x768.jpg 768w, https:\/\/bergers-schlagerparadies.de\/wp-content\/uploads\/2026\/01\/Tanja-Lasch-Unterm-Dach-1536x1536.jpg 1536w, https:\/\/bergers-schlagerparadies.de\/wp-content\/uploads\/2026\/01\/Tanja-Lasch-Unterm-Dach-2048x2048.jpg 2048w, https:\/\/bergers-schlagerparadies.de\/wp-content\/uploads\/2026\/01\/Tanja-Lasch-Unterm-Dach-1200x1200.jpg 1200w, https:\/\/bergers-schlagerparadies.de\/wp-content\/uploads\/2026\/01\/Tanja-Lasch-Unterm-Dach-1188x1188.jpg 1188w, https:\/\/bergers-schlagerparadies.de\/wp-content\/uploads\/2026\/01\/Tanja-Lasch-Unterm-Dach-100x100.jpg 100w\" sizes=\"auto, (max-width: 300px) 100vw, 300px\" \/>Gro\u00dfe Gef\u00fchle und einzigartige Erinnerungen \u2013 mit diesen Emotionen meldet sich Tanja Lasch musikalisch zur\u00fcck! Ihre neue Single \u201eUnter\u2019m Dach\u201c ist eine besondere Hymne auf unsere Kindheit, die sofort die Vergangenheit ins Hier und Jetzt bringt\u2026\u00a0<\/strong><\/p>\n<p>Besondere Lebensmomente in poetische Texte zu verfassen \u2013 das ist das Erkennungsmerkmal von Tanja Lasch, die als Songwriterin genauso begeistert wie als S\u00e4ngerin. Ende August erschien ihr neues Album \u201eLaut und Lebendig\u201c, ihre Single \u201eEs war wunderbar\u201c hielt sich \u00fcber 10 Wochen in der Top10 der Radiocharts \u2013 davon allein drei Wochen an der Spitze. Nun l\u00e4utet Tanja Lasch das neue Jahr ein, mit einem Titel, der ihr sehr am Herzen liegt: \u201eJedes Mal, wenn ich in die Stra\u00dfe fahre, wo ich aufgewachsen bin, sp\u00fcre ich besondere Momente. Gerade jetzt, wo ich weit weggezogen bin, kommen immer wieder sch\u00f6ne Erinnerungen hoch, wenn ich dort bin.\u00a0Wenn ich bei meinen Eltern auf der Couch sitze, sehe ich mich als kleines Kind, dort sitzend frisch gebadet die ZDF-Hitparade schauen!\u201c<\/p>\n<p>So hei\u00dft es im Refrain nicht umsonst: \u201eWie schnell rennt uns die Zeit davon. Ich werd\u2018 gerade erst wach, hier unterm Dach.\u201c\u00a0Wir alle kennen das Gef\u00fchl wie an bestimmten Orten pl\u00f6tzlich Kindheitserinnerungen wach werden, die vielleicht lange vergessen waren. Man sieht seine alte Schule, das erste Wohnhaus oder die Gegend, in der die engsten Freunde wohnten. Genau um diese Gef\u00fchle geht es im neuen Titel von Tanja Lasch: \u201eIn diesem Song besuche ich seit langer Zeit wieder mein altes Elternhaus und finde auf dem Dachboden mein Tagebuch und viele sch\u00f6ne Erinnerungen. Wie oft im Leben regt man sich sinnlos \u00fcber Dinge auf und lebt an sich vorbei.\u201c<\/p>\n<p>Egal welche Emotion wir\u00a0gerade durchleben &#8211; Tanja Lasch schafft es kraftvoll und vor allem ehrlich sich jedem Thema in charmanter Weise zu widmen. Auch in diesem Jahr hat die S\u00e4ngerin gro\u00dfe Pl\u00e4ne: \u201eEs wird viele sch\u00f6ne Neuigkeiten geben und nat\u00fcrlich weiterhin ganz viel Musik von mir.\u00a0Ich sp\u00fcre 2026 wird ein gutes Jahr.\u201c<\/p>\n<p><span style=\"color: #800000;\"><strong>Quelle: Telamo<\/strong><\/span><\/p>\n<p><span style=\"color: #800000;\"><strong>Dieser Song ist ab dem 30.01.2026 auf allen Download- und Streaming-Portalen erh\u00e4ltlich.\u00a0<\/strong><\/span><\/p>\n<p><span style=\"color: #800000;\"><strong>Airdate (f\u00fcr Radiosender): 30.01.2026<\/strong><\/span><\/p>\n","protected":false},"excerpt":{"rendered":"<p>Gro\u00dfe Gef\u00fchle und einzigartige Erinnerungen \u2013 mit diesen Emotionen meldet sich Tanja Lasch musikalisch zur\u00fcck! Ihre neue Single \u201eUnter\u2019m Dach\u201c ist eine besondere Hymne auf unsere Kindheit, die sofort die Vergangenheit ins Hier und Jetzt bringt\u2026\u00a0 Besondere Lebensmomente in poetische Texte zu verfassen \u2013 das ist das Erkennungsmerkmal von Tanja Lasch, die als Songwriterin genauso begeistert wie als S\u00e4ngerin. Ende August erschien ihr neues Album \u201eLaut und Lebendig\u201c, ihre Single \u201eEs war wunderbar\u201c hielt sich \u00fcber 10 Wochen in der Top10 der Radiocharts \u2013 davon allein drei Wochen an der Spitze. Nun l\u00e4utet Tanja Lasch das neue Jahr ein, mit einem Titel, der ihr sehr&#8230;<\/p>\n","protected":false},"author":1,"featured_media":41273,"comment_status":"open","ping_status":"open","sticky":false,"template":"","format":"standard","meta":{"footnotes":""},"categories":[3231,2,3239],"tags":[1075],"class_list":["post-41272","post","type-post","status-publish","format-standard","has-post-thumbnail","hentry","category-bergers-schlagerparadies","category-schlager","category-telamo","tag-tanja-lasch","wpcat-3231-id","wpcat-2-id","wpcat-3239-id"],"_links":{"self":[{"href":"https:\/\/bergers-schlagerparadies.de\/index.php?rest_route=\/wp\/v2\/posts\/41272","targetHints":{"allow":["GET"]}}],"collection":[{"href":"https:\/\/bergers-schlagerparadies.de\/index.php?rest_route=\/wp\/v2\/posts"}],"about":[{"href":"https:\/\/bergers-schlagerparadies.de\/index.php?rest_route=\/wp\/v2\/types\/post"}],"author":[{"embeddable":true,"href":"https:\/\/bergers-schlagerparadies.de\/index.php?rest_route=\/wp\/v2\/users\/1"}],"replies":[{"embeddable":true,"href":"https:\/\/bergers-schlagerparadies.de\/index.php?rest_route=%2Fwp%2Fv2%2Fcomments&post=41272"}],"version-history":[{"count":1,"href":"https:\/\/bergers-schlagerparadies.de\/index.php?rest_route=\/wp\/v2\/posts\/41272\/revisions"}],"predecessor-version":[{"id":41274,"href":"https:\/\/bergers-schlagerparadies.de\/index.php?rest_route=\/wp\/v2\/posts\/41272\/revisions\/41274"}],"wp:featuredmedia":[{"embeddable":true,"href":"https:\/\/bergers-schlagerparadies.de\/index.php?rest_route=\/wp\/v2\/media\/41273"}],"wp:attachment":[{"href":"https:\/\/bergers-schlagerparadies.de\/index.php?rest_route=%2Fwp%2Fv2%2Fmedia&parent=41272"}],"wp:term":[{"taxonomy":"category","embeddable":true,"href":"https:\/\/bergers-schlagerparadies.de\/index.php?rest_route=%2Fwp%2Fv2%2Fcategories&post=41272"},{"taxonomy":"post_tag","embeddable":true,"href":"https:\/\/bergers-schlagerparadies.de\/index.php?rest_route=%2Fwp%2Fv2%2Ftags&post=41272"}],"curies":[{"name":"wp","href":"https:\/\/api.w.org\/{rel}","templated":true}]}}