{"id":41242,"date":"2026-01-30T10:01:29","date_gmt":"2026-01-30T09:01:29","guid":{"rendered":"https:\/\/bergers-schlagerparadies.de\/?p=41242"},"modified":"2026-01-30T10:01:53","modified_gmt":"2026-01-30T09:01:53","slug":"danny-buller-rene-bisang-an-der-nordseekueste-%c2%b7-bergers-schlagerparadies","status":"publish","type":"post","link":"https:\/\/bergers-schlagerparadies.de\/?p=41242","title":{"rendered":"Danny Buller &#038; Ren\u00e9 Bisang &#8211; An der Nordseeku\u0308ste \u00b7 Berger\u00b4s Schlagerparadies"},"content":{"rendered":"<p><img loading=\"lazy\" decoding=\"async\" class=\"size-medium wp-image-41243 alignleft\" src=\"https:\/\/bergers-schlagerparadies.de\/wp-content\/uploads\/2026\/01\/Danny-Buller-Rene-Bisang-An-der-Nordseekueste-300x300.jpeg\" alt=\"\" width=\"300\" height=\"300\" srcset=\"https:\/\/bergers-schlagerparadies.de\/wp-content\/uploads\/2026\/01\/Danny-Buller-Rene-Bisang-An-der-Nordseekueste-300x300.jpeg 300w, https:\/\/bergers-schlagerparadies.de\/wp-content\/uploads\/2026\/01\/Danny-Buller-Rene-Bisang-An-der-Nordseekueste-1024x1024.jpeg 1024w, https:\/\/bergers-schlagerparadies.de\/wp-content\/uploads\/2026\/01\/Danny-Buller-Rene-Bisang-An-der-Nordseekueste-150x150.jpeg 150w, https:\/\/bergers-schlagerparadies.de\/wp-content\/uploads\/2026\/01\/Danny-Buller-Rene-Bisang-An-der-Nordseekueste-768x768.jpeg 768w, https:\/\/bergers-schlagerparadies.de\/wp-content\/uploads\/2026\/01\/Danny-Buller-Rene-Bisang-An-der-Nordseekueste-1536x1536.jpeg 1536w, https:\/\/bergers-schlagerparadies.de\/wp-content\/uploads\/2026\/01\/Danny-Buller-Rene-Bisang-An-der-Nordseekueste-2048x2048.jpeg 2048w, https:\/\/bergers-schlagerparadies.de\/wp-content\/uploads\/2026\/01\/Danny-Buller-Rene-Bisang-An-der-Nordseekueste-1200x1200.jpeg 1200w, https:\/\/bergers-schlagerparadies.de\/wp-content\/uploads\/2026\/01\/Danny-Buller-Rene-Bisang-An-der-Nordseekueste-1188x1188.jpeg 1188w, https:\/\/bergers-schlagerparadies.de\/wp-content\/uploads\/2026\/01\/Danny-Buller-Rene-Bisang-An-der-Nordseekueste-100x100.jpeg 100w\" sizes=\"auto, (max-width: 300px) 100vw, 300px\" \/>An der Nordseek\u00fcste in der neuen Schlagerparty-Version von Danny Buller &amp; Ren\u00e9 Bisang.<\/p>\n<p>Modern, zeitgem\u00e4\u00df und im Schlagerpartybeat von heute pr\u00e4sentiert sich \u00abAn der Nordseek\u00fcste\u00bb im neuen Soundkleid und in einer noch nie dagewesenen Version.<\/p>\n<p>Von Danny Buller &amp; Ren\u00e9 Bisang perfekt interpretiert ist die neue \u00abNordseek\u00fcste\u00bb ein absolutes Partyhighlight von Volksfest bis zur Apres Ski Party, von Fasching bis zum Oktoberfest.<\/p>\n<p>\u00abAn der Nordseek\u00fcste\u00bb in der neuen Schlagerparty-Version ist DER Partyhit 2026<\/p>\n<p><span style=\"color: #800000;\"><strong>Quelle: B-exstage Music<\/strong><\/span><\/p>\n<p><span style=\"color: #800000;\"><strong>Dieser Song ist ab dem 06.02.2026 auf allen Download- und Streaming-Portalen erh\u00e4ltlich.\u00a0<\/strong><\/span><\/p>\n<p><span style=\"color: #800000;\"><strong>Airdate (f\u00fcr Radiosender): 30.01.2026<\/strong><\/span><\/p>\n","protected":false},"excerpt":{"rendered":"<p>An der Nordseek\u00fcste in der neuen Schlagerparty-Version von Danny Buller &amp; Ren\u00e9 Bisang. Modern, zeitgem\u00e4\u00df und im Schlagerpartybeat von heute pr\u00e4sentiert sich \u00abAn der Nordseek\u00fcste\u00bb im neuen Soundkleid und in einer noch nie dagewesenen Version. Von Danny Buller &amp; Ren\u00e9 Bisang perfekt interpretiert ist die neue \u00abNordseek\u00fcste\u00bb ein absolutes Partyhighlight von Volksfest bis zur Apres Ski Party, von Fasching bis zum Oktoberfest. \u00abAn der Nordseek\u00fcste\u00bb in der neuen Schlagerparty-Version ist DER Partyhit 2026 Quelle: B-exstage Music Dieser Song ist ab dem 06.02.2026 auf allen Download- und Streaming-Portalen erh\u00e4ltlich.\u00a0 Airdate (f\u00fcr Radiosender): 30.01.2026<\/p>\n","protected":false},"author":1,"featured_media":41243,"comment_status":"open","ping_status":"open","sticky":false,"template":"","format":"standard","meta":{"footnotes":""},"categories":[3299,3231,2],"tags":[4555],"class_list":["post-41242","post","type-post","status-publish","format-standard","has-post-thumbnail","hentry","category-b-exstage-music","category-bergers-schlagerparadies","category-schlager","tag-danny-buller-rene-bisang","wpcat-3299-id","wpcat-3231-id","wpcat-2-id"],"_links":{"self":[{"href":"https:\/\/bergers-schlagerparadies.de\/index.php?rest_route=\/wp\/v2\/posts\/41242","targetHints":{"allow":["GET"]}}],"collection":[{"href":"https:\/\/bergers-schlagerparadies.de\/index.php?rest_route=\/wp\/v2\/posts"}],"about":[{"href":"https:\/\/bergers-schlagerparadies.de\/index.php?rest_route=\/wp\/v2\/types\/post"}],"author":[{"embeddable":true,"href":"https:\/\/bergers-schlagerparadies.de\/index.php?rest_route=\/wp\/v2\/users\/1"}],"replies":[{"embeddable":true,"href":"https:\/\/bergers-schlagerparadies.de\/index.php?rest_route=%2Fwp%2Fv2%2Fcomments&post=41242"}],"version-history":[{"count":2,"href":"https:\/\/bergers-schlagerparadies.de\/index.php?rest_route=\/wp\/v2\/posts\/41242\/revisions"}],"predecessor-version":[{"id":41245,"href":"https:\/\/bergers-schlagerparadies.de\/index.php?rest_route=\/wp\/v2\/posts\/41242\/revisions\/41245"}],"wp:featuredmedia":[{"embeddable":true,"href":"https:\/\/bergers-schlagerparadies.de\/index.php?rest_route=\/wp\/v2\/media\/41243"}],"wp:attachment":[{"href":"https:\/\/bergers-schlagerparadies.de\/index.php?rest_route=%2Fwp%2Fv2%2Fmedia&parent=41242"}],"wp:term":[{"taxonomy":"category","embeddable":true,"href":"https:\/\/bergers-schlagerparadies.de\/index.php?rest_route=%2Fwp%2Fv2%2Fcategories&post=41242"},{"taxonomy":"post_tag","embeddable":true,"href":"https:\/\/bergers-schlagerparadies.de\/index.php?rest_route=%2Fwp%2Fv2%2Ftags&post=41242"}],"curies":[{"name":"wp","href":"https:\/\/api.w.org\/{rel}","templated":true}]}}