{"id":41164,"date":"2026-01-26T06:20:16","date_gmt":"2026-01-26T05:20:16","guid":{"rendered":"https:\/\/bergers-schlagerparadies.de\/?p=41164"},"modified":"2026-01-26T06:20:16","modified_gmt":"2026-01-26T05:20:16","slug":"stefan-dietl-die-aufdreher-in-der-u-bahn-sitzt-ne-kuh-%c2%b7-bergers-schlagerparadies","status":"publish","type":"post","link":"https:\/\/bergers-schlagerparadies.de\/?p=41164","title":{"rendered":"Stefan Dietl &#038; die Aufdreher &#8211; In der U-Bahn sitzt ne Kuh \u00b7 Bergers Schlagerparadies"},"content":{"rendered":"<p><img loading=\"lazy\" decoding=\"async\" class=\"size-medium wp-image-41165 alignleft\" src=\"https:\/\/bergers-schlagerparadies.de\/wp-content\/uploads\/2026\/01\/Stefan-Dietl-die-Aufdreher-In-der-U-Bahn-sitzt-ne-Kuh-300x300.jpeg\" alt=\"\" width=\"300\" height=\"300\" srcset=\"https:\/\/bergers-schlagerparadies.de\/wp-content\/uploads\/2026\/01\/Stefan-Dietl-die-Aufdreher-In-der-U-Bahn-sitzt-ne-Kuh-300x300.jpeg 300w, https:\/\/bergers-schlagerparadies.de\/wp-content\/uploads\/2026\/01\/Stefan-Dietl-die-Aufdreher-In-der-U-Bahn-sitzt-ne-Kuh-1024x1024.jpeg 1024w, https:\/\/bergers-schlagerparadies.de\/wp-content\/uploads\/2026\/01\/Stefan-Dietl-die-Aufdreher-In-der-U-Bahn-sitzt-ne-Kuh-150x150.jpeg 150w, https:\/\/bergers-schlagerparadies.de\/wp-content\/uploads\/2026\/01\/Stefan-Dietl-die-Aufdreher-In-der-U-Bahn-sitzt-ne-Kuh-768x768.jpeg 768w, https:\/\/bergers-schlagerparadies.de\/wp-content\/uploads\/2026\/01\/Stefan-Dietl-die-Aufdreher-In-der-U-Bahn-sitzt-ne-Kuh-1200x1200.jpeg 1200w, https:\/\/bergers-schlagerparadies.de\/wp-content\/uploads\/2026\/01\/Stefan-Dietl-die-Aufdreher-In-der-U-Bahn-sitzt-ne-Kuh-1188x1188.jpeg 1188w, https:\/\/bergers-schlagerparadies.de\/wp-content\/uploads\/2026\/01\/Stefan-Dietl-die-Aufdreher-In-der-U-Bahn-sitzt-ne-Kuh-100x100.jpeg 100w, https:\/\/bergers-schlagerparadies.de\/wp-content\/uploads\/2026\/01\/Stefan-Dietl-die-Aufdreher-In-der-U-Bahn-sitzt-ne-Kuh.jpeg 1417w\" sizes=\"auto, (max-width: 300px) 100vw, 300px\" \/>Mit ihrer neuen Single \u201eIn der U-Bahn sitzt ne Kuh\u201c, die ab Freitag, dem 30. Januar, auf allen g\u00e4ngigen Streamingportalen erh\u00e4ltlich ist, zeigen Stefan Dietl und die Aufdreher einmal mehr, wie zeitgem\u00e4\u00df, humorvoll und lebendig Volksmusik klingen kann. Und weil Bilder manchmal mehr sagen als tausend Worte, erscheint zeitgleich auch das passende Musikvideo auf YouTube.<\/p>\n<p>Seit Jahren stehen Stefan Dietl und die Aufdreher f\u00fcr eine unverwechselbare Mischung aus traditioneller Volksmusik, modernem Schlager und jeder Menge guter Laune. Verwurzelt in der heimischen Musik, aber mit einem offenen Blick f\u00fcr Neues, erz\u00e4hlen sie Geschichten aus dem echten Leben \u2013 mal augenzwinkernd, mal herzhaft, immer mit einem Gesp\u00fcr f\u00fcr eing\u00e4ngige Melodien und ehrliche Unterhaltung.<\/p>\n<p>\u201eIn der U-Bahn sitzt ne Kuh\u201c spielt bewusst mit Gegens\u00e4tzen: Stadt trifft Land, Alltag trifft Heimatgef\u00fchl, Gro\u00dfstadttrubel trifft l\u00e4ndlichen Humor. Die Kuh in der U-Bahn wird dabei zum charmanten Sinnbild f\u00fcr Bodenst\u00e4ndigkeit und das Unangepasste \u2013 ein Bild, das schmunzeln l\u00e4sst und im Kopf bleibt. Musikalisch verbindet der Song schwungvolle Volksmusik mit schlagerhafter Leichtigkeit und einem Refrain, der sofort ins Ohr geht. Der Titel stammt aus der musikalischen Feder von Andre Busse und Rudolph Schambeck zeichnet f\u00fcr den Text verantwortlich.<\/p>\n<p>Mit dieser Ver\u00f6ffentlichung bleiben Stefan Dietl und die Aufdreher ihrem Erfolgsrezept treu: Musik, die Spa\u00df macht, N\u00e4he schafft und Menschen verbindet. Ob im Festzelt, im heimischen Musikhotel Mariandl, im Radio oder unterwegs mit Kopfh\u00f6rern \u2013 diese Single sorgt f\u00fcr gute Laune und beweist, dass volkst\u00fcmliche Musik auch mitten in unserem Alltag ihren Platz hat.<\/p>\n<p><span style=\"color: #800000;\"><strong>Quelle: Melodietl<\/strong><\/span><\/p>\n<p><span style=\"color: #800000;\"><strong>Dieser Song ist ab dem 30.01.2026 auf allen Download- und Streaming-Portalen erh\u00e4ltlich.\u00a0<\/strong><\/span><\/p>\n<p><span style=\"color: #800000;\"><strong>Airdate (f\u00fcr Radiosender): 30.01.2026<\/strong><\/span><\/p>\n","protected":false},"excerpt":{"rendered":"<p>Mit ihrer neuen Single \u201eIn der U-Bahn sitzt ne Kuh\u201c, die ab Freitag, dem 30. Januar, auf allen g\u00e4ngigen Streamingportalen erh\u00e4ltlich ist, zeigen Stefan Dietl und die Aufdreher einmal mehr, wie zeitgem\u00e4\u00df, humorvoll und lebendig Volksmusik klingen kann. Und weil Bilder manchmal mehr sagen als tausend Worte, erscheint zeitgleich auch das passende Musikvideo auf YouTube. Seit Jahren stehen Stefan Dietl und die Aufdreher f\u00fcr eine unverwechselbare Mischung aus traditioneller Volksmusik, modernem Schlager und jeder Menge guter Laune. Verwurzelt in der heimischen Musik, aber mit einem offenen Blick f\u00fcr Neues, erz\u00e4hlen sie Geschichten aus dem echten Leben \u2013 mal augenzwinkernd, mal herzhaft, immer mit einem Gesp\u00fcr&#8230;<\/p>\n","protected":false},"author":1,"featured_media":41165,"comment_status":"open","ping_status":"open","sticky":false,"template":"","format":"standard","meta":{"footnotes":""},"categories":[3231,3723,2],"tags":[2978],"class_list":["post-41164","post","type-post","status-publish","format-standard","has-post-thumbnail","hentry","category-bergers-schlagerparadies","category-melodietl","category-schlager","tag-stefan-dietl-die-aufdreher","wpcat-3231-id","wpcat-3723-id","wpcat-2-id"],"_links":{"self":[{"href":"https:\/\/bergers-schlagerparadies.de\/index.php?rest_route=\/wp\/v2\/posts\/41164","targetHints":{"allow":["GET"]}}],"collection":[{"href":"https:\/\/bergers-schlagerparadies.de\/index.php?rest_route=\/wp\/v2\/posts"}],"about":[{"href":"https:\/\/bergers-schlagerparadies.de\/index.php?rest_route=\/wp\/v2\/types\/post"}],"author":[{"embeddable":true,"href":"https:\/\/bergers-schlagerparadies.de\/index.php?rest_route=\/wp\/v2\/users\/1"}],"replies":[{"embeddable":true,"href":"https:\/\/bergers-schlagerparadies.de\/index.php?rest_route=%2Fwp%2Fv2%2Fcomments&post=41164"}],"version-history":[{"count":1,"href":"https:\/\/bergers-schlagerparadies.de\/index.php?rest_route=\/wp\/v2\/posts\/41164\/revisions"}],"predecessor-version":[{"id":41166,"href":"https:\/\/bergers-schlagerparadies.de\/index.php?rest_route=\/wp\/v2\/posts\/41164\/revisions\/41166"}],"wp:featuredmedia":[{"embeddable":true,"href":"https:\/\/bergers-schlagerparadies.de\/index.php?rest_route=\/wp\/v2\/media\/41165"}],"wp:attachment":[{"href":"https:\/\/bergers-schlagerparadies.de\/index.php?rest_route=%2Fwp%2Fv2%2Fmedia&parent=41164"}],"wp:term":[{"taxonomy":"category","embeddable":true,"href":"https:\/\/bergers-schlagerparadies.de\/index.php?rest_route=%2Fwp%2Fv2%2Fcategories&post=41164"},{"taxonomy":"post_tag","embeddable":true,"href":"https:\/\/bergers-schlagerparadies.de\/index.php?rest_route=%2Fwp%2Fv2%2Ftags&post=41164"}],"curies":[{"name":"wp","href":"https:\/\/api.w.org\/{rel}","templated":true}]}}