{"id":41115,"date":"2026-01-23T12:07:47","date_gmt":"2026-01-23T11:07:47","guid":{"rendered":"https:\/\/bergers-schlagerparadies.de\/?p=41115"},"modified":"2026-01-23T12:07:47","modified_gmt":"2026-01-23T11:07:47","slug":"peter-schilling-antistar-%c2%b7-bergers-schlagerparadies","status":"publish","type":"post","link":"https:\/\/bergers-schlagerparadies.de\/?p=41115","title":{"rendered":"Peter Schilling &#8211; Antistar \u00b7 Berger\u00b4s Schlagerparadies"},"content":{"rendered":"<p><img loading=\"lazy\" decoding=\"async\" class=\"size-medium wp-image-41116 alignleft\" src=\"https:\/\/bergers-schlagerparadies.de\/wp-content\/uploads\/2026\/01\/Peter-Schilling-Antistar-300x300.jpeg\" alt=\"\" width=\"300\" height=\"300\" srcset=\"https:\/\/bergers-schlagerparadies.de\/wp-content\/uploads\/2026\/01\/Peter-Schilling-Antistar-300x300.jpeg 300w, https:\/\/bergers-schlagerparadies.de\/wp-content\/uploads\/2026\/01\/Peter-Schilling-Antistar-1024x1024.jpeg 1024w, https:\/\/bergers-schlagerparadies.de\/wp-content\/uploads\/2026\/01\/Peter-Schilling-Antistar-150x150.jpeg 150w, https:\/\/bergers-schlagerparadies.de\/wp-content\/uploads\/2026\/01\/Peter-Schilling-Antistar-768x768.jpeg 768w, https:\/\/bergers-schlagerparadies.de\/wp-content\/uploads\/2026\/01\/Peter-Schilling-Antistar-1200x1200.jpeg 1200w, https:\/\/bergers-schlagerparadies.de\/wp-content\/uploads\/2026\/01\/Peter-Schilling-Antistar-1188x1188.jpeg 1188w, https:\/\/bergers-schlagerparadies.de\/wp-content\/uploads\/2026\/01\/Peter-Schilling-Antistar-100x100.jpeg 100w, https:\/\/bergers-schlagerparadies.de\/wp-content\/uploads\/2026\/01\/Peter-Schilling-Antistar.jpeg 1400w\" sizes=\"auto, (max-width: 300px) 100vw, 300px\" \/>23. Januar 2026 \u2013 Peter Schilling startet mit neuer Musik in ein besonderes Jahr. P\u00fcnktlich zu seinem 70. Geburtstag am 28. Januar meldet sich der K\u00fcnstler mit der Single \u201eAntistar\u201c musikalisch zur\u00fcck und gibt damit den Startschuss f\u00fcr sein gleichnamiges Studioalbum.<br \/>\nPeter Schilling blickt auf sehr ereignisreiche Jahre zur\u00fcck: Sein Klassiker \u201eMajor Tom (v\u00f6llig losgel\u00f6st)\u201c erlebte im Rahmen der EM 2024 als offizielle Torhymne aller DFB-Teams eine Renaissance und erreichte rekordtr\u00e4chtig erneut die Top10 der deutschen Single-Charts auf Platz 6. Doch statt sich auf diesen Erfolgen auszuruhen, setzt Schilling p\u00fcnktlich zu seinem 70. Geburtstag am 28. Januar 2026 auf neue musikalische Impulse.<br \/>\nTradition trifft Gegenwart: Die neue Single \u201eAntistar\u201c pr\u00e4sentiert einen frischen, groovigen Sound, der Elemente der 80er Jahre zitiert, diese aber konsequent in ein modernes Gewand \u00fcbersetzt. Schilling kopiert sich dabei nicht selbst. Der Fokus liegt klar auf der Gegenwart: Es ist ein Blick durch die Frontscheibe, nicht in den R\u00fcckspiegel. Inhaltlich bleibt er sich selbst treu und liefert Texte mit Tiefgang, die bewusst Raum f\u00fcr Interpretation lassen.<br \/>\nPeter Schilling erkl\u00e4rt dazu:<br \/>\n\u201eIch werfe meinem Publikum den inhaltlichen Ball zu, den letzten gedanklichen Schritt \u00fcberlasse ich jedem Menschen selbst. Dieser Song hat weder ein Happy End noch ein Bad End. \u201aAntistar\u2018 d\u00fcrfte bei n\u00e4herer Betrachtung selbsterkl\u00e4rend sein.\u201c<br \/>\nAlbum-Release im September Das gleichnamige Album \u201eAntistar\u201c wird am 04. September 2026 ver\u00f6ffentlicht. Neben den klassischen Formaten CD, LP und Digital erscheint eine limitierte Fan-Box. Diese enth\u00e4lt neben dem Album eine Antistar-Cap, hochwertige Fotos sowie ein Songbook mit ausgew\u00e4hlten Texten aus der Feder von Peter Schilling.<br \/>\nKurz-Bio Der geb\u00fcrtige Stuttgarter Peter Schilling feierte ab 1983 internationale Erfolge in Europa, in den USA, S\u00fcdamerika und Kanada. Neben seiner Arbeit als Singer\/Songwriter ist er als Verleger und Inhaber eines eigenen Musiklabels t\u00e4tig. Diese Personalunion erm\u00f6glicht ihm die volle kreative und unternehmerische Freiheit \u00fcber seine Projekte. Zudem engagiert er sich als Ideengeber der Kinderbuchreihe \u201eDer kleine Major Tom\u201c erfolgreich in der Wissensvermittlung f\u00fcr Kinder und hebt sein Repertoire aktuell mit der multimedialen 360-Experience \u201eMajor Tom: V\u00f6llig losgel\u00f6st\u201c im Berliner Zeiss-Gro\u00dfplanetarium in neue, innovative Live-Dimensionen.<\/p>\n<p><span style=\"color: #800000;\"><strong>Quelle: Warner Music International<\/strong><\/span><\/p>\n<p><span style=\"color: #800000;\"><strong>Dieser Song ist ab dem 23.01.2026 auf allen Download- und Streaming-Portalen erh\u00e4ltlich.\u00a0<\/strong><\/span><\/p>\n<p><span style=\"color: #800000;\"><strong>Airdate (f\u00fcr Radiosender): 23.01.2026<\/strong><\/span><\/p>\n","protected":false},"excerpt":{"rendered":"<p>23. Januar 2026 \u2013 Peter Schilling startet mit neuer Musik in ein besonderes Jahr. P\u00fcnktlich zu seinem 70. Geburtstag am 28. Januar meldet sich der K\u00fcnstler mit der Single \u201eAntistar\u201c musikalisch zur\u00fcck und gibt damit den Startschuss f\u00fcr sein gleichnamiges Studioalbum. Peter Schilling blickt auf sehr ereignisreiche Jahre zur\u00fcck: Sein Klassiker \u201eMajor Tom (v\u00f6llig losgel\u00f6st)\u201c erlebte im Rahmen der EM 2024 als offizielle Torhymne aller DFB-Teams eine Renaissance und erreichte rekordtr\u00e4chtig erneut die Top10 der deutschen Single-Charts auf Platz 6. Doch statt sich auf diesen Erfolgen auszuruhen, setzt Schilling p\u00fcnktlich zu seinem 70. Geburtstag am 28. Januar 2026 auf neue musikalische Impulse. Tradition trifft Gegenwart:&#8230;<\/p>\n","protected":false},"author":1,"featured_media":41116,"comment_status":"open","ping_status":"open","sticky":false,"template":"","format":"standard","meta":{"footnotes":""},"categories":[3231,3298,3456],"tags":[885],"class_list":["post-41115","post","type-post","status-publish","format-standard","has-post-thumbnail","hentry","category-bergers-schlagerparadies","category-pop-deutschsprachig","category-warner-music-international","tag-peter-schilling","wpcat-3231-id","wpcat-3298-id","wpcat-3456-id"],"_links":{"self":[{"href":"https:\/\/bergers-schlagerparadies.de\/index.php?rest_route=\/wp\/v2\/posts\/41115","targetHints":{"allow":["GET"]}}],"collection":[{"href":"https:\/\/bergers-schlagerparadies.de\/index.php?rest_route=\/wp\/v2\/posts"}],"about":[{"href":"https:\/\/bergers-schlagerparadies.de\/index.php?rest_route=\/wp\/v2\/types\/post"}],"author":[{"embeddable":true,"href":"https:\/\/bergers-schlagerparadies.de\/index.php?rest_route=\/wp\/v2\/users\/1"}],"replies":[{"embeddable":true,"href":"https:\/\/bergers-schlagerparadies.de\/index.php?rest_route=%2Fwp%2Fv2%2Fcomments&post=41115"}],"version-history":[{"count":1,"href":"https:\/\/bergers-schlagerparadies.de\/index.php?rest_route=\/wp\/v2\/posts\/41115\/revisions"}],"predecessor-version":[{"id":41117,"href":"https:\/\/bergers-schlagerparadies.de\/index.php?rest_route=\/wp\/v2\/posts\/41115\/revisions\/41117"}],"wp:featuredmedia":[{"embeddable":true,"href":"https:\/\/bergers-schlagerparadies.de\/index.php?rest_route=\/wp\/v2\/media\/41116"}],"wp:attachment":[{"href":"https:\/\/bergers-schlagerparadies.de\/index.php?rest_route=%2Fwp%2Fv2%2Fmedia&parent=41115"}],"wp:term":[{"taxonomy":"category","embeddable":true,"href":"https:\/\/bergers-schlagerparadies.de\/index.php?rest_route=%2Fwp%2Fv2%2Fcategories&post=41115"},{"taxonomy":"post_tag","embeddable":true,"href":"https:\/\/bergers-schlagerparadies.de\/index.php?rest_route=%2Fwp%2Fv2%2Ftags&post=41115"}],"curies":[{"name":"wp","href":"https:\/\/api.w.org\/{rel}","templated":true}]}}