{"id":40997,"date":"2026-01-20T22:31:36","date_gmt":"2026-01-20T21:31:36","guid":{"rendered":"https:\/\/bergers-schlagerparadies.de\/?p=40997"},"modified":"2026-01-20T22:31:36","modified_gmt":"2026-01-20T21:31:36","slug":"jan-rendels-liebe%c2%b2-%c2%b7-bergers-schlagerparadies","status":"publish","type":"post","link":"https:\/\/bergers-schlagerparadies.de\/?p=40997","title":{"rendered":"Jan Rendels \u2013 Liebe\u00b2 \u00b7 Berger\u00b4s Schlagerparadies"},"content":{"rendered":"<p><img loading=\"lazy\" decoding=\"async\" class=\"size-medium wp-image-40998 alignleft\" src=\"https:\/\/bergers-schlagerparadies.de\/wp-content\/uploads\/2026\/01\/Jan-Rendels-\u2013-Liebe\u00b2-300x300.jpg\" alt=\"\" width=\"300\" height=\"300\" srcset=\"https:\/\/bergers-schlagerparadies.de\/wp-content\/uploads\/2026\/01\/Jan-Rendels-\u2013-Liebe\u00b2-300x300.jpg 300w, https:\/\/bergers-schlagerparadies.de\/wp-content\/uploads\/2026\/01\/Jan-Rendels-\u2013-Liebe\u00b2-1024x1024.jpg 1024w, https:\/\/bergers-schlagerparadies.de\/wp-content\/uploads\/2026\/01\/Jan-Rendels-\u2013-Liebe\u00b2-150x150.jpg 150w, https:\/\/bergers-schlagerparadies.de\/wp-content\/uploads\/2026\/01\/Jan-Rendels-\u2013-Liebe\u00b2-768x768.jpg 768w, https:\/\/bergers-schlagerparadies.de\/wp-content\/uploads\/2026\/01\/Jan-Rendels-\u2013-Liebe\u00b2-1536x1536.jpg 1536w, https:\/\/bergers-schlagerparadies.de\/wp-content\/uploads\/2026\/01\/Jan-Rendels-\u2013-Liebe\u00b2-2048x2048.jpg 2048w, https:\/\/bergers-schlagerparadies.de\/wp-content\/uploads\/2026\/01\/Jan-Rendels-\u2013-Liebe\u00b2-1200x1200.jpg 1200w, https:\/\/bergers-schlagerparadies.de\/wp-content\/uploads\/2026\/01\/Jan-Rendels-\u2013-Liebe\u00b2-1188x1188.jpg 1188w, https:\/\/bergers-schlagerparadies.de\/wp-content\/uploads\/2026\/01\/Jan-Rendels-\u2013-Liebe\u00b2-100x100.jpg 100w\" sizes=\"auto, (max-width: 300px) 100vw, 300px\" \/>Mit \u201eLiebe\u00b2 (Liebe hoch zwei)\u201c pr\u00e4sentiert Jan Rendels die vierte Singleauskopplung aus seinem erfolgreichen und aktuellen Album \u201eGenau mein Ding\u201c. Der Song beschreibt das Verliebtsein und schlie\u00dflich die gro\u00dfe Liebe zwischen zwei Menschen, die durch gegenseitige Gef\u00fchle f\u00fcreinander immer weiterw\u00e4chst \u2013 und beide sp\u00fcren: Es passt einfach alles.<\/p>\n<p>\u201eLiebe\u00b2\u201c verbindet modernen Popschlager mit einer emotionalen und romantischen Handlung. Der Offenburger S\u00e4nger bringt damit seine eigene Einstellung zu echter, ehrlicher und tiefer Liebe authentisch auf den Punkt. \u201eEin wichtiges Thema, gerade in der heutigen Zeit\u201c, so der S\u00e4nger.<\/p>\n<p>Schon seit Kindheitstagen dem Genre verbunden, steht Jan Rendels f\u00fcr ehrliche Texte, tanzbare Rhythmen und musikalische Lebensfreude. Auch mit diesem Titel bleibt Jan seinem Stil treu \u2013 modern produziert, gef\u00fchlvoll interpretiert und mitrei\u00dfend in Szene gesetzt. \u201eLiebe\u00b2\u201c \u2013 ein Titel, der sowohl zum Feiern, zum Tanzen und zum Mitsingen einl\u00e4dt und damit perfekt in jede Schlager-Playlist passt.<\/p>\n<p>Auf Erfolge in Funk (u. a. SWR4 BW, Radio Paloma) und Fernsehen folgten diverse Auszeichnungen, wie beispielsweise \u201eBester Schlagers\u00e4nger\u201c und \u201eBester Schlagersong\u201c in den Jahren 2018, 2020, 2021 und 2022 beim Deutschen Rock &amp; Pop Preis.<\/p>\n<p>Jan war bereits in unterschiedlichen TV-Sendungen, u. a. bei \u201eGute Laune TV\u201c, \u201eDeutsches Musik Fernsehen\u201c, in der ARD-Sendung \u201eImmer wieder sonntags\u201c sowie bei DSDS zu sehen. 2025 landete Jan einen weiteren Airplay-Erfolg mit dem Song \u201eIch will dich in live\u201c. An diese Erfolge m\u00f6chte Jan auch mit \u201eLiebe\u00b2\u201c ankn\u00fcpfen.<\/p>\n<p><span style=\"color: #800000;\"><strong>Quelle: Fiesta Records<\/strong><\/span><\/p>\n<p><span style=\"color: #800000;\"><strong>Dieser Song ist ab dem 23.01.2026 auf allen Download- und Streaming-Portalen erh\u00e4ltlich.\u00a0<\/strong><\/span><\/p>\n<p><span style=\"color: #800000;\"><strong>Airdate (f\u00fcr Radiosender): 19.01.2026<\/strong><\/span><\/p>\n","protected":false},"excerpt":{"rendered":"<p>Mit \u201eLiebe\u00b2 (Liebe hoch zwei)\u201c pr\u00e4sentiert Jan Rendels die vierte Singleauskopplung aus seinem erfolgreichen und aktuellen Album \u201eGenau mein Ding\u201c. Der Song beschreibt das Verliebtsein und schlie\u00dflich die gro\u00dfe Liebe zwischen zwei Menschen, die durch gegenseitige Gef\u00fchle f\u00fcreinander immer weiterw\u00e4chst \u2013 und beide sp\u00fcren: Es passt einfach alles. \u201eLiebe\u00b2\u201c verbindet modernen Popschlager mit einer emotionalen und romantischen Handlung. Der Offenburger S\u00e4nger bringt damit seine eigene Einstellung zu echter, ehrlicher und tiefer Liebe authentisch auf den Punkt. \u201eEin wichtiges Thema, gerade in der heutigen Zeit\u201c, so der S\u00e4nger. Schon seit Kindheitstagen dem Genre verbunden, steht Jan Rendels f\u00fcr ehrliche Texte, tanzbare Rhythmen und musikalische Lebensfreude. Auch&#8230;<\/p>\n","protected":false},"author":1,"featured_media":40998,"comment_status":"open","ping_status":"open","sticky":false,"template":"","format":"standard","meta":{"footnotes":""},"categories":[3231,3232,2],"tags":[438],"class_list":["post-40997","post","type-post","status-publish","format-standard","has-post-thumbnail","hentry","category-bergers-schlagerparadies","category-fiesta-records","category-schlager","tag-jan-rendels","wpcat-3231-id","wpcat-3232-id","wpcat-2-id"],"_links":{"self":[{"href":"https:\/\/bergers-schlagerparadies.de\/index.php?rest_route=\/wp\/v2\/posts\/40997","targetHints":{"allow":["GET"]}}],"collection":[{"href":"https:\/\/bergers-schlagerparadies.de\/index.php?rest_route=\/wp\/v2\/posts"}],"about":[{"href":"https:\/\/bergers-schlagerparadies.de\/index.php?rest_route=\/wp\/v2\/types\/post"}],"author":[{"embeddable":true,"href":"https:\/\/bergers-schlagerparadies.de\/index.php?rest_route=\/wp\/v2\/users\/1"}],"replies":[{"embeddable":true,"href":"https:\/\/bergers-schlagerparadies.de\/index.php?rest_route=%2Fwp%2Fv2%2Fcomments&post=40997"}],"version-history":[{"count":1,"href":"https:\/\/bergers-schlagerparadies.de\/index.php?rest_route=\/wp\/v2\/posts\/40997\/revisions"}],"predecessor-version":[{"id":40999,"href":"https:\/\/bergers-schlagerparadies.de\/index.php?rest_route=\/wp\/v2\/posts\/40997\/revisions\/40999"}],"wp:featuredmedia":[{"embeddable":true,"href":"https:\/\/bergers-schlagerparadies.de\/index.php?rest_route=\/wp\/v2\/media\/40998"}],"wp:attachment":[{"href":"https:\/\/bergers-schlagerparadies.de\/index.php?rest_route=%2Fwp%2Fv2%2Fmedia&parent=40997"}],"wp:term":[{"taxonomy":"category","embeddable":true,"href":"https:\/\/bergers-schlagerparadies.de\/index.php?rest_route=%2Fwp%2Fv2%2Fcategories&post=40997"},{"taxonomy":"post_tag","embeddable":true,"href":"https:\/\/bergers-schlagerparadies.de\/index.php?rest_route=%2Fwp%2Fv2%2Ftags&post=40997"}],"curies":[{"name":"wp","href":"https:\/\/api.w.org\/{rel}","templated":true}]}}