{"id":40992,"date":"2026-01-20T22:22:43","date_gmt":"2026-01-20T21:22:43","guid":{"rendered":"https:\/\/bergers-schlagerparadies.de\/?p=40992"},"modified":"2026-01-20T22:22:43","modified_gmt":"2026-01-20T21:22:43","slug":"moritz-bierbaum-wir-feiern-%c2%b7-bergers-schlagerparadies","status":"publish","type":"post","link":"https:\/\/bergers-schlagerparadies.de\/?p=40992","title":{"rendered":"Moritz Bierbaum &#8211; Wir feiern \u00b7 Berger\u00b4s Schlagerparadies"},"content":{"rendered":"<p><img loading=\"lazy\" decoding=\"async\" class=\"size-medium wp-image-40993 alignleft\" src=\"https:\/\/bergers-schlagerparadies.de\/wp-content\/uploads\/2026\/01\/Moritz-Bierbaum-Wir-feiern-300x300.jpg\" alt=\"\" width=\"300\" height=\"300\" srcset=\"https:\/\/bergers-schlagerparadies.de\/wp-content\/uploads\/2026\/01\/Moritz-Bierbaum-Wir-feiern-300x300.jpg 300w, https:\/\/bergers-schlagerparadies.de\/wp-content\/uploads\/2026\/01\/Moritz-Bierbaum-Wir-feiern-1024x1024.jpg 1024w, https:\/\/bergers-schlagerparadies.de\/wp-content\/uploads\/2026\/01\/Moritz-Bierbaum-Wir-feiern-150x150.jpg 150w, https:\/\/bergers-schlagerparadies.de\/wp-content\/uploads\/2026\/01\/Moritz-Bierbaum-Wir-feiern-768x768.jpg 768w, https:\/\/bergers-schlagerparadies.de\/wp-content\/uploads\/2026\/01\/Moritz-Bierbaum-Wir-feiern-1536x1536.jpg 1536w, https:\/\/bergers-schlagerparadies.de\/wp-content\/uploads\/2026\/01\/Moritz-Bierbaum-Wir-feiern-2048x2048.jpg 2048w, https:\/\/bergers-schlagerparadies.de\/wp-content\/uploads\/2026\/01\/Moritz-Bierbaum-Wir-feiern-1200x1200.jpg 1200w, https:\/\/bergers-schlagerparadies.de\/wp-content\/uploads\/2026\/01\/Moritz-Bierbaum-Wir-feiern-1188x1188.jpg 1188w, https:\/\/bergers-schlagerparadies.de\/wp-content\/uploads\/2026\/01\/Moritz-Bierbaum-Wir-feiern-100x100.jpg 100w\" sizes=\"auto, (max-width: 300px) 100vw, 300px\" \/>Mit \u201eWir feiern\u201c ver\u00f6ffentlicht Moritz Bierbaum einen modernen, energiegeladenen Schlagersong, der die Nacht zum Leuchten bringt. Die neue Single ist ein besonderer Meilenstein im Schaffen des K\u00fcnstlers, denn zum ersten Mal stammt ein Song vollst\u00e4ndig aus seiner eigenen Feder.<\/p>\n<p>In \u201eWir feiern\u201c erz\u00e4hlt Bierbaum die Geschichte von zwei Menschen, die gemeinsam losziehen, die Nacht zum Tag machen und sich dabei von der Leichtigkeit des Moments tragen lassen. Der Song f\u00e4ngt dieses unbeschwerte Gef\u00fchl ein, wenn alles m\u00f6glich erscheint und man mit dem richtigen Menschen an seiner Seite das Leben einfach feiern will.<\/p>\n<p>Musikalisch verbindet Moritz Bierbaum eing\u00e4ngige Melodien, pulsierende Beats und den f\u00fcr ihn typischen warmen, positiven Sound. \u201eWir feiern\u201c ist ein moderner Partyschlager, der sofort ins Ohr geht und auf keiner Tanzfl\u00e4che fehlen darf \u2013 ein Song, der zum Mitsingen, Mittanzen und Mit leben einl\u00e4dt.<\/p>\n<p>Mit diesem selbst geschriebenen Titel zeigt Bierbaum erstmals seine kreative Handschrift und beweist, dass er nicht nur interpretieren, sondern auch emotional und authentisch erz\u00e4hlen kann.<\/p>\n<p><span style=\"color: #800000;\"><strong>Quelle: Fiesta Records<\/strong><\/span><\/p>\n<p><span style=\"color: #800000;\"><strong>Dieser Song ist ab dem 23.01.2026 auf allen Download- und Streaming-Portalen erh\u00e4ltlich.\u00a0<\/strong><\/span><\/p>\n<p><span style=\"color: #800000;\"><strong>Airdate (f\u00fcr Radiosender): 20.01.2026<\/strong><\/span><\/p>\n","protected":false},"excerpt":{"rendered":"<p>Mit \u201eWir feiern\u201c ver\u00f6ffentlicht Moritz Bierbaum einen modernen, energiegeladenen Schlagersong, der die Nacht zum Leuchten bringt. Die neue Single ist ein besonderer Meilenstein im Schaffen des K\u00fcnstlers, denn zum ersten Mal stammt ein Song vollst\u00e4ndig aus seiner eigenen Feder. In \u201eWir feiern\u201c erz\u00e4hlt Bierbaum die Geschichte von zwei Menschen, die gemeinsam losziehen, die Nacht zum Tag machen und sich dabei von der Leichtigkeit des Moments tragen lassen. Der Song f\u00e4ngt dieses unbeschwerte Gef\u00fchl ein, wenn alles m\u00f6glich erscheint und man mit dem richtigen Menschen an seiner Seite das Leben einfach feiern will. Musikalisch verbindet Moritz Bierbaum eing\u00e4ngige Melodien, pulsierende Beats und den f\u00fcr ihn typischen&#8230;<\/p>\n","protected":false},"author":1,"featured_media":40993,"comment_status":"open","ping_status":"open","sticky":false,"template":"","format":"standard","meta":{"footnotes":""},"categories":[3231,3232,2],"tags":[4090],"class_list":["post-40992","post","type-post","status-publish","format-standard","has-post-thumbnail","hentry","category-bergers-schlagerparadies","category-fiesta-records","category-schlager","tag-moritz-bierbaum","wpcat-3231-id","wpcat-3232-id","wpcat-2-id"],"_links":{"self":[{"href":"https:\/\/bergers-schlagerparadies.de\/index.php?rest_route=\/wp\/v2\/posts\/40992","targetHints":{"allow":["GET"]}}],"collection":[{"href":"https:\/\/bergers-schlagerparadies.de\/index.php?rest_route=\/wp\/v2\/posts"}],"about":[{"href":"https:\/\/bergers-schlagerparadies.de\/index.php?rest_route=\/wp\/v2\/types\/post"}],"author":[{"embeddable":true,"href":"https:\/\/bergers-schlagerparadies.de\/index.php?rest_route=\/wp\/v2\/users\/1"}],"replies":[{"embeddable":true,"href":"https:\/\/bergers-schlagerparadies.de\/index.php?rest_route=%2Fwp%2Fv2%2Fcomments&post=40992"}],"version-history":[{"count":1,"href":"https:\/\/bergers-schlagerparadies.de\/index.php?rest_route=\/wp\/v2\/posts\/40992\/revisions"}],"predecessor-version":[{"id":40994,"href":"https:\/\/bergers-schlagerparadies.de\/index.php?rest_route=\/wp\/v2\/posts\/40992\/revisions\/40994"}],"wp:featuredmedia":[{"embeddable":true,"href":"https:\/\/bergers-schlagerparadies.de\/index.php?rest_route=\/wp\/v2\/media\/40993"}],"wp:attachment":[{"href":"https:\/\/bergers-schlagerparadies.de\/index.php?rest_route=%2Fwp%2Fv2%2Fmedia&parent=40992"}],"wp:term":[{"taxonomy":"category","embeddable":true,"href":"https:\/\/bergers-schlagerparadies.de\/index.php?rest_route=%2Fwp%2Fv2%2Fcategories&post=40992"},{"taxonomy":"post_tag","embeddable":true,"href":"https:\/\/bergers-schlagerparadies.de\/index.php?rest_route=%2Fwp%2Fv2%2Ftags&post=40992"}],"curies":[{"name":"wp","href":"https:\/\/api.w.org\/{rel}","templated":true}]}}