{"id":40963,"date":"2025-12-29T10:30:46","date_gmt":"2025-12-29T09:30:46","guid":{"rendered":"https:\/\/bergers-schlagerparadies.de\/?p=40963"},"modified":"2026-01-19T20:34:27","modified_gmt":"2026-01-19T19:34:27","slug":"die-schornsteinfeger-schlagerhaft-schoen-album-%c2%b7-bergers-schlagerparadies","status":"publish","type":"post","link":"https:\/\/bergers-schlagerparadies.de\/?p=40963","title":{"rendered":"Die Schornsteinfeger &#8211; Schlagerhaft sch\u00f6n (Album) \u00b7 Berger\u00b4s Schlagerparadies"},"content":{"rendered":"<p><img loading=\"lazy\" decoding=\"async\" class=\"size-medium wp-image-40964 alignleft\" src=\"https:\/\/bergers-schlagerparadies.de\/wp-content\/uploads\/2026\/01\/Die-Schornsteinfeger-Schlagerhaft-schoen-300x300.jpg\" alt=\"\" width=\"300\" height=\"300\" srcset=\"https:\/\/bergers-schlagerparadies.de\/wp-content\/uploads\/2026\/01\/Die-Schornsteinfeger-Schlagerhaft-schoen-300x300.jpg 300w, https:\/\/bergers-schlagerparadies.de\/wp-content\/uploads\/2026\/01\/Die-Schornsteinfeger-Schlagerhaft-schoen-150x150.jpg 150w, https:\/\/bergers-schlagerparadies.de\/wp-content\/uploads\/2026\/01\/Die-Schornsteinfeger-Schlagerhaft-schoen-100x100.jpg 100w, https:\/\/bergers-schlagerparadies.de\/wp-content\/uploads\/2026\/01\/Die-Schornsteinfeger-Schlagerhaft-schoen.jpg 480w\" sizes=\"auto, (max-width: 300px) 100vw, 300px\" \/>Bereits im Sommer letzten Jahres pr\u00e4sentierten DIE SCHORNSTEINFEGER mit \u201eIch habe oft daran gedacht\u201c einen ersten Vorgeschmack auf ihr brandneues Album. Nun ist es da. \u201eSchlagerhaft sch\u00f6n\u201c und genau so, wie sich das die vielen Schornsteinfeger-Fans w\u00fcnschen.<\/p>\n<p>Seit 2003 ist der gelernte Schornsteinfeger Harry mit seiner Frau Elke unterwegs. Volle Tanzfl\u00e4chen und ein ebenso voller Terminkalender sprechen f\u00fcr die Senkrechtstarter der Tanztempel und 100% Deutscher Schlager sind dabei selbstverst\u00e4ndlich.<\/p>\n<p>Auch das Jahr 2026 wird ganz sicher wieder ein Schornsteinfeger-Jahr. Auf der B\u00fchne, im Radio, in den Schlager-TV-Programmen und nat\u00fcrlich auf CD! \u2026Ganz einfach halt \u201eSchlagerhaft sch\u00f6n\u201c\u2026\u2026..<\/p>\n<p><span style=\"color: #800000;\"><strong>Quelle: Tyrolis<\/strong><\/span><\/p>\n<p><span style=\"color: #800000;\"><strong>Dieses Album ist ab dem 02.01.2026 auf allen Download- und Streaming-Portalen erh\u00e4ltlich.\u00a0<\/strong><\/span><\/p>\n<p><span style=\"color: #800000;\"><strong>Airdate (f\u00fcr Radiosender): 02.01.2026<\/strong><\/span><\/p>\n","protected":false},"excerpt":{"rendered":"<p>Bereits im Sommer letzten Jahres pr\u00e4sentierten DIE SCHORNSTEINFEGER mit \u201eIch habe oft daran gedacht\u201c einen ersten Vorgeschmack auf ihr brandneues Album. Nun ist es da. \u201eSchlagerhaft sch\u00f6n\u201c und genau so, wie sich das die vielen Schornsteinfeger-Fans w\u00fcnschen. Seit 2003 ist der gelernte Schornsteinfeger Harry mit seiner Frau Elke unterwegs. Volle Tanzfl\u00e4chen und ein ebenso voller Terminkalender sprechen f\u00fcr die Senkrechtstarter der Tanztempel und 100% Deutscher Schlager sind dabei selbstverst\u00e4ndlich. Auch das Jahr 2026 wird ganz sicher wieder ein Schornsteinfeger-Jahr. Auf der B\u00fchne, im Radio, in den Schlager-TV-Programmen und nat\u00fcrlich auf CD! \u2026Ganz einfach halt \u201eSchlagerhaft sch\u00f6n\u201c\u2026\u2026.. Quelle: Tyrolis Dieses Album ist ab dem 02.01.2026 auf&#8230;<\/p>\n","protected":false},"author":1,"featured_media":40964,"comment_status":"open","ping_status":"open","sticky":false,"template":"","format":"standard","meta":{"footnotes":""},"categories":[3257,3231,3255,3298,2,3459],"tags":[2904],"class_list":["post-40963","post","type-post","status-publish","format-standard","has-post-thumbnail","hentry","category-album","category-bergers-schlagerparadies","category-deutsch","category-pop-deutschsprachig","category-schlager","category-tyrolis","tag-die-schornsteinfeger","wpcat-3257-id","wpcat-3231-id","wpcat-3255-id","wpcat-3298-id","wpcat-2-id","wpcat-3459-id"],"_links":{"self":[{"href":"https:\/\/bergers-schlagerparadies.de\/index.php?rest_route=\/wp\/v2\/posts\/40963","targetHints":{"allow":["GET"]}}],"collection":[{"href":"https:\/\/bergers-schlagerparadies.de\/index.php?rest_route=\/wp\/v2\/posts"}],"about":[{"href":"https:\/\/bergers-schlagerparadies.de\/index.php?rest_route=\/wp\/v2\/types\/post"}],"author":[{"embeddable":true,"href":"https:\/\/bergers-schlagerparadies.de\/index.php?rest_route=\/wp\/v2\/users\/1"}],"replies":[{"embeddable":true,"href":"https:\/\/bergers-schlagerparadies.de\/index.php?rest_route=%2Fwp%2Fv2%2Fcomments&post=40963"}],"version-history":[{"count":1,"href":"https:\/\/bergers-schlagerparadies.de\/index.php?rest_route=\/wp\/v2\/posts\/40963\/revisions"}],"predecessor-version":[{"id":40966,"href":"https:\/\/bergers-schlagerparadies.de\/index.php?rest_route=\/wp\/v2\/posts\/40963\/revisions\/40966"}],"wp:featuredmedia":[{"embeddable":true,"href":"https:\/\/bergers-schlagerparadies.de\/index.php?rest_route=\/wp\/v2\/media\/40964"}],"wp:attachment":[{"href":"https:\/\/bergers-schlagerparadies.de\/index.php?rest_route=%2Fwp%2Fv2%2Fmedia&parent=40963"}],"wp:term":[{"taxonomy":"category","embeddable":true,"href":"https:\/\/bergers-schlagerparadies.de\/index.php?rest_route=%2Fwp%2Fv2%2Fcategories&post=40963"},{"taxonomy":"post_tag","embeddable":true,"href":"https:\/\/bergers-schlagerparadies.de\/index.php?rest_route=%2Fwp%2Fv2%2Ftags&post=40963"}],"curies":[{"name":"wp","href":"https:\/\/api.w.org\/{rel}","templated":true}]}}