{"id":40941,"date":"2026-01-19T19:50:25","date_gmt":"2026-01-19T18:50:25","guid":{"rendered":"https:\/\/bergers-schlagerparadies.de\/?p=40941"},"modified":"2026-01-19T19:51:18","modified_gmt":"2026-01-19T18:51:18","slug":"denise-blum-fahnen-auf-dem-mond-%c2%b7-bergers-schlagerparadies","status":"publish","type":"post","link":"https:\/\/bergers-schlagerparadies.de\/?p=40941","title":{"rendered":"Denise Blum &#8211; Fahnen auf dem Mond \u00b7 Bergers Schlagerparadies"},"content":{"rendered":"<p><img loading=\"lazy\" decoding=\"async\" class=\"size-medium wp-image-40942 alignleft\" src=\"https:\/\/bergers-schlagerparadies.de\/wp-content\/uploads\/2026\/01\/Denise-Blum-Fahnen-auf-dem-Mond-300x300.jpeg\" alt=\"\" width=\"300\" height=\"300\" srcset=\"https:\/\/bergers-schlagerparadies.de\/wp-content\/uploads\/2026\/01\/Denise-Blum-Fahnen-auf-dem-Mond-300x300.jpeg 300w, https:\/\/bergers-schlagerparadies.de\/wp-content\/uploads\/2026\/01\/Denise-Blum-Fahnen-auf-dem-Mond-1024x1024.jpeg 1024w, https:\/\/bergers-schlagerparadies.de\/wp-content\/uploads\/2026\/01\/Denise-Blum-Fahnen-auf-dem-Mond-150x150.jpeg 150w, https:\/\/bergers-schlagerparadies.de\/wp-content\/uploads\/2026\/01\/Denise-Blum-Fahnen-auf-dem-Mond-768x768.jpeg 768w, https:\/\/bergers-schlagerparadies.de\/wp-content\/uploads\/2026\/01\/Denise-Blum-Fahnen-auf-dem-Mond-1188x1188.jpeg 1188w, https:\/\/bergers-schlagerparadies.de\/wp-content\/uploads\/2026\/01\/Denise-Blum-Fahnen-auf-dem-Mond-100x100.jpeg 100w, https:\/\/bergers-schlagerparadies.de\/wp-content\/uploads\/2026\/01\/Denise-Blum-Fahnen-auf-dem-Mond.jpeg 1200w\" sizes=\"auto, (max-width: 300px) 100vw, 300px\" \/>\u201eFahnen auf dem Mond\u201c, was f\u00fcr ein wundersch\u00f6nes Gedankengem\u00e4lde!<br \/>\nDer neue Titel von Denise Blum zeigt auf magische Weise die Kraft der Zuversicht mit einer musikalischen Gro\u00dfartigkeit, wie sie nur von einer K\u00fcnstlerin authentisch<br \/>\nerlebbar wird, die sich diese St\u00e4rke im Leben hart erarbeitet hat!<\/p>\n<p>Denise Blum ist seit geraumer Zeit fester Bestandteil der Schlagerwelt. Sie vereint<br \/>\ndabei ihre grandiose Stimme mit Charme und Authentizit\u00e4t.<br \/>\n\u201eFahnen auf dem Mond\u201c ist ein au\u00dfergew\u00f6hnliches Statement. Dieses Lied erz\u00e4hlt<br \/>\ndavon, dass es lohnt, den Bedenken anderer zu trotzen und den eigenen Weg nicht<br \/>\nnur zu finden, sondern auch zu gehen.<\/p>\n<p>Eine ausdrucksstarke Komposition, die in Verbindung mit Denise wundervoller<br \/>\nStimme, die die Zuh\u00f6rer sofort in ihren Bann zieht. Jedes einzelne Wort des<br \/>\nhochemotionalen und mutmachenden Textes wird durch Denise Blum auf<br \/>\nbeeindruckende Weise nicht nur in die Ohren, sondern auch genauso tief in die<br \/>\nHerzen der Zuh\u00f6rer :innen transportiert. Die kraftvolle Produktion von Benjamin<br \/>\nSchwenen vom Light Mountain Studio perfektioniert dieses Gef\u00fchl!<\/p>\n<p>Geschrieben wurde dieses wundersch\u00f6ne und mutmachende St\u00fcck Musik von<br \/>\nThorsten Schmidt, der bereits mehrfach mit Denise Blum erfolgreich<br \/>\nzusammengearbeitet hat.<\/p>\n<p>Der Song wird ab 23.01.2026 auf allen g\u00e4ngigen Streaming &#8211; Plattformen verf\u00fcgbar<br \/>\nsein.<\/p>\n<p>Lassen Sie sich ermutigen, den eigenen Weg zu gehen. Nach dem Anh\u00f6ren dieses<br \/>\nLiedes von Denise Blum werden auch Sie erkennen, es wehen \u201eFahnen auf dem<br \/>\nMond\u201c!<\/p>\n<p><span style=\"color: #800000;\"><strong>Quelle: Schlagerhimmel<\/strong><\/span><\/p>\n<p><span style=\"color: #800000;\"><strong>Dieser Song ist ab dem 23.01.2026 auf allen Download- und Streaming-Portalen erh\u00e4ltlich.\u00a0<\/strong><\/span><\/p>\n<p><span style=\"color: #800000;\"><strong>Airdate (f\u00fcr Radiosender): 20.01.2026<\/strong><\/span><\/p>\n","protected":false},"excerpt":{"rendered":"<p>\u201eFahnen auf dem Mond\u201c, was f\u00fcr ein wundersch\u00f6nes Gedankengem\u00e4lde! Der neue Titel von Denise Blum zeigt auf magische Weise die Kraft der Zuversicht mit einer musikalischen Gro\u00dfartigkeit, wie sie nur von einer K\u00fcnstlerin authentisch erlebbar wird, die sich diese St\u00e4rke im Leben hart erarbeitet hat! Denise Blum ist seit geraumer Zeit fester Bestandteil der Schlagerwelt. Sie vereint dabei ihre grandiose Stimme mit Charme und Authentizit\u00e4t. \u201eFahnen auf dem Mond\u201c ist ein au\u00dfergew\u00f6hnliches Statement. Dieses Lied erz\u00e4hlt davon, dass es lohnt, den Bedenken anderer zu trotzen und den eigenen Weg nicht nur zu finden, sondern auch zu gehen. Eine ausdrucksstarke Komposition, die in Verbindung mit Denise&#8230;<\/p>\n","protected":false},"author":1,"featured_media":40942,"comment_status":"open","ping_status":"open","sticky":false,"template":"","format":"standard","meta":{"footnotes":""},"categories":[3231],"tags":[1545],"class_list":["post-40941","post","type-post","status-publish","format-standard","has-post-thumbnail","hentry","category-bergers-schlagerparadies","tag-denise-blum","wpcat-3231-id"],"_links":{"self":[{"href":"https:\/\/bergers-schlagerparadies.de\/index.php?rest_route=\/wp\/v2\/posts\/40941","targetHints":{"allow":["GET"]}}],"collection":[{"href":"https:\/\/bergers-schlagerparadies.de\/index.php?rest_route=\/wp\/v2\/posts"}],"about":[{"href":"https:\/\/bergers-schlagerparadies.de\/index.php?rest_route=\/wp\/v2\/types\/post"}],"author":[{"embeddable":true,"href":"https:\/\/bergers-schlagerparadies.de\/index.php?rest_route=\/wp\/v2\/users\/1"}],"replies":[{"embeddable":true,"href":"https:\/\/bergers-schlagerparadies.de\/index.php?rest_route=%2Fwp%2Fv2%2Fcomments&post=40941"}],"version-history":[{"count":1,"href":"https:\/\/bergers-schlagerparadies.de\/index.php?rest_route=\/wp\/v2\/posts\/40941\/revisions"}],"predecessor-version":[{"id":40943,"href":"https:\/\/bergers-schlagerparadies.de\/index.php?rest_route=\/wp\/v2\/posts\/40941\/revisions\/40943"}],"wp:featuredmedia":[{"embeddable":true,"href":"https:\/\/bergers-schlagerparadies.de\/index.php?rest_route=\/wp\/v2\/media\/40942"}],"wp:attachment":[{"href":"https:\/\/bergers-schlagerparadies.de\/index.php?rest_route=%2Fwp%2Fv2%2Fmedia&parent=40941"}],"wp:term":[{"taxonomy":"category","embeddable":true,"href":"https:\/\/bergers-schlagerparadies.de\/index.php?rest_route=%2Fwp%2Fv2%2Fcategories&post=40941"},{"taxonomy":"post_tag","embeddable":true,"href":"https:\/\/bergers-schlagerparadies.de\/index.php?rest_route=%2Fwp%2Fv2%2Ftags&post=40941"}],"curies":[{"name":"wp","href":"https:\/\/api.w.org\/{rel}","templated":true}]}}