{"id":40882,"date":"2026-01-26T10:30:20","date_gmt":"2026-01-26T09:30:20","guid":{"rendered":"https:\/\/bergers-schlagerparadies.de\/?p=40882"},"modified":"2026-01-16T11:18:12","modified_gmt":"2026-01-16T10:18:12","slug":"cape-carneval-lift-off-vol-1-cape-carneval-die-stimmungsraketen-album-%c2%b7-bergers-schlagerparadies","status":"publish","type":"post","link":"https:\/\/bergers-schlagerparadies.de\/?p=40882","title":{"rendered":"CAPE CARNEVAL &#8211; Lift-Off Vol. 1 CAPE CARNEVAL &#8211; Die Stimmungsraketen (Album) \u00b7 Berger\u00b4s Schlagerparadies"},"content":{"rendered":"<p><img loading=\"lazy\" decoding=\"async\" class=\"size-full wp-image-40883 alignleft\" src=\"https:\/\/bergers-schlagerparadies.de\/wp-content\/uploads\/2026\/01\/CAPE-CARNEVAL-Lift-Off-Vol.-1.jpeg\" alt=\"\" width=\"200\" height=\"200\" srcset=\"https:\/\/bergers-schlagerparadies.de\/wp-content\/uploads\/2026\/01\/CAPE-CARNEVAL-Lift-Off-Vol.-1.jpeg 200w, https:\/\/bergers-schlagerparadies.de\/wp-content\/uploads\/2026\/01\/CAPE-CARNEVAL-Lift-Off-Vol.-1-150x150.jpeg 150w, https:\/\/bergers-schlagerparadies.de\/wp-content\/uploads\/2026\/01\/CAPE-CARNEVAL-Lift-Off-Vol.-1-100x100.jpeg 100w\" sizes=\"auto, (max-width: 200px) 100vw, 200px\" \/>Op eine Schlaach sechs jecke Daach<br \/>\nWeiberfastnacht am 12. Februar, Rosenmontag am 16. Februar, Aschermittwoch am 18. Februar &#8211; und irgendwo dazwischen verliert wieder halb Deutschland seine Stimme, seinen Schlafrhythmus und gelegentlich den Haust\u00fcrschl\u00fcssel, bevor am Aschermittwoch alles so pl\u00f6tzlich endet, wie es begonnen hat. Und genau daf\u00fcr braucht es Musik, die nicht fragt, sondern befiehlt: Mitsingen. Mittanzen. Mitmachen. Eine Einladung, den Alltag h\u00f6flich vor die T\u00fcr zu bitten \u2013 und die Musik hereinzulassen.<br \/>\n\u201eCape Carneval \u2013 Lift-Off Vol. 1\u201c eignet sich ideal f\u00fcr Radio-Shows rund um Weiberfastnacht und Rosenmontag, f\u00fcr thematische Wochen, Karnevals-Specials, Mitsing-Strecken, DJ-Mixe sowie f\u00fcr Event- und Au\u00dfen\u00fcbertragungen.<\/p>\n<p><span style=\"color: #800000;\"><strong>Quelle: Seychelles Music Walther Kahl e.K.<\/strong><\/span><\/p>\n<p><span style=\"color: #800000;\"><strong>Dieses Album ist ab dem 28.01.2026 auf allen Download- und Streaming-Portalen erh\u00e4ltlich.\u00a0<\/strong><\/span><\/p>\n<p><span style=\"color: #800000;\"><strong>Airdate (f\u00fcr Radiosender): 28.01.2026<\/strong><\/span><\/p>\n","protected":false},"excerpt":{"rendered":"<p>Op eine Schlaach sechs jecke Daach Weiberfastnacht am 12. Februar, Rosenmontag am 16. Februar, Aschermittwoch am 18. Februar &#8211; und irgendwo dazwischen verliert wieder halb Deutschland seine Stimme, seinen Schlafrhythmus und gelegentlich den Haust\u00fcrschl\u00fcssel, bevor am Aschermittwoch alles so pl\u00f6tzlich endet, wie es begonnen hat. Und genau daf\u00fcr braucht es Musik, die nicht fragt, sondern befiehlt: Mitsingen. Mittanzen. Mitmachen. Eine Einladung, den Alltag h\u00f6flich vor die T\u00fcr zu bitten \u2013 und die Musik hereinzulassen. \u201eCape Carneval \u2013 Lift-Off Vol. 1\u201c eignet sich ideal f\u00fcr Radio-Shows rund um Weiberfastnacht und Rosenmontag, f\u00fcr thematische Wochen, Karnevals-Specials, Mitsing-Strecken, DJ-Mixe sowie f\u00fcr Event- und Au\u00dfen\u00fcbertragungen. Quelle: Seychelles Music Walther&#8230;<\/p>\n","protected":false},"author":1,"featured_media":40883,"comment_status":"open","ping_status":"open","sticky":false,"template":"","format":"standard","meta":{"footnotes":""},"categories":[3257,4529],"tags":[4530],"class_list":["post-40882","post","type-post","status-publish","format-standard","has-post-thumbnail","hentry","category-album","category-seychelles-music-walther-kahl-e-k","tag-cape-carneval","wpcat-3257-id","wpcat-4529-id"],"_links":{"self":[{"href":"https:\/\/bergers-schlagerparadies.de\/index.php?rest_route=\/wp\/v2\/posts\/40882","targetHints":{"allow":["GET"]}}],"collection":[{"href":"https:\/\/bergers-schlagerparadies.de\/index.php?rest_route=\/wp\/v2\/posts"}],"about":[{"href":"https:\/\/bergers-schlagerparadies.de\/index.php?rest_route=\/wp\/v2\/types\/post"}],"author":[{"embeddable":true,"href":"https:\/\/bergers-schlagerparadies.de\/index.php?rest_route=\/wp\/v2\/users\/1"}],"replies":[{"embeddable":true,"href":"https:\/\/bergers-schlagerparadies.de\/index.php?rest_route=%2Fwp%2Fv2%2Fcomments&post=40882"}],"version-history":[{"count":1,"href":"https:\/\/bergers-schlagerparadies.de\/index.php?rest_route=\/wp\/v2\/posts\/40882\/revisions"}],"predecessor-version":[{"id":40884,"href":"https:\/\/bergers-schlagerparadies.de\/index.php?rest_route=\/wp\/v2\/posts\/40882\/revisions\/40884"}],"wp:featuredmedia":[{"embeddable":true,"href":"https:\/\/bergers-schlagerparadies.de\/index.php?rest_route=\/wp\/v2\/media\/40883"}],"wp:attachment":[{"href":"https:\/\/bergers-schlagerparadies.de\/index.php?rest_route=%2Fwp%2Fv2%2Fmedia&parent=40882"}],"wp:term":[{"taxonomy":"category","embeddable":true,"href":"https:\/\/bergers-schlagerparadies.de\/index.php?rest_route=%2Fwp%2Fv2%2Fcategories&post=40882"},{"taxonomy":"post_tag","embeddable":true,"href":"https:\/\/bergers-schlagerparadies.de\/index.php?rest_route=%2Fwp%2Fv2%2Ftags&post=40882"}],"curies":[{"name":"wp","href":"https:\/\/api.w.org\/{rel}","templated":true}]}}