{"id":40857,"date":"2026-01-16T10:09:45","date_gmt":"2026-01-16T09:09:45","guid":{"rendered":"https:\/\/bergers-schlagerparadies.de\/?p=40857"},"modified":"2026-01-16T10:09:45","modified_gmt":"2026-01-16T09:09:45","slug":"marko-abend-on-my-way-%c2%b7-bergers-schlagerparadies","status":"publish","type":"post","link":"https:\/\/bergers-schlagerparadies.de\/?p=40857","title":{"rendered":"Marko Abend &#8211; On My Way \u00b7 Berger\u00b4s Schlagerparadies"},"content":{"rendered":"<p><img loading=\"lazy\" decoding=\"async\" class=\"size-medium wp-image-40858 alignleft\" src=\"https:\/\/bergers-schlagerparadies.de\/wp-content\/uploads\/2026\/01\/Marko-Abend-On-My-Way-300x300.jpg\" alt=\"\" width=\"300\" height=\"300\" srcset=\"https:\/\/bergers-schlagerparadies.de\/wp-content\/uploads\/2026\/01\/Marko-Abend-On-My-Way-300x300.jpg 300w, https:\/\/bergers-schlagerparadies.de\/wp-content\/uploads\/2026\/01\/Marko-Abend-On-My-Way-1024x1024.jpg 1024w, https:\/\/bergers-schlagerparadies.de\/wp-content\/uploads\/2026\/01\/Marko-Abend-On-My-Way-150x150.jpg 150w, https:\/\/bergers-schlagerparadies.de\/wp-content\/uploads\/2026\/01\/Marko-Abend-On-My-Way-768x768.jpg 768w, https:\/\/bergers-schlagerparadies.de\/wp-content\/uploads\/2026\/01\/Marko-Abend-On-My-Way-1536x1536.jpg 1536w, https:\/\/bergers-schlagerparadies.de\/wp-content\/uploads\/2026\/01\/Marko-Abend-On-My-Way-2048x2048.jpg 2048w, https:\/\/bergers-schlagerparadies.de\/wp-content\/uploads\/2026\/01\/Marko-Abend-On-My-Way-1200x1200.jpg 1200w, https:\/\/bergers-schlagerparadies.de\/wp-content\/uploads\/2026\/01\/Marko-Abend-On-My-Way-1188x1188.jpg 1188w, https:\/\/bergers-schlagerparadies.de\/wp-content\/uploads\/2026\/01\/Marko-Abend-On-My-Way-100x100.jpg 100w\" sizes=\"auto, (max-width: 300px) 100vw, 300px\" \/>Marko Abend &#8211; On My Way<\/p>\n<p>Der verhinderte ESC Bewerbungs-Song)<\/p>\n<p>Mit Pop-Country auf den Weg machen. Das war der Plan von Marko Abend mit dem neuen Song \u201eOn My Way\u201c. Doch da hat er, wie viele andere K\u00fcnstler auch, die Rechnung dieses Jahr ohne das Erste Deutsche Fernsehen gemacht, die kurzerhand entschieden. Dass es in diesem Jahr keine Bewerbungsm\u00f6glichkeit f\u00fcr das deutsche Finale geben wird. Der Sender m\u00f6chte dieses Jahr selbst Acts vorschlagen.<\/p>\n<p>Somit platzt die ESC-Bewerbung f\u00fcr alle und auch f\u00fcr \u201eDie raue Stimme des Pop-Schlagers\u201c, der sich in den letzten beiden Jahren mit Balladen beworben hatte. Sehr \u00e4rgerlich f\u00fcr alle K\u00fcnstler die Arbeit und Geld in ihre Bewerbungssongs investiert hatten, denn die Entscheidung kam erst, als die Bewerbungsfristen f\u00fcr alle anderen m\u00f6glichen L\u00e4nder bereits beendet waren. Trotzdem nimmt Marko es heiter, sportlich und ohne Groll, denn es wird in den kommenden Jahren noch viele Bewerbungsm\u00f6glichkeiten geben.<\/p>\n<p>Mit dem tanzbaren \u201eOn My Way\u201c verl\u00e4sst er wieder einmal seine Homebase, den Pop-Schlager und steuert mit Tempo auf sein zweites Album zu, dass Ende Februar 2026 erscheinen soll. Aus diesem Grunde erscheinen in den n\u00e4chsten Wochen auch noch einige neue Songs, die auf dem Album vertreten sein werden. Country stand schon immer auf seiner Wunschliste und \u201eOn My Way\u201c wird auf dem Album nicht der einzige bleiben.<\/p>\n<p>Achtung Spoiler: Einen kleinen Seitenhieb hat Marko Abend dann doch noch parat. Denn im Video zum Song, ist ein kleines \u201eESC Easter Egg\u201c versteckt.\u00a0 Wer findet es zuerst?<\/p>\n<p>\u201eOn My Way\u201c wird vom Label ONE4YOU Records ver\u00f6ffentlicht.<\/p>\n<p>Dieser Song ist ab dem 12. Januar 2026 in allen bekannten Onlineshops erh\u00e4ltlich!<\/p>\n<p><span style=\"color: #800000;\"><strong>Quelle: ONE4YOU Records<\/strong><\/span><\/p>\n<p><span style=\"color: #800000;\"><strong>Dieser Song ist ab dem 12.01.2026 auf allen Download- und Streaming-Portalen erh\u00e4ltlich.\u00a0<\/strong><\/span><\/p>\n<p><span style=\"color: #800000;\"><strong>Airdate (f\u00fcr Radiosender): 09.01.2026<\/strong><\/span><\/p>\n","protected":false},"excerpt":{"rendered":"<p>Marko Abend &#8211; On My Way Der verhinderte ESC Bewerbungs-Song) Mit Pop-Country auf den Weg machen. Das war der Plan von Marko Abend mit dem neuen Song \u201eOn My Way\u201c. Doch da hat er, wie viele andere K\u00fcnstler auch, die Rechnung dieses Jahr ohne das Erste Deutsche Fernsehen gemacht, die kurzerhand entschieden. Dass es in diesem Jahr keine Bewerbungsm\u00f6glichkeit f\u00fcr das deutsche Finale geben wird. Der Sender m\u00f6chte dieses Jahr selbst Acts vorschlagen. Somit platzt die ESC-Bewerbung f\u00fcr alle und auch f\u00fcr \u201eDie raue Stimme des Pop-Schlagers\u201c, der sich in den letzten beiden Jahren mit Balladen beworben hatte. Sehr \u00e4rgerlich f\u00fcr alle K\u00fcnstler die Arbeit&#8230;<\/p>\n","protected":false},"author":1,"featured_media":40858,"comment_status":"open","ping_status":"open","sticky":false,"template":"","format":"standard","meta":{"footnotes":""},"categories":[3231,3377,3285],"tags":[1088],"class_list":["post-40857","post","type-post","status-publish","format-standard","has-post-thumbnail","hentry","category-bergers-schlagerparadies","category-one4you-records","category-pop-international","tag-marko-abend","wpcat-3231-id","wpcat-3377-id","wpcat-3285-id"],"_links":{"self":[{"href":"https:\/\/bergers-schlagerparadies.de\/index.php?rest_route=\/wp\/v2\/posts\/40857","targetHints":{"allow":["GET"]}}],"collection":[{"href":"https:\/\/bergers-schlagerparadies.de\/index.php?rest_route=\/wp\/v2\/posts"}],"about":[{"href":"https:\/\/bergers-schlagerparadies.de\/index.php?rest_route=\/wp\/v2\/types\/post"}],"author":[{"embeddable":true,"href":"https:\/\/bergers-schlagerparadies.de\/index.php?rest_route=\/wp\/v2\/users\/1"}],"replies":[{"embeddable":true,"href":"https:\/\/bergers-schlagerparadies.de\/index.php?rest_route=%2Fwp%2Fv2%2Fcomments&post=40857"}],"version-history":[{"count":1,"href":"https:\/\/bergers-schlagerparadies.de\/index.php?rest_route=\/wp\/v2\/posts\/40857\/revisions"}],"predecessor-version":[{"id":40859,"href":"https:\/\/bergers-schlagerparadies.de\/index.php?rest_route=\/wp\/v2\/posts\/40857\/revisions\/40859"}],"wp:featuredmedia":[{"embeddable":true,"href":"https:\/\/bergers-schlagerparadies.de\/index.php?rest_route=\/wp\/v2\/media\/40858"}],"wp:attachment":[{"href":"https:\/\/bergers-schlagerparadies.de\/index.php?rest_route=%2Fwp%2Fv2%2Fmedia&parent=40857"}],"wp:term":[{"taxonomy":"category","embeddable":true,"href":"https:\/\/bergers-schlagerparadies.de\/index.php?rest_route=%2Fwp%2Fv2%2Fcategories&post=40857"},{"taxonomy":"post_tag","embeddable":true,"href":"https:\/\/bergers-schlagerparadies.de\/index.php?rest_route=%2Fwp%2Fv2%2Ftags&post=40857"}],"curies":[{"name":"wp","href":"https:\/\/api.w.org\/{rel}","templated":true}]}}