{"id":40433,"date":"2025-12-15T10:30:38","date_gmt":"2025-12-15T09:30:38","guid":{"rendered":"https:\/\/bergers-schlagerparadies.de\/?p=40433"},"modified":"2025-12-12T00:10:18","modified_gmt":"2025-12-11T23:10:18","slug":"marie-vell-hey-kleiner-prinz-%c2%b7-bergers-schlagerparadies","status":"publish","type":"post","link":"https:\/\/bergers-schlagerparadies.de\/?p=40433","title":{"rendered":"Marie Vell &#8211; Hey, kleiner Prinz \u00b7 Berger\u00b4s Schlagerparadies"},"content":{"rendered":"<p><img loading=\"lazy\" decoding=\"async\" class=\"size-medium wp-image-40434 alignleft\" src=\"https:\/\/bergers-schlagerparadies.de\/wp-content\/uploads\/2025\/12\/Marie-Vell-Hey-kleiner-Prinz-300x300.jpeg\" alt=\"\" width=\"300\" height=\"300\" srcset=\"https:\/\/bergers-schlagerparadies.de\/wp-content\/uploads\/2025\/12\/Marie-Vell-Hey-kleiner-Prinz-300x300.jpeg 300w, https:\/\/bergers-schlagerparadies.de\/wp-content\/uploads\/2025\/12\/Marie-Vell-Hey-kleiner-Prinz-1024x1024.jpeg 1024w, https:\/\/bergers-schlagerparadies.de\/wp-content\/uploads\/2025\/12\/Marie-Vell-Hey-kleiner-Prinz-150x150.jpeg 150w, https:\/\/bergers-schlagerparadies.de\/wp-content\/uploads\/2025\/12\/Marie-Vell-Hey-kleiner-Prinz-768x768.jpeg 768w, https:\/\/bergers-schlagerparadies.de\/wp-content\/uploads\/2025\/12\/Marie-Vell-Hey-kleiner-Prinz-1536x1536.jpeg 1536w, https:\/\/bergers-schlagerparadies.de\/wp-content\/uploads\/2025\/12\/Marie-Vell-Hey-kleiner-Prinz-2048x2048.jpeg 2048w, https:\/\/bergers-schlagerparadies.de\/wp-content\/uploads\/2025\/12\/Marie-Vell-Hey-kleiner-Prinz-1200x1200.jpeg 1200w, https:\/\/bergers-schlagerparadies.de\/wp-content\/uploads\/2025\/12\/Marie-Vell-Hey-kleiner-Prinz-1188x1188.jpeg 1188w, https:\/\/bergers-schlagerparadies.de\/wp-content\/uploads\/2025\/12\/Marie-Vell-Hey-kleiner-Prinz-100x100.jpeg 100w\" sizes=\"auto, (max-width: 300px) 100vw, 300px\" \/>Nach einer gro\u00dfen Karriere, mit zwei erfolgreichen Duetten mit Dr. Maibach, mitrei\u00dfenden Solo-Ver\u00f6ffentlichung wie dem Chartnotierten \u201eHals \u00fcber Kopf\u201c und dem erfolgreichen Re-Release ihres Albums \u201eNein, ich bereue nichts\u201c, l\u00e4utet die Schlager-Legende Marie Vell die besinnliche Jahreszeit mit ihrem gef\u00fchlvollen Pop-Schlager \u201eHey, kleiner Prinz\u201c ein.<br \/>\nMarie Vell, weitgereist und hochausgebildet, blickt auf ein wahrlich aufregendes Leben zur\u00fcck. In Karlsruhe geboren hat sie als Schauspielerin und Moderatorin gearbeitet, re\u00fcssierte als T\u00e4nzerin, Model und Hotelchefin \u2013 und dies weltweit.<br \/>\nMan darf gespannt sein, was die attraktive Powerfrau noch im K\u00f6cher hat.<\/p>\n<p><span style=\"color: #800000;\"><strong>Quelle: Herz7<\/strong><\/span><\/p>\n<p><span style=\"color: #800000;\"><strong>Dieser Song ist ab dem 19.12.2025 auf allen Download- und Streaming-Portalen erh\u00e4ltlich.\u00a0<\/strong><\/span><\/p>\n<p><span style=\"color: #800000;\"><strong>Airdate (f\u00fcr Radiosender): 12.12.2025<\/strong><\/span><\/p>\n","protected":false},"excerpt":{"rendered":"<p>Nach einer gro\u00dfen Karriere, mit zwei erfolgreichen Duetten mit Dr. Maibach, mitrei\u00dfenden Solo-Ver\u00f6ffentlichung wie dem Chartnotierten \u201eHals \u00fcber Kopf\u201c und dem erfolgreichen Re-Release ihres Albums \u201eNein, ich bereue nichts\u201c, l\u00e4utet die Schlager-Legende Marie Vell die besinnliche Jahreszeit mit ihrem gef\u00fchlvollen Pop-Schlager \u201eHey, kleiner Prinz\u201c ein. Marie Vell, weitgereist und hochausgebildet, blickt auf ein wahrlich aufregendes Leben zur\u00fcck. In Karlsruhe geboren hat sie als Schauspielerin und Moderatorin gearbeitet, re\u00fcssierte als T\u00e4nzerin, Model und Hotelchefin \u2013 und dies weltweit. Man darf gespannt sein, was die attraktive Powerfrau noch im K\u00f6cher hat. Quelle: Herz7 Dieser Song ist ab dem 19.12.2025 auf allen Download- und Streaming-Portalen erh\u00e4ltlich.\u00a0 Airdate (f\u00fcr&#8230;<\/p>\n","protected":false},"author":1,"featured_media":40434,"comment_status":"open","ping_status":"open","sticky":false,"template":"","format":"standard","meta":{"footnotes":""},"categories":[3231,3255,3451,2],"tags":[515],"class_list":["post-40433","post","type-post","status-publish","format-standard","has-post-thumbnail","hentry","category-bergers-schlagerparadies","category-deutsch","category-herz7","category-schlager","tag-marie-vell","wpcat-3231-id","wpcat-3255-id","wpcat-3451-id","wpcat-2-id"],"_links":{"self":[{"href":"https:\/\/bergers-schlagerparadies.de\/index.php?rest_route=\/wp\/v2\/posts\/40433","targetHints":{"allow":["GET"]}}],"collection":[{"href":"https:\/\/bergers-schlagerparadies.de\/index.php?rest_route=\/wp\/v2\/posts"}],"about":[{"href":"https:\/\/bergers-schlagerparadies.de\/index.php?rest_route=\/wp\/v2\/types\/post"}],"author":[{"embeddable":true,"href":"https:\/\/bergers-schlagerparadies.de\/index.php?rest_route=\/wp\/v2\/users\/1"}],"replies":[{"embeddable":true,"href":"https:\/\/bergers-schlagerparadies.de\/index.php?rest_route=%2Fwp%2Fv2%2Fcomments&post=40433"}],"version-history":[{"count":1,"href":"https:\/\/bergers-schlagerparadies.de\/index.php?rest_route=\/wp\/v2\/posts\/40433\/revisions"}],"predecessor-version":[{"id":40435,"href":"https:\/\/bergers-schlagerparadies.de\/index.php?rest_route=\/wp\/v2\/posts\/40433\/revisions\/40435"}],"wp:featuredmedia":[{"embeddable":true,"href":"https:\/\/bergers-schlagerparadies.de\/index.php?rest_route=\/wp\/v2\/media\/40434"}],"wp:attachment":[{"href":"https:\/\/bergers-schlagerparadies.de\/index.php?rest_route=%2Fwp%2Fv2%2Fmedia&parent=40433"}],"wp:term":[{"taxonomy":"category","embeddable":true,"href":"https:\/\/bergers-schlagerparadies.de\/index.php?rest_route=%2Fwp%2Fv2%2Fcategories&post=40433"},{"taxonomy":"post_tag","embeddable":true,"href":"https:\/\/bergers-schlagerparadies.de\/index.php?rest_route=%2Fwp%2Fv2%2Ftags&post=40433"}],"curies":[{"name":"wp","href":"https:\/\/api.w.org\/{rel}","templated":true}]}}