{"id":4034,"date":"2021-05-01T10:50:37","date_gmt":"2021-05-01T08:50:37","guid":{"rendered":"http:\/\/bergers-schlagerparadies.de\/?p=4034"},"modified":"2021-05-01T10:50:37","modified_gmt":"2021-05-01T08:50:37","slug":"lou-bega-buena-macarena-bergers-schlagerparadies","status":"publish","type":"post","link":"https:\/\/bergers-schlagerparadies.de\/?p=4034","title":{"rendered":"Lou Bega &#8211; Buena Macarena | Berger\u00b4s Schlagerparadies"},"content":{"rendered":"<h3><img loading=\"lazy\" decoding=\"async\" class=\"size-medium wp-image-4036 alignleft\" src=\"https:\/\/bergers-schlagerparadies.de\/wp-content\/uploads\/2021\/05\/Lou-Bega-Buena-Macarena-300x300.jpg\" alt=\"\" width=\"300\" height=\"300\" srcset=\"https:\/\/bergers-schlagerparadies.de\/wp-content\/uploads\/2021\/05\/Lou-Bega-Buena-Macarena-300x300.jpg 300w, https:\/\/bergers-schlagerparadies.de\/wp-content\/uploads\/2021\/05\/Lou-Bega-Buena-Macarena-150x150.jpg 150w, https:\/\/bergers-schlagerparadies.de\/wp-content\/uploads\/2021\/05\/Lou-Bega-Buena-Macarena-100x100.jpg 100w, https:\/\/bergers-schlagerparadies.de\/wp-content\/uploads\/2021\/05\/Lou-Bega-Buena-Macarena.jpg 580w\" sizes=\"auto, (max-width: 300px) 100vw, 300px\" \/>Lou Bega: Mr \u201eMambo No. 5\u201c covert jetzt \u201eMacarena\u201c<\/h3>\n<p class=\"excerpt\">Er hat die musikalische Landschaft der Sp\u00e4tneunziger gepr\u00e4gt und in Bewegung gebracht wie kaum ein anderer \u2013 und meldet sich dieser Tage zur\u00fcck, um an die Sorglosigkeit und Lebensfreude jener Tage anzukn\u00fcpfen: Lou Bega hat soeben sein neues Album angek\u00fcndigt: Eine Zeitreise in die Nineties!<\/p>\n<p>Bevor er jedoch das komplette Neunziger-Hitfeuerwerk z\u00fcndet, beginnt\u00a0Lou Bega\u00a0den Fr\u00fchsommer mit einem ikonischen Tanz-Auftakt: Die erste Single daraus hei\u00dft \u201eBuena Macarena\u201c. Der stets gut gelaunte Spezialist f\u00fcr ikonische T\u00e4nze feiert damit nicht nur das 25-j\u00e4hrige Jubil\u00e4um dieses Welthits, sondern liefert auch den Soundtrack f\u00fcr die ersten warmen Tage des Jahres.<\/p>\n<h2>So klingt \u201eMacarena\u201c 25 Jahre sp\u00e4ter<\/h2>\n<p>Tats\u00e4chlich war 1996 zun\u00e4chst ein ungew\u00f6hnlich kaltes Jahr. Nach einer kurzen Hitzewelle von Ende Mai bis Anfang Juni blieb es wochenlang lang eher k\u00fchl. Auch der Soul\/Hip-Hop-Sound aus den Charts konnte daran nichts \u00e4ndern. Aber das Blatt wendete sich, der Sommer drang aus dem S\u00fcden doch noch bis zu uns vor, und dieses klangliche Hoch \u00fcberrollte alles:<\/p>\n<p>Der Song \u201eMacarena\u201c von Los del R\u00edo war die Art von Sommerhit, die nicht nur in Deutschland, \u00d6sterreich und der Schweiz zeitgleich die Spitzenposition erreichte, sondern sich dort auch wie ein Dauerhochdruckgebiet festsetzte.<\/p>\n<h2>Ein hei\u00dfer Sommer<\/h2>\n<p>Bei 37 Wochen in den Charts und vergleichbaren Hitzerekorden auf den Dancefloors von Flens- bis Johannesburg, konnte von gef\u00fchltem Winter und Herbst auch in den Monaten danach kaum die Rede sein. In den USA waren es schlie\u00dflich gleich 14 Wochen auf Platz 1.<\/p>\n<p>Ziemlich genau ein Vierteljahrhundert nach der besagten Hit(ze)welle kn\u00fcpft Lou Bega nun an diesen besonderen Sommer an: Sein Update \u201eBuena Macarena\u201c verspr\u00fcht dieselbe unwiderstehliche Energie, klingt dazu aber noch druckvoller, weil 100% zeitgen\u00f6ssisch produziert. Kein Wunder, schlie\u00dflich wusste der M\u00fcnchener schon immer, wie man Tanzbares noch tanzbarer macht.<\/p>\n<div id=\"mvH-96ly_4o\" class=\"YThoder\">\n<div class=\"YTplay\">\n<h2>Zwischen Lebenslust und Lebensfreude<\/h2>\n<p>Sein \u201eMambo No. 5\u201c war damals genau genommen ein Update zum 50. Jubil\u00e4um des gleichnamigen Mambo-Vorl\u00e4ufers \u2013 und zuletzt war\u2019s der Scat-Sound des\u00a0Scatman, den er zu \u201eScatman &amp; Hatman\u201c erweitern sollte. F\u00fcr den Latin-Spezialist war somit ein \u201eMacarena\u201c-Update l\u00e4ngst \u00fcberf\u00e4llig\u2026<\/p>\n<p>W\u00e4hrend der ultrasommerliche Schwung von \u201eBuena Macarena\u201c dieses Mal auch dank Producer Roland Spremberg (u.a. a-ha,\u00a0Ville Valo, Natalia Avelon) direkt in die H\u00fcften geht, setzt Lou Bega in den Strophen auf englische Zeilen, die sich nur teilweise mit dem Original decken, um sich im Refrain nat\u00fcrlich die \u201ealegr\u00eda\u201c \u2013 die Latin-Lebenslust und Lebensfreude \u2013 auf die Fahne zu schreiben!<\/p>\n<p>Nachdem Spremberg und Bega schon \u201eScatman &amp; Hatman\u201c zusammen aufgenommen hatten, was ihnen sofort Top-Platzierungen in den iTunes-Charts und Streams in Millionenh\u00f6he bescherte, sind die beiden zuletzt ganz tief in die Hitgeschichte der Neunziger eingetaucht: F\u00fcrs kommende Studioalbum haben sie etliche Klassiker ausgew\u00e4hlt, zu denen man ehrlich gesagt viel zu lange nicht getanzt hat.<\/p>\n<\/div>\n<\/div>\n<p><iframe style=\"width: 120px; height: 240px;\" src=\"\/\/ws-eu.amazon-adsystem.com\/widgets\/q?ServiceVersion=20070822&amp;OneJS=1&amp;Operation=GetAdHtml&amp;MarketPlace=DE&amp;source=ss&amp;ref=as_ss_li_til&amp;ad_type=product_link&amp;tracking_id=bergers-21&amp;language=de_DE&amp;marketplace=amazon&amp;region=DE&amp;placement=B093B3V5F4&amp;asins=B093B3V5F4&amp;linkId=123164eb56e2d7f9ecddb132e94b1c06&amp;show_border=true&amp;link_opens_in_new_window=true\" frameborder=\"0\" marginwidth=\"0\" marginheight=\"0\" scrolling=\"no\"><\/iframe><\/p>\n","protected":false},"excerpt":{"rendered":"<p>Lou Bega: Mr \u201eMambo No. 5\u201c covert jetzt \u201eMacarena\u201c Er hat die musikalische Landschaft der Sp\u00e4tneunziger gepr\u00e4gt und in Bewegung gebracht wie kaum ein anderer \u2013 und meldet sich dieser Tage zur\u00fcck, um an die Sorglosigkeit und Lebensfreude jener Tage anzukn\u00fcpfen: Lou Bega hat soeben sein neues Album angek\u00fcndigt: Eine Zeitreise in die Nineties! Bevor er jedoch das komplette Neunziger-Hitfeuerwerk z\u00fcndet, beginnt\u00a0Lou Bega\u00a0den Fr\u00fchsommer mit einem ikonischen Tanz-Auftakt: Die erste Single daraus hei\u00dft \u201eBuena Macarena\u201c. Der stets gut gelaunte Spezialist f\u00fcr ikonische T\u00e4nze feiert damit nicht nur das 25-j\u00e4hrige Jubil\u00e4um dieses Welthits, sondern liefert auch den Soundtrack f\u00fcr die ersten warmen Tage des Jahres. So&#8230;<\/p>\n","protected":false},"author":1,"featured_media":4036,"comment_status":"open","ping_status":"open","sticky":false,"template":"","format":"standard","meta":{"footnotes":""},"categories":[2],"tags":[546],"class_list":["post-4034","post","type-post","status-publish","format-standard","has-post-thumbnail","hentry","category-schlager","tag-lou-bega","wpcat-2-id"],"_links":{"self":[{"href":"https:\/\/bergers-schlagerparadies.de\/index.php?rest_route=\/wp\/v2\/posts\/4034","targetHints":{"allow":["GET"]}}],"collection":[{"href":"https:\/\/bergers-schlagerparadies.de\/index.php?rest_route=\/wp\/v2\/posts"}],"about":[{"href":"https:\/\/bergers-schlagerparadies.de\/index.php?rest_route=\/wp\/v2\/types\/post"}],"author":[{"embeddable":true,"href":"https:\/\/bergers-schlagerparadies.de\/index.php?rest_route=\/wp\/v2\/users\/1"}],"replies":[{"embeddable":true,"href":"https:\/\/bergers-schlagerparadies.de\/index.php?rest_route=%2Fwp%2Fv2%2Fcomments&post=4034"}],"version-history":[{"count":1,"href":"https:\/\/bergers-schlagerparadies.de\/index.php?rest_route=\/wp\/v2\/posts\/4034\/revisions"}],"predecessor-version":[{"id":4037,"href":"https:\/\/bergers-schlagerparadies.de\/index.php?rest_route=\/wp\/v2\/posts\/4034\/revisions\/4037"}],"wp:featuredmedia":[{"embeddable":true,"href":"https:\/\/bergers-schlagerparadies.de\/index.php?rest_route=\/wp\/v2\/media\/4036"}],"wp:attachment":[{"href":"https:\/\/bergers-schlagerparadies.de\/index.php?rest_route=%2Fwp%2Fv2%2Fmedia&parent=4034"}],"wp:term":[{"taxonomy":"category","embeddable":true,"href":"https:\/\/bergers-schlagerparadies.de\/index.php?rest_route=%2Fwp%2Fv2%2Fcategories&post=4034"},{"taxonomy":"post_tag","embeddable":true,"href":"https:\/\/bergers-schlagerparadies.de\/index.php?rest_route=%2Fwp%2Fv2%2Ftags&post=4034"}],"curies":[{"name":"wp","href":"https:\/\/api.w.org\/{rel}","templated":true}]}}