{"id":40287,"date":"2025-12-03T00:03:13","date_gmt":"2025-12-02T23:03:13","guid":{"rendered":"https:\/\/bergers-schlagerparadies.de\/?p=40287"},"modified":"2025-12-03T00:03:13","modified_gmt":"2025-12-02T23:03:13","slug":"stefanie-hertel-an-das-postamt-wolke-7-%c2%b7-bergers-schlagerparadies","status":"publish","type":"post","link":"https:\/\/bergers-schlagerparadies.de\/?p=40287","title":{"rendered":"Stefanie Hertel &#8211; An das Postamt Wolke 7 \u00b7 Berger\u00b4s Schlagerparadies"},"content":{"rendered":"<p><img loading=\"lazy\" decoding=\"async\" class=\"size-medium wp-image-40288 alignleft\" src=\"https:\/\/bergers-schlagerparadies.de\/wp-content\/uploads\/2025\/12\/Stefanie-Hertel-An-das-Postamt-Wolke-7-300x300.jpeg\" alt=\"\" width=\"300\" height=\"300\" srcset=\"https:\/\/bergers-schlagerparadies.de\/wp-content\/uploads\/2025\/12\/Stefanie-Hertel-An-das-Postamt-Wolke-7-300x300.jpeg 300w, https:\/\/bergers-schlagerparadies.de\/wp-content\/uploads\/2025\/12\/Stefanie-Hertel-An-das-Postamt-Wolke-7-1024x1024.jpeg 1024w, https:\/\/bergers-schlagerparadies.de\/wp-content\/uploads\/2025\/12\/Stefanie-Hertel-An-das-Postamt-Wolke-7-150x150.jpeg 150w, https:\/\/bergers-schlagerparadies.de\/wp-content\/uploads\/2025\/12\/Stefanie-Hertel-An-das-Postamt-Wolke-7-768x768.jpeg 768w, https:\/\/bergers-schlagerparadies.de\/wp-content\/uploads\/2025\/12\/Stefanie-Hertel-An-das-Postamt-Wolke-7-1536x1536.jpeg 1536w, https:\/\/bergers-schlagerparadies.de\/wp-content\/uploads\/2025\/12\/Stefanie-Hertel-An-das-Postamt-Wolke-7-2048x2048.jpeg 2048w, https:\/\/bergers-schlagerparadies.de\/wp-content\/uploads\/2025\/12\/Stefanie-Hertel-An-das-Postamt-Wolke-7-1200x1200.jpeg 1200w, https:\/\/bergers-schlagerparadies.de\/wp-content\/uploads\/2025\/12\/Stefanie-Hertel-An-das-Postamt-Wolke-7-1188x1188.jpeg 1188w, https:\/\/bergers-schlagerparadies.de\/wp-content\/uploads\/2025\/12\/Stefanie-Hertel-An-das-Postamt-Wolke-7-100x100.jpeg 100w\" sizes=\"auto, (max-width: 300px) 100vw, 300px\" \/>Es gibt Lieder, die bleiben \u2013 irgendwo zwischen Kindheitserinnerung und Herzensw\u00e4rme, zwischen Schneeflocken und Kerzenschein. Stefanie Hertel haucht einem dieser unverg\u00e4nglichen St\u00fccke nun neues Leben ein: \u201eAn das Postamt Wolke 7\u201c \u2013 ein Song, der schon einst ihre zarte, junge Stimme in den Mittelpunkt stellte und heute in neuem Glanz erstrahlt.<\/p>\n<p>In dieser neuen Version gelingt es Stefanie Hertel, Vergangenes und Gegenw\u00e4rtiges miteinander zu verweben \u2013 mit zarten winterlichen Arrangements und einer ber\u00fchrenden Interpretation. Nachdem die S\u00e4ngerin bereits im Sommer ein gro\u00dfes Solo-Comeback beim \u201eSchlagerbooom\u201c feierte und im Oktober mit ihrem neuen Album ihr beeindruckendes 40-j\u00e4hriges TV-Jubil\u00e4um kr\u00f6nte, entf\u00fchrt sie uns nun in ein kleines, musikalisches Weihnachtswunder.<\/p>\n<p><span style=\"color: #800000;\"><strong>Quelle: VIA Music Germany<\/strong><\/span><\/p>\n<p><span style=\"color: #800000;\"><strong>Dieser Song ist ab dem 21.11.2025 auf allen Download- und Streaming-Portalen erh\u00e4ltlich.\u00a0<\/strong><\/span><\/p>\n<p><span style=\"color: #800000;\"><strong>Airdate (f\u00fcr Radiosender): 21.11.2025<\/strong><\/span><\/p>\n","protected":false},"excerpt":{"rendered":"<p>Es gibt Lieder, die bleiben \u2013 irgendwo zwischen Kindheitserinnerung und Herzensw\u00e4rme, zwischen Schneeflocken und Kerzenschein. Stefanie Hertel haucht einem dieser unverg\u00e4nglichen St\u00fccke nun neues Leben ein: \u201eAn das Postamt Wolke 7\u201c \u2013 ein Song, der schon einst ihre zarte, junge Stimme in den Mittelpunkt stellte und heute in neuem Glanz erstrahlt. In dieser neuen Version gelingt es Stefanie Hertel, Vergangenes und Gegenw\u00e4rtiges miteinander zu verweben \u2013 mit zarten winterlichen Arrangements und einer ber\u00fchrenden Interpretation. Nachdem die S\u00e4ngerin bereits im Sommer ein gro\u00dfes Solo-Comeback beim \u201eSchlagerbooom\u201c feierte und im Oktober mit ihrem neuen Album ihr beeindruckendes 40-j\u00e4hriges TV-Jubil\u00e4um kr\u00f6nte, entf\u00fchrt sie uns nun in ein kleines,&#8230;<\/p>\n","protected":false},"author":1,"featured_media":40288,"comment_status":"open","ping_status":"open","sticky":false,"template":"","format":"standard","meta":{"footnotes":""},"categories":[3231,2,4437,3234,3290],"tags":[670],"class_list":["post-40287","post","type-post","status-publish","format-standard","has-post-thumbnail","hentry","category-bergers-schlagerparadies","category-schlager","category-via-music-germany","category-weihnachten","category-weihnachtslieder","tag-stefanie-hertel","wpcat-3231-id","wpcat-2-id","wpcat-4437-id","wpcat-3234-id","wpcat-3290-id"],"_links":{"self":[{"href":"https:\/\/bergers-schlagerparadies.de\/index.php?rest_route=\/wp\/v2\/posts\/40287","targetHints":{"allow":["GET"]}}],"collection":[{"href":"https:\/\/bergers-schlagerparadies.de\/index.php?rest_route=\/wp\/v2\/posts"}],"about":[{"href":"https:\/\/bergers-schlagerparadies.de\/index.php?rest_route=\/wp\/v2\/types\/post"}],"author":[{"embeddable":true,"href":"https:\/\/bergers-schlagerparadies.de\/index.php?rest_route=\/wp\/v2\/users\/1"}],"replies":[{"embeddable":true,"href":"https:\/\/bergers-schlagerparadies.de\/index.php?rest_route=%2Fwp%2Fv2%2Fcomments&post=40287"}],"version-history":[{"count":1,"href":"https:\/\/bergers-schlagerparadies.de\/index.php?rest_route=\/wp\/v2\/posts\/40287\/revisions"}],"predecessor-version":[{"id":40289,"href":"https:\/\/bergers-schlagerparadies.de\/index.php?rest_route=\/wp\/v2\/posts\/40287\/revisions\/40289"}],"wp:featuredmedia":[{"embeddable":true,"href":"https:\/\/bergers-schlagerparadies.de\/index.php?rest_route=\/wp\/v2\/media\/40288"}],"wp:attachment":[{"href":"https:\/\/bergers-schlagerparadies.de\/index.php?rest_route=%2Fwp%2Fv2%2Fmedia&parent=40287"}],"wp:term":[{"taxonomy":"category","embeddable":true,"href":"https:\/\/bergers-schlagerparadies.de\/index.php?rest_route=%2Fwp%2Fv2%2Fcategories&post=40287"},{"taxonomy":"post_tag","embeddable":true,"href":"https:\/\/bergers-schlagerparadies.de\/index.php?rest_route=%2Fwp%2Fv2%2Ftags&post=40287"}],"curies":[{"name":"wp","href":"https:\/\/api.w.org\/{rel}","templated":true}]}}