{"id":40189,"date":"2025-11-28T00:31:44","date_gmt":"2025-11-27T23:31:44","guid":{"rendered":"https:\/\/bergers-schlagerparadies.de\/?p=40189"},"modified":"2025-11-28T00:31:44","modified_gmt":"2025-11-27T23:31:44","slug":"aline-spach-weihnacht-lebt-quand-sen-vient-noel-%c2%b7-bergers-schlagerparadies","status":"publish","type":"post","link":"https:\/\/bergers-schlagerparadies.de\/?p=40189","title":{"rendered":"Aline Spach &#8211; Weihnacht lebt &#8211; Quand s&#8217;en vient Noe\u0308l \u00b7 Berger\u00b4s Schlagerparadies"},"content":{"rendered":"<p><img loading=\"lazy\" decoding=\"async\" class=\"size-medium wp-image-40190 alignleft\" src=\"https:\/\/bergers-schlagerparadies.de\/wp-content\/uploads\/2025\/11\/Aline-Spach-Weihnacht-lebt-Quand-sen-vient-Noel-300x300.jpeg\" alt=\"\" width=\"300\" height=\"300\" srcset=\"https:\/\/bergers-schlagerparadies.de\/wp-content\/uploads\/2025\/11\/Aline-Spach-Weihnacht-lebt-Quand-sen-vient-Noel-300x300.jpeg 300w, https:\/\/bergers-schlagerparadies.de\/wp-content\/uploads\/2025\/11\/Aline-Spach-Weihnacht-lebt-Quand-sen-vient-Noel-1024x1024.jpeg 1024w, https:\/\/bergers-schlagerparadies.de\/wp-content\/uploads\/2025\/11\/Aline-Spach-Weihnacht-lebt-Quand-sen-vient-Noel-150x150.jpeg 150w, https:\/\/bergers-schlagerparadies.de\/wp-content\/uploads\/2025\/11\/Aline-Spach-Weihnacht-lebt-Quand-sen-vient-Noel-768x768.jpeg 768w, https:\/\/bergers-schlagerparadies.de\/wp-content\/uploads\/2025\/11\/Aline-Spach-Weihnacht-lebt-Quand-sen-vient-Noel-1188x1188.jpeg 1188w, https:\/\/bergers-schlagerparadies.de\/wp-content\/uploads\/2025\/11\/Aline-Spach-Weihnacht-lebt-Quand-sen-vient-Noel-100x100.jpeg 100w, https:\/\/bergers-schlagerparadies.de\/wp-content\/uploads\/2025\/11\/Aline-Spach-Weihnacht-lebt-Quand-sen-vient-Noel.jpeg 1200w\" sizes=\"auto, (max-width: 300px) 100vw, 300px\" \/>Mit \u201eWeihnacht lebt \u2013 Quand s\u2019en vient No\u00ebl\u201c meldet sich die junge Newcomerin Aline Spach<br \/>\nnach ihrem erfolgreichen Album \u201eKonfettiregen\u201c eindrucksvoll zur\u00fcck. Bereits mit der<br \/>\nVer\u00f6ffentlichung des Albums konnte die sympathische S\u00e4ngerin gro\u00dfe Aufmerksamkeit auf sich<br \/>\nziehen und bewies, dass sie zu den spannendsten neuen Stimmen der Schlagerszene z\u00e4hlt. Nun<br \/>\npr\u00e4sentiert sie mit ihrer neuen Single eine gef\u00fchlvolle Weihnachtsballade, die die Magie dieser<br \/>\nbesonderen Zeit auf wundervolle Weise einf\u00e4ngt und das Fest der Liebe mit all seinen Facetten<br \/>\nzelebriert.<br \/>\nDer Song ist eine Hommage an das, was Weihnachten ausmacht \u2013 an das Gef\u00fchl von Frieden,<br \/>\nGeborgenheit und Zusammenhalt. Mit harmonischen Melodien, sanften Winterkl\u00e4ngen und ihrer<br \/>\nklaren, emotionalen Stimme entf\u00fchrt uns Aline Spach in eine Welt voller W\u00e4rme, Glanz und<br \/>\nHerzensn\u00e4he. \u201eWeihnacht lebt \u2013 Quand s\u2019en vient No\u00ebl\u201c vereint dabei klassische<br \/>\nWeihnachtselemente mit modernen Pop- und Schlagerkl\u00e4ngen und schafft so eine festliche<br \/>\nStimmung zwischen W\u00e4rme und Sehnsucht, die ber\u00fchrt und zugleich zum Tr\u00e4umen einl\u00e4dt.<br \/>\nEin besonderes Highlight ist die Verbindung zweier Sprachen: Aline singt auf Deutsch und<br \/>\nFranz\u00f6sisch \u2013 ein Bekenntnis zu ihren Wurzeln und ein musikalisches Symbol f\u00fcr die Verbindung<br \/>\nzweier Kulturen, die sie mit Leidenschaft in sich tr\u00e4gt. So verschmelzen franz\u00f6sische Eleganz<br \/>\nund deutscher Gef\u00fchlsschlager zu einem einzigartigen Klangbild, das unter die Haut geht und<br \/>\nBr\u00fccken baut \u2013 zwischen L\u00e4ndern, Menschen und Herzen.<br \/>\nMit dieser Single zeigt Aline Spach einmal mehr ihr besonderes Gesp\u00fcr f\u00fcr Emotionen,<br \/>\nAuthentizit\u00e4t und musikalische Feinheit. \u201eWeihnacht lebt \u2013 Quand s\u2019en vient No\u00ebl\u201c ist ein Lied<br \/>\nvoller Glanz und Herz \u2013 ein liebevoller Soundtrack f\u00fcr die sch\u00f6nste Zeit des Jahres und eine<br \/>\nBallade, die den Zauber der Weihnacht wieder lebendig werden l\u00e4sst \u2013 leise, glitzernd und voller<br \/>\nLiebe.<\/p>\n<p><span style=\"color: #800000;\"><strong>Quelle: AVA Music Entertainment Germany<\/strong><\/span><\/p>\n<p><span style=\"color: #800000;\"><strong>Dieser Song ist ab dem 28.11.2025 auf allen Download- und Streaming-Portalen erh\u00e4ltlich.\u00a0<\/strong><\/span><\/p>\n<p><span style=\"color: #800000;\"><strong>Airdate (f\u00fcr Radiosender): 28.11.2025<\/strong><\/span><\/p>\n","protected":false},"excerpt":{"rendered":"<p>Mit \u201eWeihnacht lebt \u2013 Quand s\u2019en vient No\u00ebl\u201c meldet sich die junge Newcomerin Aline Spach nach ihrem erfolgreichen Album \u201eKonfettiregen\u201c eindrucksvoll zur\u00fcck. Bereits mit der Ver\u00f6ffentlichung des Albums konnte die sympathische S\u00e4ngerin gro\u00dfe Aufmerksamkeit auf sich ziehen und bewies, dass sie zu den spannendsten neuen Stimmen der Schlagerszene z\u00e4hlt. Nun pr\u00e4sentiert sie mit ihrer neuen Single eine gef\u00fchlvolle Weihnachtsballade, die die Magie dieser besonderen Zeit auf wundervolle Weise einf\u00e4ngt und das Fest der Liebe mit all seinen Facetten zelebriert. Der Song ist eine Hommage an das, was Weihnachten ausmacht \u2013 an das Gef\u00fchl von Frieden, Geborgenheit und Zusammenhalt. Mit harmonischen Melodien, sanften Winterkl\u00e4ngen und ihrer&#8230;<\/p>\n","protected":false},"author":1,"featured_media":40190,"comment_status":"open","ping_status":"open","sticky":false,"template":"","format":"standard","meta":{"footnotes":""},"categories":[4451,3231,2,3234,3290],"tags":[2940],"class_list":["post-40189","post","type-post","status-publish","format-standard","has-post-thumbnail","hentry","category-ava-music-entertainment-germany","category-bergers-schlagerparadies","category-schlager","category-weihnachten","category-weihnachtslieder","tag-aline-spach","wpcat-4451-id","wpcat-3231-id","wpcat-2-id","wpcat-3234-id","wpcat-3290-id"],"_links":{"self":[{"href":"https:\/\/bergers-schlagerparadies.de\/index.php?rest_route=\/wp\/v2\/posts\/40189","targetHints":{"allow":["GET"]}}],"collection":[{"href":"https:\/\/bergers-schlagerparadies.de\/index.php?rest_route=\/wp\/v2\/posts"}],"about":[{"href":"https:\/\/bergers-schlagerparadies.de\/index.php?rest_route=\/wp\/v2\/types\/post"}],"author":[{"embeddable":true,"href":"https:\/\/bergers-schlagerparadies.de\/index.php?rest_route=\/wp\/v2\/users\/1"}],"replies":[{"embeddable":true,"href":"https:\/\/bergers-schlagerparadies.de\/index.php?rest_route=%2Fwp%2Fv2%2Fcomments&post=40189"}],"version-history":[{"count":1,"href":"https:\/\/bergers-schlagerparadies.de\/index.php?rest_route=\/wp\/v2\/posts\/40189\/revisions"}],"predecessor-version":[{"id":40191,"href":"https:\/\/bergers-schlagerparadies.de\/index.php?rest_route=\/wp\/v2\/posts\/40189\/revisions\/40191"}],"wp:featuredmedia":[{"embeddable":true,"href":"https:\/\/bergers-schlagerparadies.de\/index.php?rest_route=\/wp\/v2\/media\/40190"}],"wp:attachment":[{"href":"https:\/\/bergers-schlagerparadies.de\/index.php?rest_route=%2Fwp%2Fv2%2Fmedia&parent=40189"}],"wp:term":[{"taxonomy":"category","embeddable":true,"href":"https:\/\/bergers-schlagerparadies.de\/index.php?rest_route=%2Fwp%2Fv2%2Fcategories&post=40189"},{"taxonomy":"post_tag","embeddable":true,"href":"https:\/\/bergers-schlagerparadies.de\/index.php?rest_route=%2Fwp%2Fv2%2Ftags&post=40189"}],"curies":[{"name":"wp","href":"https:\/\/api.w.org\/{rel}","templated":true}]}}